{"id":7664,"date":"2011-11-13T10:00:06","date_gmt":"2011-11-13T09:00:06","guid":{"rendered":"http:\/\/blog.zeit.de\/zeit-der-leser\/?p=7664"},"modified":"2011-11-10T14:53:37","modified_gmt":"2011-11-10T13:53:37","slug":"wiedergefunden-ii-die-zollerklarung","status":"publish","type":"post","link":"https:\/\/blog.zeit.de\/zeit-der-leser\/2011\/11\/13\/wiedergefunden-ii-die-zollerklarung\/","title":{"rendered":"Wiedergefunden II: Die Zollerkl\u00e4rung"},"content":{"rendered":"<p><a href=\"https:\/\/blog.zeit.de\/zeit-der-leser\/files\/2011\/11\/s90-wiedergefunden-2-1.jpg\"><img loading=\"lazy\" decoding=\"async\" class=\"aligncenter size-full wp-image-7704\" src=\"https:\/\/blog.zeit.de\/zeit-der-leser\/files\/2011\/11\/s90-wiedergefunden-2-1.jpg\" alt=\"\" width=\"180\" height=\"236\" \/><\/a><br \/>\nAls wir k\u00fcrzlich Fotoalben und Tageb\u00fccher durchforsteten, fanden wir \u2013 fast genau 30 Jahre nach seiner Ausstellung \u2013 das angegilbte Formular ZV 265 vom 6. November 1981, die \u00bbErkl\u00e4rung u\u0308ber mitgef\u00fchrte Gegenst\u00e4nde und Zahlungsmittel \u00ab. Es auszuf\u00fcllen war Pflicht\u00a0 fu\u0308r jeden Erwachsenen beim Grenz\u00fcbertritt in die DDR. Heute am\u00fcsieren mich \u00bb2 Erdn\u00fcsse \u00ab (nat\u00fcrlich waren zwei T\u00fcten gemeint) und die Wichtigkeit von \u00bbWaschpulver 4,5 kg\u00ab, \u00bb1 kg Kaffee\u00ab und \u00bbBananen 3 kg\u00ab. Das brachten wir den Freunden mit, die wir im Eichsfeld besuchten. Gut, dass heute, 30 Jahre sp\u00e4ter und 22 Jahre nach dem Fall der Mauer, zumindest an solchen Dingen kein Mangel mehr herrscht.<\/p>\n<p><em>Meike Kru\u0308ger, Essen<\/em><\/p>\n","protected":false},"excerpt":{"rendered":"<p>Als wir k\u00fcrzlich Fotoalben und Tageb\u00fccher durchforsteten, fanden wir \u2013 fast genau 30 Jahre nach seiner Ausstellung \u2013 das angegilbte Formular ZV 265 vom 6. November 1981, die \u00bbErkl\u00e4rung u\u0308ber mitgef\u00fchrte Gegenst\u00e4nde und Zahlungsmittel \u00ab. Es auszuf\u00fcllen war Pflicht\u00a0 fu\u0308r jeden Erwachsenen beim Grenz\u00fcbertritt in die DDR. Heute am\u00fcsieren mich \u00bb2 Erdn\u00fcsse \u00ab (nat\u00fcrlich waren [&hellip;]<\/p>\n","protected":false},"author":265,"featured_media":0,"comment_status":"open","ping_status":"open","sticky":false,"template":"","format":"standard","meta":{"_jetpack_memberships_contains_paid_content":false,"footnotes":""},"categories":[1876],"tags":[],"class_list":["post-7664","post","type-post","status-publish","format-standard","hentry","category-wiedergefunden"],"yoast_head":"<!-- This site is optimized with the Yoast SEO plugin v21.0 - https:\/\/yoast.com\/wordpress\/plugins\/seo\/ -->\n<title>Wiedergefunden II: Die Zollerkl\u00e4rung - ZEIT der Leser<\/title>\n<meta name=\"robots\" content=\"index, follow, max-snippet:-1, max-image-preview:large, max-video-preview:-1\" \/>\n<link rel=\"canonical\" href=\"https:\/\/blog.zeit.de\/zeit-der-leser\/2011\/11\/13\/wiedergefunden-ii-die-zollerklarung\/\" \/>\n<meta property=\"og:locale\" content=\"de_DE\" \/>\n<meta property=\"og:type\" content=\"article\" \/>\n<meta property=\"og:title\" content=\"Wiedergefunden II: Die Zollerkl\u00e4rung - ZEIT der Leser\" \/>\n<meta property=\"og:description\" content=\"Als wir k\u00fcrzlich Fotoalben und Tageb\u00fccher durchforsteten, fanden wir \u2013 fast genau 30 Jahre nach seiner Ausstellung \u2013 das angegilbte Formular ZV 265 vom 6. November 1981, die \u00bbErkl\u00e4rung u\u0308ber mitgef\u00fchrte Gegenst\u00e4nde und Zahlungsmittel \u00ab. Es auszuf\u00fcllen war Pflicht\u00a0 fu\u0308r jeden Erwachsenen beim Grenz\u00fcbertritt in die DDR. Heute am\u00fcsieren mich \u00bb2 Erdn\u00fcsse \u00ab (nat\u00fcrlich waren [&hellip;]\" \/>\n<meta property=\"og:url\" content=\"https:\/\/blog.zeit.de\/zeit-der-leser\/2011\/11\/13\/wiedergefunden-ii-die-zollerklarung\/\" \/>\n<meta property=\"og:site_name\" content=\"ZEIT der Leser\" \/>\n<meta property=\"article:published_time\" content=\"2011-11-13T09:00:06+00:00\" \/>\n<meta property=\"article:modified_time\" content=\"2011-11-10T13:53:37+00:00\" \/>\n<meta property=\"og:image\" content=\"https:\/\/blog.zeit.de\/zeit-der-leser\/files\/2011\/11\/s90-wiedergefunden-2-1.jpg\" \/>\n<meta name=\"author\" content=\"&quot;Zeit der Leser&quot;-Redaktion\" \/>\n<meta name=\"twitter:card\" content=\"summary_large_image\" \/>\n<meta name=\"twitter:label1\" content=\"Geschrieben von\" \/>\n\t<meta name=\"twitter:data1\" content=\"\"Zeit der Leser\"-Redaktion\" \/>\n\t<meta name=\"twitter:label2\" content=\"Gesch\u00e4tzte Lesezeit\" \/>\n\t<meta name=\"twitter:data2\" content=\"1\u00a0Minute\" \/>\n<script type=\"application\/ld+json\" class=\"yoast-schema-graph\">{\"@context\":\"https:\/\/schema.org\",\"@graph\":[{\"@type\":\"WebPage\",\"@id\":\"https:\/\/blog.zeit.de\/zeit-der-leser\/2011\/11\/13\/wiedergefunden-ii-die-zollerklarung\/\",\"url\":\"https:\/\/blog.zeit.de\/zeit-der-leser\/2011\/11\/13\/wiedergefunden-ii-die-zollerklarung\/\",\"name\":\"Wiedergefunden II: Die Zollerkl\u00e4rung - ZEIT der Leser\",\"isPartOf\":{\"@id\":\"https:\/\/blog.zeit.de\/zeit-der-leser\/#website\"},\"datePublished\":\"2011-11-13T09:00:06+00:00\",\"dateModified\":\"2011-11-10T13:53:37+00:00\",\"author\":{\"@id\":\"https:\/\/blog.zeit.de\/zeit-der-leser\/#\/schema\/person\/583b14e5ad6368c23af846ecbde9f20f\"},\"breadcrumb\":{\"@id\":\"https:\/\/blog.zeit.de\/zeit-der-leser\/2011\/11\/13\/wiedergefunden-ii-die-zollerklarung\/#breadcrumb\"},\"inLanguage\":\"de\",\"potentialAction\":[{\"@type\":\"ReadAction\",\"target\":[\"https:\/\/blog.zeit.de\/zeit-der-leser\/2011\/11\/13\/wiedergefunden-ii-die-zollerklarung\/\"]}]},{\"@type\":\"BreadcrumbList\",\"@id\":\"https:\/\/blog.zeit.de\/zeit-der-leser\/2011\/11\/13\/wiedergefunden-ii-die-zollerklarung\/#breadcrumb\",\"itemListElement\":[{\"@type\":\"ListItem\",\"position\":1,\"name\":\"Startseite\",\"item\":\"https:\/\/blog.zeit.de\/zeit-der-leser\/\"},{\"@type\":\"ListItem\",\"position\":2,\"name\":\"Wiedergefunden II: Die Zollerkl\u00e4rung\"}]},{\"@type\":\"WebSite\",\"@id\":\"https:\/\/blog.zeit.de\/zeit-der-leser\/#website\",\"url\":\"https:\/\/blog.zeit.de\/zeit-der-leser\/\",\"name\":\"ZEIT der Leser\",\"description\":\"Ein Blog mit Ihren Notizen, Gedichten und Bildern f\u00fcr die gedruckte ZEIT\",\"potentialAction\":[{\"@type\":\"SearchAction\",\"target\":{\"@type\":\"EntryPoint\",\"urlTemplate\":\"https:\/\/blog.zeit.de\/zeit-der-leser\/?s={search_term_string}\"},\"query-input\":\"required name=search_term_string\"}],\"inLanguage\":\"de\"},{\"@type\":\"Person\",\"@id\":\"https:\/\/blog.zeit.de\/zeit-der-leser\/#\/schema\/person\/583b14e5ad6368c23af846ecbde9f20f\",\"name\":\"\\\"Zeit der Leser\\\"-Redaktion\",\"image\":{\"@type\":\"ImageObject\",\"inLanguage\":\"de\",\"@id\":\"https:\/\/blog.zeit.de\/zeit-der-leser\/#\/schema\/person\/image\/\",\"url\":\"https:\/\/secure.gravatar.com\/avatar\/e801a681bd3bbf2345131a815930b48d9f8e0a94de1346b624840dc850f67ad0?s=96&d=mm&r=g\",\"contentUrl\":\"https:\/\/secure.gravatar.com\/avatar\/e801a681bd3bbf2345131a815930b48d9f8e0a94de1346b624840dc850f67ad0?s=96&d=mm&r=g\",\"caption\":\"\\\"Zeit der Leser\\\"-Redaktion\"},\"url\":\"https:\/\/blog.zeit.de\/zeit-der-leser\/author\/zeit-der-leser-redaktion\/\"}]}<\/script>\n<!-- \/ Yoast SEO plugin. -->","yoast_head_json":{"title":"Wiedergefunden II: Die Zollerkl\u00e4rung - ZEIT der Leser","robots":{"index":"index","follow":"follow","max-snippet":"max-snippet:-1","max-image-preview":"max-image-preview:large","max-video-preview":"max-video-preview:-1"},"canonical":"https:\/\/blog.zeit.de\/zeit-der-leser\/2011\/11\/13\/wiedergefunden-ii-die-zollerklarung\/","og_locale":"de_DE","og_type":"article","og_title":"Wiedergefunden II: Die Zollerkl\u00e4rung - ZEIT der Leser","og_description":"Als wir k\u00fcrzlich Fotoalben und Tageb\u00fccher durchforsteten, fanden wir \u2013 fast genau 30 Jahre nach seiner Ausstellung \u2013 das angegilbte Formular ZV 265 vom 6. November 1981, die \u00bbErkl\u00e4rung u\u0308ber mitgef\u00fchrte Gegenst\u00e4nde und Zahlungsmittel \u00ab. Es auszuf\u00fcllen war Pflicht\u00a0 fu\u0308r jeden Erwachsenen beim Grenz\u00fcbertritt in die DDR. Heute am\u00fcsieren mich \u00bb2 Erdn\u00fcsse \u00ab (nat\u00fcrlich waren [&hellip;]","og_url":"https:\/\/blog.zeit.de\/zeit-der-leser\/2011\/11\/13\/wiedergefunden-ii-die-zollerklarung\/","og_site_name":"ZEIT der Leser","article_published_time":"2011-11-13T09:00:06+00:00","article_modified_time":"2011-11-10T13:53:37+00:00","og_image":[{"url":"https:\/\/blog.zeit.de\/zeit-der-leser\/files\/2011\/11\/s90-wiedergefunden-2-1.jpg"}],"author":"\"Zeit der Leser\"-Redaktion","twitter_card":"summary_large_image","twitter_misc":{"Geschrieben von":"\"Zeit der Leser\"-Redaktion","Gesch\u00e4tzte Lesezeit":"1\u00a0Minute"},"schema":{"@context":"https:\/\/schema.org","@graph":[{"@type":"WebPage","@id":"https:\/\/blog.zeit.de\/zeit-der-leser\/2011\/11\/13\/wiedergefunden-ii-die-zollerklarung\/","url":"https:\/\/blog.zeit.de\/zeit-der-leser\/2011\/11\/13\/wiedergefunden-ii-die-zollerklarung\/","name":"Wiedergefunden II: Die Zollerkl\u00e4rung - ZEIT der Leser","isPartOf":{"@id":"https:\/\/blog.zeit.de\/zeit-der-leser\/#website"},"datePublished":"2011-11-13T09:00:06+00:00","dateModified":"2011-11-10T13:53:37+00:00","author":{"@id":"https:\/\/blog.zeit.de\/zeit-der-leser\/#\/schema\/person\/583b14e5ad6368c23af846ecbde9f20f"},"breadcrumb":{"@id":"https:\/\/blog.zeit.de\/zeit-der-leser\/2011\/11\/13\/wiedergefunden-ii-die-zollerklarung\/#breadcrumb"},"inLanguage":"de","potentialAction":[{"@type":"ReadAction","target":["https:\/\/blog.zeit.de\/zeit-der-leser\/2011\/11\/13\/wiedergefunden-ii-die-zollerklarung\/"]}]},{"@type":"BreadcrumbList","@id":"https:\/\/blog.zeit.de\/zeit-der-leser\/2011\/11\/13\/wiedergefunden-ii-die-zollerklarung\/#breadcrumb","itemListElement":[{"@type":"ListItem","position":1,"name":"Startseite","item":"https:\/\/blog.zeit.de\/zeit-der-leser\/"},{"@type":"ListItem","position":2,"name":"Wiedergefunden II: Die Zollerkl\u00e4rung"}]},{"@type":"WebSite","@id":"https:\/\/blog.zeit.de\/zeit-der-leser\/#website","url":"https:\/\/blog.zeit.de\/zeit-der-leser\/","name":"ZEIT der Leser","description":"Ein Blog mit Ihren Notizen, Gedichten und Bildern f\u00fcr die gedruckte ZEIT","potentialAction":[{"@type":"SearchAction","target":{"@type":"EntryPoint","urlTemplate":"https:\/\/blog.zeit.de\/zeit-der-leser\/?s={search_term_string}"},"query-input":"required name=search_term_string"}],"inLanguage":"de"},{"@type":"Person","@id":"https:\/\/blog.zeit.de\/zeit-der-leser\/#\/schema\/person\/583b14e5ad6368c23af846ecbde9f20f","name":"\"Zeit der Leser\"-Redaktion","image":{"@type":"ImageObject","inLanguage":"de","@id":"https:\/\/blog.zeit.de\/zeit-der-leser\/#\/schema\/person\/image\/","url":"https:\/\/secure.gravatar.com\/avatar\/e801a681bd3bbf2345131a815930b48d9f8e0a94de1346b624840dc850f67ad0?s=96&d=mm&r=g","contentUrl":"https:\/\/secure.gravatar.com\/avatar\/e801a681bd3bbf2345131a815930b48d9f8e0a94de1346b624840dc850f67ad0?s=96&d=mm&r=g","caption":"\"Zeit der Leser\"-Redaktion"},"url":"https:\/\/blog.zeit.de\/zeit-der-leser\/author\/zeit-der-leser-redaktion\/"}]}},"jetpack_featured_media_url":"","jetpack_sharing_enabled":true,"_links":{"self":[{"href":"https:\/\/blog.zeit.de\/zeit-der-leser\/wp-json\/wp\/v2\/posts\/7664","targetHints":{"allow":["GET"]}}],"collection":[{"href":"https:\/\/blog.zeit.de\/zeit-der-leser\/wp-json\/wp\/v2\/posts"}],"about":[{"href":"https:\/\/blog.zeit.de\/zeit-der-leser\/wp-json\/wp\/v2\/types\/post"}],"author":[{"embeddable":true,"href":"https:\/\/blog.zeit.de\/zeit-der-leser\/wp-json\/wp\/v2\/users\/265"}],"replies":[{"embeddable":true,"href":"https:\/\/blog.zeit.de\/zeit-der-leser\/wp-json\/wp\/v2\/comments?post=7664"}],"version-history":[{"count":3,"href":"https:\/\/blog.zeit.de\/zeit-der-leser\/wp-json\/wp\/v2\/posts\/7664\/revisions"}],"predecessor-version":[{"id":7705,"href":"https:\/\/blog.zeit.de\/zeit-der-leser\/wp-json\/wp\/v2\/posts\/7664\/revisions\/7705"}],"wp:attachment":[{"href":"https:\/\/blog.zeit.de\/zeit-der-leser\/wp-json\/wp\/v2\/media?parent=7664"}],"wp:term":[{"taxonomy":"category","embeddable":true,"href":"https:\/\/blog.zeit.de\/zeit-der-leser\/wp-json\/wp\/v2\/categories?post=7664"},{"taxonomy":"post_tag","embeddable":true,"href":"https:\/\/blog.zeit.de\/zeit-der-leser\/wp-json\/wp\/v2\/tags?post=7664"}],"curies":[{"name":"wp","href":"https:\/\/api.w.org\/{rel}","templated":true}]}}