{"id":7680,"date":"2011-11-16T18:00:31","date_gmt":"2011-11-16T17:00:31","guid":{"rendered":"http:\/\/blog.zeit.de\/zeit-der-leser\/?p=7680"},"modified":"2011-11-10T13:20:50","modified_gmt":"2011-11-10T12:20:50","slug":"zeitsprung-34","status":"publish","type":"post","link":"https:\/\/blog.zeit.de\/zeit-der-leser\/2011\/11\/16\/zeitsprung-34\/","title":{"rendered":"Zeitsprung"},"content":{"rendered":"<p><a href=\"https:\/\/blog.zeit.de\/zeit-der-leser\/files\/2011\/11\/s90-zeitsprung-1-5.jpg\"><img loading=\"lazy\" decoding=\"async\" class=\"aligncenter size-full wp-image-7681\" src=\"https:\/\/blog.zeit.de\/zeit-der-leser\/files\/2011\/11\/s90-zeitsprung-1-5.jpg\" alt=\"\" width=\"540\" height=\"371\" srcset=\"https:\/\/blog.zeit.de\/zeit-der-leser\/files\/2011\/11\/s90-zeitsprung-1-5.jpg 540w, https:\/\/blog.zeit.de\/zeit-der-leser\/files\/2011\/11\/s90-zeitsprung-1-5-300x206.jpg 300w\" sizes=\"auto, (max-width: 540px) 100vw, 540px\" \/><\/a><br \/>\n<a href=\"https:\/\/blog.zeit.de\/zeit-der-leser\/files\/2011\/11\/s90-zeitsprung-2-4.jpg\"><img loading=\"lazy\" decoding=\"async\" class=\"aligncenter size-full wp-image-7682\" src=\"https:\/\/blog.zeit.de\/zeit-der-leser\/files\/2011\/11\/s90-zeitsprung-2-4.jpg\" alt=\"\" width=\"540\" height=\"371\" srcset=\"https:\/\/blog.zeit.de\/zeit-der-leser\/files\/2011\/11\/s90-zeitsprung-2-4.jpg 540w, https:\/\/blog.zeit.de\/zeit-der-leser\/files\/2011\/11\/s90-zeitsprung-2-4-300x206.jpg 300w\" sizes=\"auto, (max-width: 540px) 100vw, 540px\" \/><\/a><br \/>\nAls wir Kinder waren, verbrachten wir unsere Ferien meistens auf Usedom an der Ostseek\u00fcste. Das Schwarz-Wei\u00df-Foto entstand nach einem dieser Sommerurlaube im Jahr 1978 auf der R\u00fcckreise nach Dresden. Ich selbst (rechts im Bild) war damals knapp drei Jahre alt, meine Schwester Sabine war sechs. Wir standen vor dem Schlagbaum am Brandenburger Tor. Berlin war geteilt, an die Wende mehr als zehn Jahre sp\u00e4ter war noch nicht zu denken. Schon gar nicht f\u00fcr uns Kinder. K\u00fcrzlich, kurz vor dem 21. Jahrestag der deutschen Einheit, traf ich mich mit meiner Schwester, die jetzt in Rottenburg lebt, in Berlin, und wir wiederholten das Foto. Jetzt steht meine Schwester rechts im Bild. Auf unserem Weg zum Pariser Platz durchquerten wir das Brandenburger Tor, was 33 Jahre zuvor einfach unvorstellbar gewesen w\u00e4re.<\/p>\n<p><em>Ulrike Kubisch, Dresden<\/em><\/p>\n","protected":false},"excerpt":{"rendered":"<p>Als wir Kinder waren, verbrachten wir unsere Ferien meistens auf Usedom an der Ostseek\u00fcste. Das Schwarz-Wei\u00df-Foto entstand nach einem dieser Sommerurlaube im Jahr 1978 auf der R\u00fcckreise nach Dresden. Ich selbst (rechts im Bild) war damals knapp drei Jahre alt, meine Schwester Sabine war sechs. Wir standen vor dem Schlagbaum am Brandenburger Tor. Berlin war [&hellip;]<\/p>\n","protected":false},"author":265,"featured_media":0,"comment_status":"open","ping_status":"open","sticky":false,"template":"","format":"standard","meta":{"_jetpack_memberships_contains_paid_content":false,"footnotes":""},"categories":[1878],"tags":[],"class_list":["post-7680","post","type-post","status-publish","format-standard","hentry","category-zeitsprung"],"yoast_head":"<!-- This site is optimized with the Yoast SEO plugin v21.0 - https:\/\/yoast.com\/wordpress\/plugins\/seo\/ -->\n<title>Zeitsprung - ZEIT der Leser<\/title>\n<meta name=\"robots\" content=\"index, follow, max-snippet:-1, max-image-preview:large, max-video-preview:-1\" \/>\n<link rel=\"canonical\" href=\"https:\/\/blog.zeit.de\/zeit-der-leser\/2011\/11\/16\/zeitsprung-34\/\" \/>\n<meta property=\"og:locale\" content=\"de_DE\" \/>\n<meta property=\"og:type\" content=\"article\" \/>\n<meta property=\"og:title\" content=\"Zeitsprung - ZEIT der Leser\" \/>\n<meta property=\"og:description\" content=\"Als wir Kinder waren, verbrachten wir unsere Ferien meistens auf Usedom an der Ostseek\u00fcste. Das Schwarz-Wei\u00df-Foto entstand nach einem dieser Sommerurlaube im Jahr 1978 auf der R\u00fcckreise nach Dresden. Ich selbst (rechts im Bild) war damals knapp drei Jahre alt, meine Schwester Sabine war sechs. Wir standen vor dem Schlagbaum am Brandenburger Tor. Berlin war [&hellip;]\" \/>\n<meta property=\"og:url\" content=\"https:\/\/blog.zeit.de\/zeit-der-leser\/2011\/11\/16\/zeitsprung-34\/\" \/>\n<meta property=\"og:site_name\" content=\"ZEIT der Leser\" \/>\n<meta property=\"article:published_time\" content=\"2011-11-16T17:00:31+00:00\" \/>\n<meta property=\"article:modified_time\" content=\"2011-11-10T12:20:50+00:00\" \/>\n<meta property=\"og:image\" content=\"https:\/\/blog.zeit.de\/zeit-der-leser\/files\/2011\/11\/s90-zeitsprung-1-5.jpg\" \/>\n<meta name=\"author\" content=\"&quot;Zeit der Leser&quot;-Redaktion\" \/>\n<meta name=\"twitter:card\" content=\"summary_large_image\" \/>\n<meta name=\"twitter:label1\" content=\"Geschrieben von\" \/>\n\t<meta name=\"twitter:data1\" content=\"\"Zeit der Leser\"-Redaktion\" \/>\n\t<meta name=\"twitter:label2\" content=\"Gesch\u00e4tzte Lesezeit\" \/>\n\t<meta name=\"twitter:data2\" content=\"1\u00a0Minute\" \/>\n<script type=\"application\/ld+json\" class=\"yoast-schema-graph\">{\"@context\":\"https:\/\/schema.org\",\"@graph\":[{\"@type\":\"WebPage\",\"@id\":\"https:\/\/blog.zeit.de\/zeit-der-leser\/2011\/11\/16\/zeitsprung-34\/\",\"url\":\"https:\/\/blog.zeit.de\/zeit-der-leser\/2011\/11\/16\/zeitsprung-34\/\",\"name\":\"Zeitsprung - ZEIT der Leser\",\"isPartOf\":{\"@id\":\"https:\/\/blog.zeit.de\/zeit-der-leser\/#website\"},\"datePublished\":\"2011-11-16T17:00:31+00:00\",\"dateModified\":\"2011-11-10T12:20:50+00:00\",\"author\":{\"@id\":\"https:\/\/blog.zeit.de\/zeit-der-leser\/#\/schema\/person\/583b14e5ad6368c23af846ecbde9f20f\"},\"breadcrumb\":{\"@id\":\"https:\/\/blog.zeit.de\/zeit-der-leser\/2011\/11\/16\/zeitsprung-34\/#breadcrumb\"},\"inLanguage\":\"de\",\"potentialAction\":[{\"@type\":\"ReadAction\",\"target\":[\"https:\/\/blog.zeit.de\/zeit-der-leser\/2011\/11\/16\/zeitsprung-34\/\"]}]},{\"@type\":\"BreadcrumbList\",\"@id\":\"https:\/\/blog.zeit.de\/zeit-der-leser\/2011\/11\/16\/zeitsprung-34\/#breadcrumb\",\"itemListElement\":[{\"@type\":\"ListItem\",\"position\":1,\"name\":\"Startseite\",\"item\":\"https:\/\/blog.zeit.de\/zeit-der-leser\/\"},{\"@type\":\"ListItem\",\"position\":2,\"name\":\"Zeitsprung\"}]},{\"@type\":\"WebSite\",\"@id\":\"https:\/\/blog.zeit.de\/zeit-der-leser\/#website\",\"url\":\"https:\/\/blog.zeit.de\/zeit-der-leser\/\",\"name\":\"ZEIT der Leser\",\"description\":\"Ein Blog mit Ihren Notizen, Gedichten und Bildern f\u00fcr die gedruckte ZEIT\",\"potentialAction\":[{\"@type\":\"SearchAction\",\"target\":{\"@type\":\"EntryPoint\",\"urlTemplate\":\"https:\/\/blog.zeit.de\/zeit-der-leser\/?s={search_term_string}\"},\"query-input\":\"required name=search_term_string\"}],\"inLanguage\":\"de\"},{\"@type\":\"Person\",\"@id\":\"https:\/\/blog.zeit.de\/zeit-der-leser\/#\/schema\/person\/583b14e5ad6368c23af846ecbde9f20f\",\"name\":\"\\\"Zeit der Leser\\\"-Redaktion\",\"image\":{\"@type\":\"ImageObject\",\"inLanguage\":\"de\",\"@id\":\"https:\/\/blog.zeit.de\/zeit-der-leser\/#\/schema\/person\/image\/\",\"url\":\"https:\/\/secure.gravatar.com\/avatar\/e801a681bd3bbf2345131a815930b48d9f8e0a94de1346b624840dc850f67ad0?s=96&d=mm&r=g\",\"contentUrl\":\"https:\/\/secure.gravatar.com\/avatar\/e801a681bd3bbf2345131a815930b48d9f8e0a94de1346b624840dc850f67ad0?s=96&d=mm&r=g\",\"caption\":\"\\\"Zeit der Leser\\\"-Redaktion\"},\"url\":\"https:\/\/blog.zeit.de\/zeit-der-leser\/author\/zeit-der-leser-redaktion\/\"}]}<\/script>\n<!-- \/ Yoast SEO plugin. -->","yoast_head_json":{"title":"Zeitsprung - ZEIT der Leser","robots":{"index":"index","follow":"follow","max-snippet":"max-snippet:-1","max-image-preview":"max-image-preview:large","max-video-preview":"max-video-preview:-1"},"canonical":"https:\/\/blog.zeit.de\/zeit-der-leser\/2011\/11\/16\/zeitsprung-34\/","og_locale":"de_DE","og_type":"article","og_title":"Zeitsprung - ZEIT der Leser","og_description":"Als wir Kinder waren, verbrachten wir unsere Ferien meistens auf Usedom an der Ostseek\u00fcste. Das Schwarz-Wei\u00df-Foto entstand nach einem dieser Sommerurlaube im Jahr 1978 auf der R\u00fcckreise nach Dresden. Ich selbst (rechts im Bild) war damals knapp drei Jahre alt, meine Schwester Sabine war sechs. Wir standen vor dem Schlagbaum am Brandenburger Tor. Berlin war [&hellip;]","og_url":"https:\/\/blog.zeit.de\/zeit-der-leser\/2011\/11\/16\/zeitsprung-34\/","og_site_name":"ZEIT der Leser","article_published_time":"2011-11-16T17:00:31+00:00","article_modified_time":"2011-11-10T12:20:50+00:00","og_image":[{"url":"https:\/\/blog.zeit.de\/zeit-der-leser\/files\/2011\/11\/s90-zeitsprung-1-5.jpg"}],"author":"\"Zeit der Leser\"-Redaktion","twitter_card":"summary_large_image","twitter_misc":{"Geschrieben von":"\"Zeit der Leser\"-Redaktion","Gesch\u00e4tzte Lesezeit":"1\u00a0Minute"},"schema":{"@context":"https:\/\/schema.org","@graph":[{"@type":"WebPage","@id":"https:\/\/blog.zeit.de\/zeit-der-leser\/2011\/11\/16\/zeitsprung-34\/","url":"https:\/\/blog.zeit.de\/zeit-der-leser\/2011\/11\/16\/zeitsprung-34\/","name":"Zeitsprung - ZEIT der Leser","isPartOf":{"@id":"https:\/\/blog.zeit.de\/zeit-der-leser\/#website"},"datePublished":"2011-11-16T17:00:31+00:00","dateModified":"2011-11-10T12:20:50+00:00","author":{"@id":"https:\/\/blog.zeit.de\/zeit-der-leser\/#\/schema\/person\/583b14e5ad6368c23af846ecbde9f20f"},"breadcrumb":{"@id":"https:\/\/blog.zeit.de\/zeit-der-leser\/2011\/11\/16\/zeitsprung-34\/#breadcrumb"},"inLanguage":"de","potentialAction":[{"@type":"ReadAction","target":["https:\/\/blog.zeit.de\/zeit-der-leser\/2011\/11\/16\/zeitsprung-34\/"]}]},{"@type":"BreadcrumbList","@id":"https:\/\/blog.zeit.de\/zeit-der-leser\/2011\/11\/16\/zeitsprung-34\/#breadcrumb","itemListElement":[{"@type":"ListItem","position":1,"name":"Startseite","item":"https:\/\/blog.zeit.de\/zeit-der-leser\/"},{"@type":"ListItem","position":2,"name":"Zeitsprung"}]},{"@type":"WebSite","@id":"https:\/\/blog.zeit.de\/zeit-der-leser\/#website","url":"https:\/\/blog.zeit.de\/zeit-der-leser\/","name":"ZEIT der Leser","description":"Ein Blog mit Ihren Notizen, Gedichten und Bildern f\u00fcr die gedruckte ZEIT","potentialAction":[{"@type":"SearchAction","target":{"@type":"EntryPoint","urlTemplate":"https:\/\/blog.zeit.de\/zeit-der-leser\/?s={search_term_string}"},"query-input":"required name=search_term_string"}],"inLanguage":"de"},{"@type":"Person","@id":"https:\/\/blog.zeit.de\/zeit-der-leser\/#\/schema\/person\/583b14e5ad6368c23af846ecbde9f20f","name":"\"Zeit der Leser\"-Redaktion","image":{"@type":"ImageObject","inLanguage":"de","@id":"https:\/\/blog.zeit.de\/zeit-der-leser\/#\/schema\/person\/image\/","url":"https:\/\/secure.gravatar.com\/avatar\/e801a681bd3bbf2345131a815930b48d9f8e0a94de1346b624840dc850f67ad0?s=96&d=mm&r=g","contentUrl":"https:\/\/secure.gravatar.com\/avatar\/e801a681bd3bbf2345131a815930b48d9f8e0a94de1346b624840dc850f67ad0?s=96&d=mm&r=g","caption":"\"Zeit der Leser\"-Redaktion"},"url":"https:\/\/blog.zeit.de\/zeit-der-leser\/author\/zeit-der-leser-redaktion\/"}]}},"jetpack_featured_media_url":"","jetpack_sharing_enabled":true,"_links":{"self":[{"href":"https:\/\/blog.zeit.de\/zeit-der-leser\/wp-json\/wp\/v2\/posts\/7680","targetHints":{"allow":["GET"]}}],"collection":[{"href":"https:\/\/blog.zeit.de\/zeit-der-leser\/wp-json\/wp\/v2\/posts"}],"about":[{"href":"https:\/\/blog.zeit.de\/zeit-der-leser\/wp-json\/wp\/v2\/types\/post"}],"author":[{"embeddable":true,"href":"https:\/\/blog.zeit.de\/zeit-der-leser\/wp-json\/wp\/v2\/users\/265"}],"replies":[{"embeddable":true,"href":"https:\/\/blog.zeit.de\/zeit-der-leser\/wp-json\/wp\/v2\/comments?post=7680"}],"version-history":[{"count":3,"href":"https:\/\/blog.zeit.de\/zeit-der-leser\/wp-json\/wp\/v2\/posts\/7680\/revisions"}],"predecessor-version":[{"id":7685,"href":"https:\/\/blog.zeit.de\/zeit-der-leser\/wp-json\/wp\/v2\/posts\/7680\/revisions\/7685"}],"wp:attachment":[{"href":"https:\/\/blog.zeit.de\/zeit-der-leser\/wp-json\/wp\/v2\/media?parent=7680"}],"wp:term":[{"taxonomy":"category","embeddable":true,"href":"https:\/\/blog.zeit.de\/zeit-der-leser\/wp-json\/wp\/v2\/categories?post=7680"},{"taxonomy":"post_tag","embeddable":true,"href":"https:\/\/blog.zeit.de\/zeit-der-leser\/wp-json\/wp\/v2\/tags?post=7680"}],"curies":[{"name":"wp","href":"https:\/\/api.w.org\/{rel}","templated":true}]}}