{"id":7693,"date":"2011-11-13T18:00:56","date_gmt":"2011-11-13T17:00:56","guid":{"rendered":"http:\/\/blog.zeit.de\/zeit-der-leser\/?p=7693"},"modified":"2011-11-14T17:17:30","modified_gmt":"2011-11-14T16:17:30","slug":"strasenbild-11","status":"publish","type":"post","link":"https:\/\/blog.zeit.de\/zeit-der-leser\/2011\/11\/13\/strasenbild-11\/","title":{"rendered":"Stra\u00dfenbild"},"content":{"rendered":"<p><a href=\"https:\/\/blog.zeit.de\/zeit-der-leser\/files\/2011\/11\/stra\u00dfenbild-rhodos.jpg\"><img loading=\"lazy\" decoding=\"async\" class=\"aligncenter size-full wp-image-7694\" src=\"https:\/\/blog.zeit.de\/zeit-der-leser\/files\/2011\/11\/stra\u00dfenbild-rhodos.jpg\" alt=\"\" width=\"540\" height=\"720\" srcset=\"https:\/\/blog.zeit.de\/zeit-der-leser\/files\/2011\/11\/stra\u00dfenbild-rhodos.jpg 540w, https:\/\/blog.zeit.de\/zeit-der-leser\/files\/2011\/11\/stra\u00dfenbild-rhodos-225x300.jpg 225w\" sizes=\"auto, (max-width: 540px) 100vw, 540px\" \/><\/a><br \/>\nAuf dem Weg zu unserer Trauminsel Halki mu\u00dften wir aufgrund des (griechischen) Lotsenstreiks vor einigen Wochen einen Tag auf Rhodos verbringen \u2013 was zugegebenerma\u00dfen keine gro\u00dfe \u00dcberwindung brauchte.\u00a0 Beim verbummeln der so gewonnenen Zeit kamen wir an den \u00fcblichen Touristen- St\u00e4nden in der Neustadt vorbei. Obwohl die Griechen auf Rhodos meinten, Griechenland und damit die Krise sei weit weg, sahen wir pl\u00f6tzlich dieses Plakat.<\/p>\n<p><em>Heike Vogt, Schwieberdingen<\/em><\/p>\n","protected":false},"excerpt":{"rendered":"<p>Auf dem Weg zu unserer Trauminsel Halki mu\u00dften wir aufgrund des (griechischen) Lotsenstreiks vor einigen Wochen einen Tag auf Rhodos verbringen \u2013 was zugegebenerma\u00dfen keine gro\u00dfe \u00dcberwindung brauchte.\u00a0 Beim verbummeln der so gewonnenen Zeit kamen wir an den \u00fcblichen Touristen- St\u00e4nden in der Neustadt vorbei. Obwohl die Griechen auf Rhodos meinten, Griechenland und damit die [&hellip;]<\/p>\n","protected":false},"author":265,"featured_media":0,"comment_status":"open","ping_status":"open","sticky":false,"template":"","format":"standard","meta":{"_jetpack_memberships_contains_paid_content":false,"footnotes":""},"categories":[5688],"tags":[],"class_list":["post-7693","post","type-post","status-publish","format-standard","hentry","category-strasenbild"],"yoast_head":"<!-- This site is optimized with the Yoast SEO plugin v21.0 - https:\/\/yoast.com\/wordpress\/plugins\/seo\/ -->\n<title>Stra\u00dfenbild - ZEIT der Leser<\/title>\n<meta name=\"robots\" content=\"index, follow, max-snippet:-1, max-image-preview:large, max-video-preview:-1\" \/>\n<link rel=\"canonical\" href=\"https:\/\/blog.zeit.de\/zeit-der-leser\/2011\/11\/13\/strasenbild-11\/\" \/>\n<meta property=\"og:locale\" content=\"de_DE\" \/>\n<meta property=\"og:type\" content=\"article\" \/>\n<meta property=\"og:title\" content=\"Stra\u00dfenbild - ZEIT der Leser\" \/>\n<meta property=\"og:description\" content=\"Auf dem Weg zu unserer Trauminsel Halki mu\u00dften wir aufgrund des (griechischen) Lotsenstreiks vor einigen Wochen einen Tag auf Rhodos verbringen \u2013 was zugegebenerma\u00dfen keine gro\u00dfe \u00dcberwindung brauchte.\u00a0 Beim verbummeln der so gewonnenen Zeit kamen wir an den \u00fcblichen Touristen- St\u00e4nden in der Neustadt vorbei. Obwohl die Griechen auf Rhodos meinten, Griechenland und damit die [&hellip;]\" \/>\n<meta property=\"og:url\" content=\"https:\/\/blog.zeit.de\/zeit-der-leser\/2011\/11\/13\/strasenbild-11\/\" \/>\n<meta property=\"og:site_name\" content=\"ZEIT der Leser\" \/>\n<meta property=\"article:published_time\" content=\"2011-11-13T17:00:56+00:00\" \/>\n<meta property=\"article:modified_time\" content=\"2011-11-14T16:17:30+00:00\" \/>\n<meta name=\"author\" content=\"&quot;Zeit der Leser&quot;-Redaktion\" \/>\n<meta name=\"twitter:card\" content=\"summary_large_image\" \/>\n<meta name=\"twitter:label1\" content=\"Geschrieben von\" \/>\n\t<meta name=\"twitter:data1\" content=\"\"Zeit der Leser\"-Redaktion\" \/>\n<script type=\"application\/ld+json\" class=\"yoast-schema-graph\">{\"@context\":\"https:\/\/schema.org\",\"@graph\":[{\"@type\":\"WebPage\",\"@id\":\"https:\/\/blog.zeit.de\/zeit-der-leser\/2011\/11\/13\/strasenbild-11\/\",\"url\":\"https:\/\/blog.zeit.de\/zeit-der-leser\/2011\/11\/13\/strasenbild-11\/\",\"name\":\"Stra\u00dfenbild - ZEIT der Leser\",\"isPartOf\":{\"@id\":\"https:\/\/blog.zeit.de\/zeit-der-leser\/#website\"},\"datePublished\":\"2011-11-13T17:00:56+00:00\",\"dateModified\":\"2011-11-14T16:17:30+00:00\",\"author\":{\"@id\":\"https:\/\/blog.zeit.de\/zeit-der-leser\/#\/schema\/person\/583b14e5ad6368c23af846ecbde9f20f\"},\"breadcrumb\":{\"@id\":\"https:\/\/blog.zeit.de\/zeit-der-leser\/2011\/11\/13\/strasenbild-11\/#breadcrumb\"},\"inLanguage\":\"de\",\"potentialAction\":[{\"@type\":\"ReadAction\",\"target\":[\"https:\/\/blog.zeit.de\/zeit-der-leser\/2011\/11\/13\/strasenbild-11\/\"]}]},{\"@type\":\"BreadcrumbList\",\"@id\":\"https:\/\/blog.zeit.de\/zeit-der-leser\/2011\/11\/13\/strasenbild-11\/#breadcrumb\",\"itemListElement\":[{\"@type\":\"ListItem\",\"position\":1,\"name\":\"Startseite\",\"item\":\"https:\/\/blog.zeit.de\/zeit-der-leser\/\"},{\"@type\":\"ListItem\",\"position\":2,\"name\":\"Stra\u00dfenbild\"}]},{\"@type\":\"WebSite\",\"@id\":\"https:\/\/blog.zeit.de\/zeit-der-leser\/#website\",\"url\":\"https:\/\/blog.zeit.de\/zeit-der-leser\/\",\"name\":\"ZEIT der Leser\",\"description\":\"Ein Blog mit Ihren Notizen, Gedichten und Bildern f\u00fcr die gedruckte ZEIT\",\"potentialAction\":[{\"@type\":\"SearchAction\",\"target\":{\"@type\":\"EntryPoint\",\"urlTemplate\":\"https:\/\/blog.zeit.de\/zeit-der-leser\/?s={search_term_string}\"},\"query-input\":\"required name=search_term_string\"}],\"inLanguage\":\"de\"},{\"@type\":\"Person\",\"@id\":\"https:\/\/blog.zeit.de\/zeit-der-leser\/#\/schema\/person\/583b14e5ad6368c23af846ecbde9f20f\",\"name\":\"\\\"Zeit der Leser\\\"-Redaktion\",\"image\":{\"@type\":\"ImageObject\",\"inLanguage\":\"de\",\"@id\":\"https:\/\/blog.zeit.de\/zeit-der-leser\/#\/schema\/person\/image\/\",\"url\":\"https:\/\/secure.gravatar.com\/avatar\/e801a681bd3bbf2345131a815930b48d9f8e0a94de1346b624840dc850f67ad0?s=96&d=mm&r=g\",\"contentUrl\":\"https:\/\/secure.gravatar.com\/avatar\/e801a681bd3bbf2345131a815930b48d9f8e0a94de1346b624840dc850f67ad0?s=96&d=mm&r=g\",\"caption\":\"\\\"Zeit der Leser\\\"-Redaktion\"},\"url\":\"https:\/\/blog.zeit.de\/zeit-der-leser\/author\/zeit-der-leser-redaktion\/\"}]}<\/script>\n<!-- \/ Yoast SEO plugin. -->","yoast_head_json":{"title":"Stra\u00dfenbild - ZEIT der Leser","robots":{"index":"index","follow":"follow","max-snippet":"max-snippet:-1","max-image-preview":"max-image-preview:large","max-video-preview":"max-video-preview:-1"},"canonical":"https:\/\/blog.zeit.de\/zeit-der-leser\/2011\/11\/13\/strasenbild-11\/","og_locale":"de_DE","og_type":"article","og_title":"Stra\u00dfenbild - ZEIT der Leser","og_description":"Auf dem Weg zu unserer Trauminsel Halki mu\u00dften wir aufgrund des (griechischen) Lotsenstreiks vor einigen Wochen einen Tag auf Rhodos verbringen \u2013 was zugegebenerma\u00dfen keine gro\u00dfe \u00dcberwindung brauchte.\u00a0 Beim verbummeln der so gewonnenen Zeit kamen wir an den \u00fcblichen Touristen- St\u00e4nden in der Neustadt vorbei. Obwohl die Griechen auf Rhodos meinten, Griechenland und damit die [&hellip;]","og_url":"https:\/\/blog.zeit.de\/zeit-der-leser\/2011\/11\/13\/strasenbild-11\/","og_site_name":"ZEIT der Leser","article_published_time":"2011-11-13T17:00:56+00:00","article_modified_time":"2011-11-14T16:17:30+00:00","author":"\"Zeit der Leser\"-Redaktion","twitter_card":"summary_large_image","twitter_misc":{"Geschrieben von":"\"Zeit der Leser\"-Redaktion"},"schema":{"@context":"https:\/\/schema.org","@graph":[{"@type":"WebPage","@id":"https:\/\/blog.zeit.de\/zeit-der-leser\/2011\/11\/13\/strasenbild-11\/","url":"https:\/\/blog.zeit.de\/zeit-der-leser\/2011\/11\/13\/strasenbild-11\/","name":"Stra\u00dfenbild - ZEIT der Leser","isPartOf":{"@id":"https:\/\/blog.zeit.de\/zeit-der-leser\/#website"},"datePublished":"2011-11-13T17:00:56+00:00","dateModified":"2011-11-14T16:17:30+00:00","author":{"@id":"https:\/\/blog.zeit.de\/zeit-der-leser\/#\/schema\/person\/583b14e5ad6368c23af846ecbde9f20f"},"breadcrumb":{"@id":"https:\/\/blog.zeit.de\/zeit-der-leser\/2011\/11\/13\/strasenbild-11\/#breadcrumb"},"inLanguage":"de","potentialAction":[{"@type":"ReadAction","target":["https:\/\/blog.zeit.de\/zeit-der-leser\/2011\/11\/13\/strasenbild-11\/"]}]},{"@type":"BreadcrumbList","@id":"https:\/\/blog.zeit.de\/zeit-der-leser\/2011\/11\/13\/strasenbild-11\/#breadcrumb","itemListElement":[{"@type":"ListItem","position":1,"name":"Startseite","item":"https:\/\/blog.zeit.de\/zeit-der-leser\/"},{"@type":"ListItem","position":2,"name":"Stra\u00dfenbild"}]},{"@type":"WebSite","@id":"https:\/\/blog.zeit.de\/zeit-der-leser\/#website","url":"https:\/\/blog.zeit.de\/zeit-der-leser\/","name":"ZEIT der Leser","description":"Ein Blog mit Ihren Notizen, Gedichten und Bildern f\u00fcr die gedruckte ZEIT","potentialAction":[{"@type":"SearchAction","target":{"@type":"EntryPoint","urlTemplate":"https:\/\/blog.zeit.de\/zeit-der-leser\/?s={search_term_string}"},"query-input":"required name=search_term_string"}],"inLanguage":"de"},{"@type":"Person","@id":"https:\/\/blog.zeit.de\/zeit-der-leser\/#\/schema\/person\/583b14e5ad6368c23af846ecbde9f20f","name":"\"Zeit der Leser\"-Redaktion","image":{"@type":"ImageObject","inLanguage":"de","@id":"https:\/\/blog.zeit.de\/zeit-der-leser\/#\/schema\/person\/image\/","url":"https:\/\/secure.gravatar.com\/avatar\/e801a681bd3bbf2345131a815930b48d9f8e0a94de1346b624840dc850f67ad0?s=96&d=mm&r=g","contentUrl":"https:\/\/secure.gravatar.com\/avatar\/e801a681bd3bbf2345131a815930b48d9f8e0a94de1346b624840dc850f67ad0?s=96&d=mm&r=g","caption":"\"Zeit der Leser\"-Redaktion"},"url":"https:\/\/blog.zeit.de\/zeit-der-leser\/author\/zeit-der-leser-redaktion\/"}]}},"jetpack_featured_media_url":"","jetpack_sharing_enabled":true,"_links":{"self":[{"href":"https:\/\/blog.zeit.de\/zeit-der-leser\/wp-json\/wp\/v2\/posts\/7693","targetHints":{"allow":["GET"]}}],"collection":[{"href":"https:\/\/blog.zeit.de\/zeit-der-leser\/wp-json\/wp\/v2\/posts"}],"about":[{"href":"https:\/\/blog.zeit.de\/zeit-der-leser\/wp-json\/wp\/v2\/types\/post"}],"author":[{"embeddable":true,"href":"https:\/\/blog.zeit.de\/zeit-der-leser\/wp-json\/wp\/v2\/users\/265"}],"replies":[{"embeddable":true,"href":"https:\/\/blog.zeit.de\/zeit-der-leser\/wp-json\/wp\/v2\/comments?post=7693"}],"version-history":[{"count":4,"href":"https:\/\/blog.zeit.de\/zeit-der-leser\/wp-json\/wp\/v2\/posts\/7693\/revisions"}],"predecessor-version":[{"id":7707,"href":"https:\/\/blog.zeit.de\/zeit-der-leser\/wp-json\/wp\/v2\/posts\/7693\/revisions\/7707"}],"wp:attachment":[{"href":"https:\/\/blog.zeit.de\/zeit-der-leser\/wp-json\/wp\/v2\/media?parent=7693"}],"wp:term":[{"taxonomy":"category","embeddable":true,"href":"https:\/\/blog.zeit.de\/zeit-der-leser\/wp-json\/wp\/v2\/categories?post=7693"},{"taxonomy":"post_tag","embeddable":true,"href":"https:\/\/blog.zeit.de\/zeit-der-leser\/wp-json\/wp\/v2\/tags?post=7693"}],"curies":[{"name":"wp","href":"https:\/\/api.w.org\/{rel}","templated":true}]}}