{"id":77,"date":"2010-04-01T10:27:06","date_gmt":"2010-04-01T08:27:06","guid":{"rendered":"http:\/\/blog.zeit.de\/zeit-der-leser\/?p=77"},"modified":"2010-04-01T11:05:38","modified_gmt":"2010-04-01T09:05:38","slug":"ein-loch-in-der-mauer","status":"publish","type":"post","link":"https:\/\/blog.zeit.de\/zeit-der-leser\/2010\/04\/01\/ein-loch-in-der-mauer\/","title":{"rendered":"Ein Loch in der Mauer"},"content":{"rendered":"<p><figure id=\"attachment_320\" aria-describedby=\"caption-attachment-320\" style=\"width: 540px\" class=\"wp-caption alignleft\"><a href=\"https:\/\/blog.zeit.de\/zeit-der-leser\/files\/2010\/03\/grue\u00dfe-12.jpg\"><img loading=\"lazy\" decoding=\"async\" class=\"size-full wp-image-320\" title=\"grue\u00dfe 1\" src=\"https:\/\/blog.zeit.de\/zeit-der-leser\/files\/2010\/03\/grue\u00dfe-12.jpg\" alt=\"\" width=\"540\" height=\"304\" srcset=\"https:\/\/blog.zeit.de\/zeit-der-leser\/files\/2010\/03\/grue\u00dfe-12.jpg 540w, https:\/\/blog.zeit.de\/zeit-der-leser\/files\/2010\/03\/grue\u00dfe-12-300x168.jpg 300w\" sizes=\"auto, (max-width: 540px) 100vw, 540px\" \/><\/a><figcaption id=\"caption-attachment-320\" class=\"wp-caption-text\">ZEIT-Leser Felix Evers an der Berliner Mauer (l.) und mit seinem Schulfreund Peter Brandt<\/figcaption><\/figure><\/p>\n<p>Im April 1990, vor genau 20 Jahren, fuhren mein Schulfreund Peter Brandt und ich nach Berlin und R\u00fcgen. Kurz vor unserem Abitur wollten wir Zeitzeugen der Deutschen Einheit sein. So entstand auch das Foto, das Peter von mir gemacht hat: Mit dem Pickel schlage ich St\u00fccke aus der Berliner Mauer.<\/p>\n<p><figure id=\"attachment_324\" aria-describedby=\"caption-attachment-324\" style=\"width: 540px\" class=\"wp-caption alignleft\"><a href=\"https:\/\/blog.zeit.de\/zeit-der-leser\/files\/2010\/03\/grue\u00dfe-21.jpg\"><img loading=\"lazy\" decoding=\"async\" class=\"size-full wp-image-324\" title=\"grue\u00dfe 2\" src=\"https:\/\/blog.zeit.de\/zeit-der-leser\/files\/2010\/03\/grue\u00dfe-21.jpg\" alt=\"\" width=\"540\" height=\"304\" srcset=\"https:\/\/blog.zeit.de\/zeit-der-leser\/files\/2010\/03\/grue\u00dfe-21.jpg 540w, https:\/\/blog.zeit.de\/zeit-der-leser\/files\/2010\/03\/grue\u00dfe-21-300x168.jpg 300w\" sizes=\"auto, (max-width: 540px) 100vw, 540px\" \/><\/a><figcaption id=\"caption-attachment-324\" class=\"wp-caption-text\">Peter Brandt auf dem Weg nach R\u00fcgen<\/figcaption><\/figure><\/p>\n<p>Heute, 20 Jahre sp\u00e4ter, m\u00f6chte ich Dir, lieber Peter, diesen Gru\u00df schicken. Wei\u00dft Du noch, wie wir ununterbrochen The Great Commandment h\u00f6rten \u2013 damals noch auf Musikkassette im VW-Golf? Und zum ersten und letzten Mal einen Trabi fahren durften? Und Briefe aus der DDR nach Schinkel schickten (die ich alleine wegen der Briefmarken heute gern wiedersehen w\u00fcrde\u2008\u2026)? Schade, dass ich nicht mehr wei\u00df, wo ich Dich heute erreichen kann. Deshalb dieser Gru\u00df in unserer ZEIT. Gesegnete Ostern!<\/p>\n<p>Pfarrer Felix Evers, Ratzeburg<\/p>\n","protected":false},"excerpt":{"rendered":"<p>Im April 1990, vor genau 20 Jahren, fuhren mein Schulfreund Peter Brandt und ich nach Berlin und R\u00fcgen. Kurz vor unserem Abitur wollten wir Zeitzeugen der Deutschen Einheit sein. So entstand auch das Foto, das Peter von mir gemacht hat: Mit dem Pickel schlage ich St\u00fccke aus der Berliner Mauer. Heute, 20 Jahre sp\u00e4ter, m\u00f6chte [&hellip;]<\/p>\n","protected":false},"author":264,"featured_media":0,"comment_status":"open","ping_status":"open","sticky":false,"template":"","format":"standard","meta":{"_jetpack_memberships_contains_paid_content":false,"footnotes":""},"categories":[1875],"tags":[],"class_list":["post-77","post","type-post","status-publish","format-standard","hentry","category-schone-gruse"],"yoast_head":"<!-- This site is optimized with the Yoast SEO plugin v21.0 - https:\/\/yoast.com\/wordpress\/plugins\/seo\/ -->\n<title>Ein Loch in der Mauer - ZEIT der Leser<\/title>\n<meta name=\"robots\" content=\"index, follow, max-snippet:-1, max-image-preview:large, max-video-preview:-1\" \/>\n<link rel=\"canonical\" href=\"https:\/\/blog.zeit.de\/zeit-der-leser\/2010\/04\/01\/ein-loch-in-der-mauer\/\" \/>\n<meta property=\"og:locale\" content=\"de_DE\" \/>\n<meta property=\"og:type\" content=\"article\" \/>\n<meta property=\"og:title\" content=\"Ein Loch in der Mauer - ZEIT der Leser\" \/>\n<meta property=\"og:description\" content=\"Im April 1990, vor genau 20 Jahren, fuhren mein Schulfreund Peter Brandt und ich nach Berlin und R\u00fcgen. Kurz vor unserem Abitur wollten wir Zeitzeugen der Deutschen Einheit sein. So entstand auch das Foto, das Peter von mir gemacht hat: Mit dem Pickel schlage ich St\u00fccke aus der Berliner Mauer. Heute, 20 Jahre sp\u00e4ter, m\u00f6chte [&hellip;]\" \/>\n<meta property=\"og:url\" content=\"https:\/\/blog.zeit.de\/zeit-der-leser\/2010\/04\/01\/ein-loch-in-der-mauer\/\" \/>\n<meta property=\"og:site_name\" content=\"ZEIT der Leser\" \/>\n<meta property=\"article:published_time\" content=\"2010-04-01T08:27:06+00:00\" \/>\n<meta property=\"article:modified_time\" content=\"2010-04-01T09:05:38+00:00\" \/>\n<meta name=\"author\" content=\"Zeit der Leser\" \/>\n<meta name=\"twitter:card\" content=\"summary_large_image\" \/>\n<meta name=\"twitter:label1\" content=\"Geschrieben von\" \/>\n\t<meta name=\"twitter:data1\" content=\"Zeit der Leser\" \/>\n\t<meta name=\"twitter:label2\" content=\"Gesch\u00e4tzte Lesezeit\" \/>\n\t<meta name=\"twitter:data2\" content=\"1\u00a0Minute\" \/>\n<script type=\"application\/ld+json\" class=\"yoast-schema-graph\">{\"@context\":\"https:\/\/schema.org\",\"@graph\":[{\"@type\":\"WebPage\",\"@id\":\"https:\/\/blog.zeit.de\/zeit-der-leser\/2010\/04\/01\/ein-loch-in-der-mauer\/\",\"url\":\"https:\/\/blog.zeit.de\/zeit-der-leser\/2010\/04\/01\/ein-loch-in-der-mauer\/\",\"name\":\"Ein Loch in der Mauer - ZEIT der Leser\",\"isPartOf\":{\"@id\":\"https:\/\/blog.zeit.de\/zeit-der-leser\/#website\"},\"datePublished\":\"2010-04-01T08:27:06+00:00\",\"dateModified\":\"2010-04-01T09:05:38+00:00\",\"author\":{\"@id\":\"https:\/\/blog.zeit.de\/zeit-der-leser\/#\/schema\/person\/e248c7ff5a10552f6a3bd5e9385b3667\"},\"breadcrumb\":{\"@id\":\"https:\/\/blog.zeit.de\/zeit-der-leser\/2010\/04\/01\/ein-loch-in-der-mauer\/#breadcrumb\"},\"inLanguage\":\"de\",\"potentialAction\":[{\"@type\":\"ReadAction\",\"target\":[\"https:\/\/blog.zeit.de\/zeit-der-leser\/2010\/04\/01\/ein-loch-in-der-mauer\/\"]}]},{\"@type\":\"BreadcrumbList\",\"@id\":\"https:\/\/blog.zeit.de\/zeit-der-leser\/2010\/04\/01\/ein-loch-in-der-mauer\/#breadcrumb\",\"itemListElement\":[{\"@type\":\"ListItem\",\"position\":1,\"name\":\"Startseite\",\"item\":\"https:\/\/blog.zeit.de\/zeit-der-leser\/\"},{\"@type\":\"ListItem\",\"position\":2,\"name\":\"Ein Loch in der Mauer\"}]},{\"@type\":\"WebSite\",\"@id\":\"https:\/\/blog.zeit.de\/zeit-der-leser\/#website\",\"url\":\"https:\/\/blog.zeit.de\/zeit-der-leser\/\",\"name\":\"ZEIT der Leser\",\"description\":\"Ein Blog mit Ihren Notizen, Gedichten und Bildern f\u00fcr die gedruckte ZEIT\",\"potentialAction\":[{\"@type\":\"SearchAction\",\"target\":{\"@type\":\"EntryPoint\",\"urlTemplate\":\"https:\/\/blog.zeit.de\/zeit-der-leser\/?s={search_term_string}\"},\"query-input\":\"required name=search_term_string\"}],\"inLanguage\":\"de\"},{\"@type\":\"Person\",\"@id\":\"https:\/\/blog.zeit.de\/zeit-der-leser\/#\/schema\/person\/e248c7ff5a10552f6a3bd5e9385b3667\",\"name\":\"Zeit der Leser\",\"image\":{\"@type\":\"ImageObject\",\"inLanguage\":\"de\",\"@id\":\"https:\/\/blog.zeit.de\/zeit-der-leser\/#\/schema\/person\/image\/\",\"url\":\"https:\/\/secure.gravatar.com\/avatar\/529bb2731085995bda6c8ba0e4da7e528ea8be4e6c7abdd217f176e2309035f6?s=96&d=mm&r=g\",\"contentUrl\":\"https:\/\/secure.gravatar.com\/avatar\/529bb2731085995bda6c8ba0e4da7e528ea8be4e6c7abdd217f176e2309035f6?s=96&d=mm&r=g\",\"caption\":\"Zeit der Leser\"},\"url\":\"https:\/\/blog.zeit.de\/zeit-der-leser\/author\/zeit-der-leser\/\"}]}<\/script>\n<!-- \/ Yoast SEO plugin. -->","yoast_head_json":{"title":"Ein Loch in der Mauer - ZEIT der Leser","robots":{"index":"index","follow":"follow","max-snippet":"max-snippet:-1","max-image-preview":"max-image-preview:large","max-video-preview":"max-video-preview:-1"},"canonical":"https:\/\/blog.zeit.de\/zeit-der-leser\/2010\/04\/01\/ein-loch-in-der-mauer\/","og_locale":"de_DE","og_type":"article","og_title":"Ein Loch in der Mauer - ZEIT der Leser","og_description":"Im April 1990, vor genau 20 Jahren, fuhren mein Schulfreund Peter Brandt und ich nach Berlin und R\u00fcgen. Kurz vor unserem Abitur wollten wir Zeitzeugen der Deutschen Einheit sein. So entstand auch das Foto, das Peter von mir gemacht hat: Mit dem Pickel schlage ich St\u00fccke aus der Berliner Mauer. Heute, 20 Jahre sp\u00e4ter, m\u00f6chte [&hellip;]","og_url":"https:\/\/blog.zeit.de\/zeit-der-leser\/2010\/04\/01\/ein-loch-in-der-mauer\/","og_site_name":"ZEIT der Leser","article_published_time":"2010-04-01T08:27:06+00:00","article_modified_time":"2010-04-01T09:05:38+00:00","author":"Zeit der Leser","twitter_card":"summary_large_image","twitter_misc":{"Geschrieben von":"Zeit der Leser","Gesch\u00e4tzte Lesezeit":"1\u00a0Minute"},"schema":{"@context":"https:\/\/schema.org","@graph":[{"@type":"WebPage","@id":"https:\/\/blog.zeit.de\/zeit-der-leser\/2010\/04\/01\/ein-loch-in-der-mauer\/","url":"https:\/\/blog.zeit.de\/zeit-der-leser\/2010\/04\/01\/ein-loch-in-der-mauer\/","name":"Ein Loch in der Mauer - ZEIT der Leser","isPartOf":{"@id":"https:\/\/blog.zeit.de\/zeit-der-leser\/#website"},"datePublished":"2010-04-01T08:27:06+00:00","dateModified":"2010-04-01T09:05:38+00:00","author":{"@id":"https:\/\/blog.zeit.de\/zeit-der-leser\/#\/schema\/person\/e248c7ff5a10552f6a3bd5e9385b3667"},"breadcrumb":{"@id":"https:\/\/blog.zeit.de\/zeit-der-leser\/2010\/04\/01\/ein-loch-in-der-mauer\/#breadcrumb"},"inLanguage":"de","potentialAction":[{"@type":"ReadAction","target":["https:\/\/blog.zeit.de\/zeit-der-leser\/2010\/04\/01\/ein-loch-in-der-mauer\/"]}]},{"@type":"BreadcrumbList","@id":"https:\/\/blog.zeit.de\/zeit-der-leser\/2010\/04\/01\/ein-loch-in-der-mauer\/#breadcrumb","itemListElement":[{"@type":"ListItem","position":1,"name":"Startseite","item":"https:\/\/blog.zeit.de\/zeit-der-leser\/"},{"@type":"ListItem","position":2,"name":"Ein Loch in der Mauer"}]},{"@type":"WebSite","@id":"https:\/\/blog.zeit.de\/zeit-der-leser\/#website","url":"https:\/\/blog.zeit.de\/zeit-der-leser\/","name":"ZEIT der Leser","description":"Ein Blog mit Ihren Notizen, Gedichten und Bildern f\u00fcr die gedruckte ZEIT","potentialAction":[{"@type":"SearchAction","target":{"@type":"EntryPoint","urlTemplate":"https:\/\/blog.zeit.de\/zeit-der-leser\/?s={search_term_string}"},"query-input":"required name=search_term_string"}],"inLanguage":"de"},{"@type":"Person","@id":"https:\/\/blog.zeit.de\/zeit-der-leser\/#\/schema\/person\/e248c7ff5a10552f6a3bd5e9385b3667","name":"Zeit der Leser","image":{"@type":"ImageObject","inLanguage":"de","@id":"https:\/\/blog.zeit.de\/zeit-der-leser\/#\/schema\/person\/image\/","url":"https:\/\/secure.gravatar.com\/avatar\/529bb2731085995bda6c8ba0e4da7e528ea8be4e6c7abdd217f176e2309035f6?s=96&d=mm&r=g","contentUrl":"https:\/\/secure.gravatar.com\/avatar\/529bb2731085995bda6c8ba0e4da7e528ea8be4e6c7abdd217f176e2309035f6?s=96&d=mm&r=g","caption":"Zeit der Leser"},"url":"https:\/\/blog.zeit.de\/zeit-der-leser\/author\/zeit-der-leser\/"}]}},"jetpack_featured_media_url":"","jetpack_sharing_enabled":true,"_links":{"self":[{"href":"https:\/\/blog.zeit.de\/zeit-der-leser\/wp-json\/wp\/v2\/posts\/77","targetHints":{"allow":["GET"]}}],"collection":[{"href":"https:\/\/blog.zeit.de\/zeit-der-leser\/wp-json\/wp\/v2\/posts"}],"about":[{"href":"https:\/\/blog.zeit.de\/zeit-der-leser\/wp-json\/wp\/v2\/types\/post"}],"author":[{"embeddable":true,"href":"https:\/\/blog.zeit.de\/zeit-der-leser\/wp-json\/wp\/v2\/users\/264"}],"replies":[{"embeddable":true,"href":"https:\/\/blog.zeit.de\/zeit-der-leser\/wp-json\/wp\/v2\/comments?post=77"}],"version-history":[{"count":0,"href":"https:\/\/blog.zeit.de\/zeit-der-leser\/wp-json\/wp\/v2\/posts\/77\/revisions"}],"wp:attachment":[{"href":"https:\/\/blog.zeit.de\/zeit-der-leser\/wp-json\/wp\/v2\/media?parent=77"}],"wp:term":[{"taxonomy":"category","embeddable":true,"href":"https:\/\/blog.zeit.de\/zeit-der-leser\/wp-json\/wp\/v2\/categories?post=77"},{"taxonomy":"post_tag","embeddable":true,"href":"https:\/\/blog.zeit.de\/zeit-der-leser\/wp-json\/wp\/v2\/tags?post=77"}],"curies":[{"name":"wp","href":"https:\/\/api.w.org\/{rel}","templated":true}]}}