{"id":7714,"date":"2011-11-18T10:00:02","date_gmt":"2011-11-18T09:00:02","guid":{"rendered":"http:\/\/blog.zeit.de\/zeit-der-leser\/?p=7714"},"modified":"2011-11-15T11:47:51","modified_gmt":"2011-11-15T10:47:51","slug":"zwei-historiker-bitten-um-hilfe-2","status":"publish","type":"post","link":"https:\/\/blog.zeit.de\/zeit-der-leser\/2011\/11\/18\/zwei-historiker-bitten-um-hilfe-2\/","title":{"rendered":"Zwei Historiker bitten um Hilfe"},"content":{"rendered":"<p>Wir sind zwei Historiker aus Hannover und Potsdam und forschen auf dem Gebiet der deutschen Filmberichterstattung w\u00e4hrend des Zweiten Weltkriegs. Zwischen 1939 und 1945 nahmen die Kameram\u00e4nner der sogenannten Propagandakompanien an den Fronten das Material auf, das durch die Deutsche Wochenschau GmbH in Berlin zu den ikonischen Kriegswochenschauen verarbeitet wurde. Viele der bis heute bekanntesten Bilder des Zweiten Weltkriegs stammen von diesen Kameram\u00e4nnern, \u00fcber deren Biografien meist wenig bekannt ist. Das Rohmaterial ihrer Aufnahmen muss zum \u00fcberwiegenden Teil als im Krieg verloren gelten. Auch archivalische Schriftquellen sind l\u00fcckenhaft und weit zersplittert. Wir suchen daher nach privaten\u00dcberlieferungen von Film-, aber auch Bildberichtern der Propagandakompanien, von Mitgliedern der Filmstellen von Partei und Wehrmacht sowie von Mitarbeitern der deutschen Wochenschau. Zeitzeugen, Angeh\u00f6rige und sonstige Privatpersonen, die u\u0308ber Nachl\u00e4sse, Schriftwechsel, Fotografien, biografische Materialien<br \/>\noder \u00c4hnliches verf\u00fcgen und uns gestatten w\u00fcrden, Einsicht zu nehmen, m\u00f6chten wir bitten, uns unter einer der folgenden Adressen zu kontaktieren:<br \/>\nDirk Alt, M\u00e4rchenweg 26, 30938 Burgwedel,<br \/>\nDirkAlt@gmx.de<br \/>\noder<br \/>\nAlexander Z\u00f6ller, Zeppelinstra\u00dfe 62, 14471 Potsdam,<br \/>\nalexander.zoeller@fh-potsdam.de.<br \/>\nDirk Alt, Burgwedel<\/p>\n","protected":false},"excerpt":{"rendered":"<p>Wir sind zwei Historiker aus Hannover und Potsdam und forschen auf dem Gebiet der deutschen Filmberichterstattung w\u00e4hrend des Zweiten Weltkriegs. Zwischen 1939 und 1945 nahmen die Kameram\u00e4nner der sogenannten Propagandakompanien an den Fronten das Material auf, das durch die Deutsche Wochenschau GmbH in Berlin zu den ikonischen Kriegswochenschauen verarbeitet wurde. Viele der bis heute bekanntesten [&hellip;]<\/p>\n","protected":false},"author":323,"featured_media":0,"comment_status":"open","ping_status":"open","sticky":false,"template":"","format":"standard","meta":{"_jetpack_memberships_contains_paid_content":false,"footnotes":""},"categories":[1],"tags":[],"class_list":["post-7714","post","type-post","status-publish","format-standard","hentry","category-allgemein"],"yoast_head":"<!-- This site is optimized with the Yoast SEO plugin v21.0 - https:\/\/yoast.com\/wordpress\/plugins\/seo\/ -->\n<title>Zwei Historiker bitten um Hilfe - ZEIT der Leser<\/title>\n<meta name=\"robots\" content=\"index, follow, max-snippet:-1, max-image-preview:large, max-video-preview:-1\" \/>\n<link rel=\"canonical\" href=\"https:\/\/blog.zeit.de\/zeit-der-leser\/2011\/11\/18\/zwei-historiker-bitten-um-hilfe-2\/\" \/>\n<meta property=\"og:locale\" content=\"de_DE\" \/>\n<meta property=\"og:type\" content=\"article\" \/>\n<meta property=\"og:title\" content=\"Zwei Historiker bitten um Hilfe - ZEIT der Leser\" \/>\n<meta property=\"og:description\" content=\"Wir sind zwei Historiker aus Hannover und Potsdam und forschen auf dem Gebiet der deutschen Filmberichterstattung w\u00e4hrend des Zweiten Weltkriegs. Zwischen 1939 und 1945 nahmen die Kameram\u00e4nner der sogenannten Propagandakompanien an den Fronten das Material auf, das durch die Deutsche Wochenschau GmbH in Berlin zu den ikonischen Kriegswochenschauen verarbeitet wurde. Viele der bis heute bekanntesten [&hellip;]\" \/>\n<meta property=\"og:url\" content=\"https:\/\/blog.zeit.de\/zeit-der-leser\/2011\/11\/18\/zwei-historiker-bitten-um-hilfe-2\/\" \/>\n<meta property=\"og:site_name\" content=\"ZEIT der Leser\" \/>\n<meta property=\"article:published_time\" content=\"2011-11-18T09:00:02+00:00\" \/>\n<meta property=\"article:modified_time\" content=\"2011-11-15T10:47:51+00:00\" \/>\n<meta name=\"author\" content=\"Franziska Kelch\" \/>\n<meta name=\"twitter:card\" content=\"summary_large_image\" \/>\n<meta name=\"twitter:label1\" content=\"Geschrieben von\" \/>\n\t<meta name=\"twitter:data1\" content=\"Franziska Kelch\" \/>\n\t<meta name=\"twitter:label2\" content=\"Gesch\u00e4tzte Lesezeit\" \/>\n\t<meta name=\"twitter:data2\" content=\"1\u00a0Minute\" \/>\n<script type=\"application\/ld+json\" class=\"yoast-schema-graph\">{\"@context\":\"https:\/\/schema.org\",\"@graph\":[{\"@type\":\"WebPage\",\"@id\":\"https:\/\/blog.zeit.de\/zeit-der-leser\/2011\/11\/18\/zwei-historiker-bitten-um-hilfe-2\/\",\"url\":\"https:\/\/blog.zeit.de\/zeit-der-leser\/2011\/11\/18\/zwei-historiker-bitten-um-hilfe-2\/\",\"name\":\"Zwei Historiker bitten um Hilfe - ZEIT der Leser\",\"isPartOf\":{\"@id\":\"https:\/\/blog.zeit.de\/zeit-der-leser\/#website\"},\"datePublished\":\"2011-11-18T09:00:02+00:00\",\"dateModified\":\"2011-11-15T10:47:51+00:00\",\"author\":{\"@id\":\"https:\/\/blog.zeit.de\/zeit-der-leser\/#\/schema\/person\/eaa3c3ed8f838c4aafcd25e9710fcc68\"},\"breadcrumb\":{\"@id\":\"https:\/\/blog.zeit.de\/zeit-der-leser\/2011\/11\/18\/zwei-historiker-bitten-um-hilfe-2\/#breadcrumb\"},\"inLanguage\":\"de\",\"potentialAction\":[{\"@type\":\"ReadAction\",\"target\":[\"https:\/\/blog.zeit.de\/zeit-der-leser\/2011\/11\/18\/zwei-historiker-bitten-um-hilfe-2\/\"]}]},{\"@type\":\"BreadcrumbList\",\"@id\":\"https:\/\/blog.zeit.de\/zeit-der-leser\/2011\/11\/18\/zwei-historiker-bitten-um-hilfe-2\/#breadcrumb\",\"itemListElement\":[{\"@type\":\"ListItem\",\"position\":1,\"name\":\"Startseite\",\"item\":\"https:\/\/blog.zeit.de\/zeit-der-leser\/\"},{\"@type\":\"ListItem\",\"position\":2,\"name\":\"Zwei Historiker bitten um Hilfe\"}]},{\"@type\":\"WebSite\",\"@id\":\"https:\/\/blog.zeit.de\/zeit-der-leser\/#website\",\"url\":\"https:\/\/blog.zeit.de\/zeit-der-leser\/\",\"name\":\"ZEIT der Leser\",\"description\":\"Ein Blog mit Ihren Notizen, Gedichten und Bildern f\u00fcr die gedruckte ZEIT\",\"potentialAction\":[{\"@type\":\"SearchAction\",\"target\":{\"@type\":\"EntryPoint\",\"urlTemplate\":\"https:\/\/blog.zeit.de\/zeit-der-leser\/?s={search_term_string}\"},\"query-input\":\"required name=search_term_string\"}],\"inLanguage\":\"de\"},{\"@type\":\"Person\",\"@id\":\"https:\/\/blog.zeit.de\/zeit-der-leser\/#\/schema\/person\/eaa3c3ed8f838c4aafcd25e9710fcc68\",\"name\":\"Franziska Kelch\",\"image\":{\"@type\":\"ImageObject\",\"inLanguage\":\"de\",\"@id\":\"https:\/\/blog.zeit.de\/zeit-der-leser\/#\/schema\/person\/image\/\",\"url\":\"https:\/\/secure.gravatar.com\/avatar\/d7ae2b2bfc4c5c08ed3435dc2ecf53fcb6d4234c0aa486b8b64ce6549a61a378?s=96&d=mm&r=g\",\"contentUrl\":\"https:\/\/secure.gravatar.com\/avatar\/d7ae2b2bfc4c5c08ed3435dc2ecf53fcb6d4234c0aa486b8b64ce6549a61a378?s=96&d=mm&r=g\",\"caption\":\"Franziska Kelch\"},\"url\":\"https:\/\/blog.zeit.de\/zeit-der-leser\/author\/franziska-kelch\/\"}]}<\/script>\n<!-- \/ Yoast SEO plugin. -->","yoast_head_json":{"title":"Zwei Historiker bitten um Hilfe - ZEIT der Leser","robots":{"index":"index","follow":"follow","max-snippet":"max-snippet:-1","max-image-preview":"max-image-preview:large","max-video-preview":"max-video-preview:-1"},"canonical":"https:\/\/blog.zeit.de\/zeit-der-leser\/2011\/11\/18\/zwei-historiker-bitten-um-hilfe-2\/","og_locale":"de_DE","og_type":"article","og_title":"Zwei Historiker bitten um Hilfe - ZEIT der Leser","og_description":"Wir sind zwei Historiker aus Hannover und Potsdam und forschen auf dem Gebiet der deutschen Filmberichterstattung w\u00e4hrend des Zweiten Weltkriegs. Zwischen 1939 und 1945 nahmen die Kameram\u00e4nner der sogenannten Propagandakompanien an den Fronten das Material auf, das durch die Deutsche Wochenschau GmbH in Berlin zu den ikonischen Kriegswochenschauen verarbeitet wurde. Viele der bis heute bekanntesten [&hellip;]","og_url":"https:\/\/blog.zeit.de\/zeit-der-leser\/2011\/11\/18\/zwei-historiker-bitten-um-hilfe-2\/","og_site_name":"ZEIT der Leser","article_published_time":"2011-11-18T09:00:02+00:00","article_modified_time":"2011-11-15T10:47:51+00:00","author":"Franziska Kelch","twitter_card":"summary_large_image","twitter_misc":{"Geschrieben von":"Franziska Kelch","Gesch\u00e4tzte Lesezeit":"1\u00a0Minute"},"schema":{"@context":"https:\/\/schema.org","@graph":[{"@type":"WebPage","@id":"https:\/\/blog.zeit.de\/zeit-der-leser\/2011\/11\/18\/zwei-historiker-bitten-um-hilfe-2\/","url":"https:\/\/blog.zeit.de\/zeit-der-leser\/2011\/11\/18\/zwei-historiker-bitten-um-hilfe-2\/","name":"Zwei Historiker bitten um Hilfe - ZEIT der Leser","isPartOf":{"@id":"https:\/\/blog.zeit.de\/zeit-der-leser\/#website"},"datePublished":"2011-11-18T09:00:02+00:00","dateModified":"2011-11-15T10:47:51+00:00","author":{"@id":"https:\/\/blog.zeit.de\/zeit-der-leser\/#\/schema\/person\/eaa3c3ed8f838c4aafcd25e9710fcc68"},"breadcrumb":{"@id":"https:\/\/blog.zeit.de\/zeit-der-leser\/2011\/11\/18\/zwei-historiker-bitten-um-hilfe-2\/#breadcrumb"},"inLanguage":"de","potentialAction":[{"@type":"ReadAction","target":["https:\/\/blog.zeit.de\/zeit-der-leser\/2011\/11\/18\/zwei-historiker-bitten-um-hilfe-2\/"]}]},{"@type":"BreadcrumbList","@id":"https:\/\/blog.zeit.de\/zeit-der-leser\/2011\/11\/18\/zwei-historiker-bitten-um-hilfe-2\/#breadcrumb","itemListElement":[{"@type":"ListItem","position":1,"name":"Startseite","item":"https:\/\/blog.zeit.de\/zeit-der-leser\/"},{"@type":"ListItem","position":2,"name":"Zwei Historiker bitten um Hilfe"}]},{"@type":"WebSite","@id":"https:\/\/blog.zeit.de\/zeit-der-leser\/#website","url":"https:\/\/blog.zeit.de\/zeit-der-leser\/","name":"ZEIT der Leser","description":"Ein Blog mit Ihren Notizen, Gedichten und Bildern f\u00fcr die gedruckte ZEIT","potentialAction":[{"@type":"SearchAction","target":{"@type":"EntryPoint","urlTemplate":"https:\/\/blog.zeit.de\/zeit-der-leser\/?s={search_term_string}"},"query-input":"required name=search_term_string"}],"inLanguage":"de"},{"@type":"Person","@id":"https:\/\/blog.zeit.de\/zeit-der-leser\/#\/schema\/person\/eaa3c3ed8f838c4aafcd25e9710fcc68","name":"Franziska Kelch","image":{"@type":"ImageObject","inLanguage":"de","@id":"https:\/\/blog.zeit.de\/zeit-der-leser\/#\/schema\/person\/image\/","url":"https:\/\/secure.gravatar.com\/avatar\/d7ae2b2bfc4c5c08ed3435dc2ecf53fcb6d4234c0aa486b8b64ce6549a61a378?s=96&d=mm&r=g","contentUrl":"https:\/\/secure.gravatar.com\/avatar\/d7ae2b2bfc4c5c08ed3435dc2ecf53fcb6d4234c0aa486b8b64ce6549a61a378?s=96&d=mm&r=g","caption":"Franziska Kelch"},"url":"https:\/\/blog.zeit.de\/zeit-der-leser\/author\/franziska-kelch\/"}]}},"jetpack_featured_media_url":"","jetpack_sharing_enabled":true,"_links":{"self":[{"href":"https:\/\/blog.zeit.de\/zeit-der-leser\/wp-json\/wp\/v2\/posts\/7714","targetHints":{"allow":["GET"]}}],"collection":[{"href":"https:\/\/blog.zeit.de\/zeit-der-leser\/wp-json\/wp\/v2\/posts"}],"about":[{"href":"https:\/\/blog.zeit.de\/zeit-der-leser\/wp-json\/wp\/v2\/types\/post"}],"author":[{"embeddable":true,"href":"https:\/\/blog.zeit.de\/zeit-der-leser\/wp-json\/wp\/v2\/users\/323"}],"replies":[{"embeddable":true,"href":"https:\/\/blog.zeit.de\/zeit-der-leser\/wp-json\/wp\/v2\/comments?post=7714"}],"version-history":[{"count":3,"href":"https:\/\/blog.zeit.de\/zeit-der-leser\/wp-json\/wp\/v2\/posts\/7714\/revisions"}],"predecessor-version":[{"id":7717,"href":"https:\/\/blog.zeit.de\/zeit-der-leser\/wp-json\/wp\/v2\/posts\/7714\/revisions\/7717"}],"wp:attachment":[{"href":"https:\/\/blog.zeit.de\/zeit-der-leser\/wp-json\/wp\/v2\/media?parent=7714"}],"wp:term":[{"taxonomy":"category","embeddable":true,"href":"https:\/\/blog.zeit.de\/zeit-der-leser\/wp-json\/wp\/v2\/categories?post=7714"},{"taxonomy":"post_tag","embeddable":true,"href":"https:\/\/blog.zeit.de\/zeit-der-leser\/wp-json\/wp\/v2\/tags?post=7714"}],"curies":[{"name":"wp","href":"https:\/\/api.w.org\/{rel}","templated":true}]}}