{"id":7754,"date":"2011-11-21T10:00:08","date_gmt":"2011-11-21T09:00:08","guid":{"rendered":"http:\/\/blog.zeit.de\/zeit-der-leser\/?p=7754"},"modified":"2011-11-17T10:50:34","modified_gmt":"2011-11-17T09:50:34","slug":"wiedergefunden-die-hundertjahrige-karte","status":"publish","type":"post","link":"https:\/\/blog.zeit.de\/zeit-der-leser\/2011\/11\/21\/wiedergefunden-die-hundertjahrige-karte\/","title":{"rendered":"Wiedergefunden: Die hundertj\u00e4hrige Karte"},"content":{"rendered":"<p><a href=\"https:\/\/blog.zeit.de\/zeit-der-leser\/files\/2011\/11\/s98-wiedergefunden-1.jpg\"><img loading=\"lazy\" decoding=\"async\" class=\"alignnone size-full wp-image-7755\" src=\"https:\/\/blog.zeit.de\/zeit-der-leser\/files\/2011\/11\/s98-wiedergefunden-1.jpg\" alt=\"\" width=\"180\" height=\"276\" \/><\/a><a href=\"https:\/\/blog.zeit.de\/zeit-der-leser\/files\/2011\/11\/s98-wiedergefunden-2.jpg\"><img loading=\"lazy\" decoding=\"async\" class=\"alignnone size-full wp-image-7756\" src=\"https:\/\/blog.zeit.de\/zeit-der-leser\/files\/2011\/11\/s98-wiedergefunden-2.jpg\" alt=\"\" width=\"180\" height=\"276\" \/><\/a><br \/>\nAls ich zur Frauen-Fu\u00dfball-WM ein Panini-Sammelalbum kaufte, um es der Tochter einer Freundin zu schenken, ist meine eigene Sammelleidenschaft erwacht. Und beim Einkleben der Bildchen fiel mir ein, dass meine Oma, Jahrgang 1898, fr\u00fcher auch ein Sammelalbum hatte. Ich habe in den alten Alben gest\u00f6bert und entdeckt: Meine Oma sammelte nicht nur die Bilder von Liebig\u2019s Fleischextrakt und die Schokoladenbilder der Firma Stollwerck, sondern auch Postkarten. So stie\u00df ich auf diese Postkarte, die dieser Tage tats\u00e4chlich 100 Jahre alt wurde, und mit etwas M\u00fche haben wir den Text auf der R\u00fcckseite entziffert: \u00bbLiebe Helene, sende dieses K\u00e4rtlein fein, fu\u0308r Dich ins Album hinein, hoffentlich wird noch ein Pl\u00e4tzchen darin sein. Herzliche Gr\u00fc\u00dfe, Tante Traudel\u00ab. Was meine Oma wohl sagen w\u00fcrde, wenn sie sehen k\u00f6nnte, wie sich unsere Kommunikationswege in 100 Jahren ver\u00e4ndert haben?<\/p>\n<p><em>Angela Signon, Niedernhausen<\/em><\/p>\n","protected":false},"excerpt":{"rendered":"<p>Als ich zur Frauen-Fu\u00dfball-WM ein Panini-Sammelalbum kaufte, um es der Tochter einer Freundin zu schenken, ist meine eigene Sammelleidenschaft erwacht. Und beim Einkleben der Bildchen fiel mir ein, dass meine Oma, Jahrgang 1898, fr\u00fcher auch ein Sammelalbum hatte. Ich habe in den alten Alben gest\u00f6bert und entdeckt: Meine Oma sammelte nicht nur die Bilder von [&hellip;]<\/p>\n","protected":false},"author":265,"featured_media":0,"comment_status":"open","ping_status":"open","sticky":false,"template":"","format":"standard","meta":{"_jetpack_memberships_contains_paid_content":false,"footnotes":""},"categories":[1876],"tags":[],"class_list":["post-7754","post","type-post","status-publish","format-standard","hentry","category-wiedergefunden"],"yoast_head":"<!-- This site is optimized with the Yoast SEO plugin v21.0 - https:\/\/yoast.com\/wordpress\/plugins\/seo\/ -->\n<title>Wiedergefunden: Die hundertj\u00e4hrige Karte - ZEIT der Leser<\/title>\n<meta name=\"robots\" content=\"index, follow, max-snippet:-1, max-image-preview:large, max-video-preview:-1\" \/>\n<link rel=\"canonical\" href=\"https:\/\/blog.zeit.de\/zeit-der-leser\/2011\/11\/21\/wiedergefunden-die-hundertjahrige-karte\/\" \/>\n<meta property=\"og:locale\" content=\"de_DE\" \/>\n<meta property=\"og:type\" content=\"article\" \/>\n<meta property=\"og:title\" content=\"Wiedergefunden: Die hundertj\u00e4hrige Karte - ZEIT der Leser\" \/>\n<meta property=\"og:description\" content=\"Als ich zur Frauen-Fu\u00dfball-WM ein Panini-Sammelalbum kaufte, um es der Tochter einer Freundin zu schenken, ist meine eigene Sammelleidenschaft erwacht. Und beim Einkleben der Bildchen fiel mir ein, dass meine Oma, Jahrgang 1898, fr\u00fcher auch ein Sammelalbum hatte. Ich habe in den alten Alben gest\u00f6bert und entdeckt: Meine Oma sammelte nicht nur die Bilder von [&hellip;]\" \/>\n<meta property=\"og:url\" content=\"https:\/\/blog.zeit.de\/zeit-der-leser\/2011\/11\/21\/wiedergefunden-die-hundertjahrige-karte\/\" \/>\n<meta property=\"og:site_name\" content=\"ZEIT der Leser\" \/>\n<meta property=\"article:published_time\" content=\"2011-11-21T09:00:08+00:00\" \/>\n<meta property=\"article:modified_time\" content=\"2011-11-17T09:50:34+00:00\" \/>\n<meta property=\"og:image\" content=\"https:\/\/blog.zeit.de\/zeit-der-leser\/files\/2011\/11\/s98-wiedergefunden-1.jpg\" \/>\n<meta name=\"author\" content=\"&quot;Zeit der Leser&quot;-Redaktion\" \/>\n<meta name=\"twitter:card\" content=\"summary_large_image\" \/>\n<meta name=\"twitter:label1\" content=\"Geschrieben von\" \/>\n\t<meta name=\"twitter:data1\" content=\"\"Zeit der Leser\"-Redaktion\" \/>\n\t<meta name=\"twitter:label2\" content=\"Gesch\u00e4tzte Lesezeit\" \/>\n\t<meta name=\"twitter:data2\" content=\"1\u00a0Minute\" \/>\n<script type=\"application\/ld+json\" class=\"yoast-schema-graph\">{\"@context\":\"https:\/\/schema.org\",\"@graph\":[{\"@type\":\"WebPage\",\"@id\":\"https:\/\/blog.zeit.de\/zeit-der-leser\/2011\/11\/21\/wiedergefunden-die-hundertjahrige-karte\/\",\"url\":\"https:\/\/blog.zeit.de\/zeit-der-leser\/2011\/11\/21\/wiedergefunden-die-hundertjahrige-karte\/\",\"name\":\"Wiedergefunden: Die hundertj\u00e4hrige Karte - ZEIT der Leser\",\"isPartOf\":{\"@id\":\"https:\/\/blog.zeit.de\/zeit-der-leser\/#website\"},\"datePublished\":\"2011-11-21T09:00:08+00:00\",\"dateModified\":\"2011-11-17T09:50:34+00:00\",\"author\":{\"@id\":\"https:\/\/blog.zeit.de\/zeit-der-leser\/#\/schema\/person\/583b14e5ad6368c23af846ecbde9f20f\"},\"breadcrumb\":{\"@id\":\"https:\/\/blog.zeit.de\/zeit-der-leser\/2011\/11\/21\/wiedergefunden-die-hundertjahrige-karte\/#breadcrumb\"},\"inLanguage\":\"de\",\"potentialAction\":[{\"@type\":\"ReadAction\",\"target\":[\"https:\/\/blog.zeit.de\/zeit-der-leser\/2011\/11\/21\/wiedergefunden-die-hundertjahrige-karte\/\"]}]},{\"@type\":\"BreadcrumbList\",\"@id\":\"https:\/\/blog.zeit.de\/zeit-der-leser\/2011\/11\/21\/wiedergefunden-die-hundertjahrige-karte\/#breadcrumb\",\"itemListElement\":[{\"@type\":\"ListItem\",\"position\":1,\"name\":\"Startseite\",\"item\":\"https:\/\/blog.zeit.de\/zeit-der-leser\/\"},{\"@type\":\"ListItem\",\"position\":2,\"name\":\"Wiedergefunden: Die hundertj\u00e4hrige Karte\"}]},{\"@type\":\"WebSite\",\"@id\":\"https:\/\/blog.zeit.de\/zeit-der-leser\/#website\",\"url\":\"https:\/\/blog.zeit.de\/zeit-der-leser\/\",\"name\":\"ZEIT der Leser\",\"description\":\"Ein Blog mit Ihren Notizen, Gedichten und Bildern f\u00fcr die gedruckte ZEIT\",\"potentialAction\":[{\"@type\":\"SearchAction\",\"target\":{\"@type\":\"EntryPoint\",\"urlTemplate\":\"https:\/\/blog.zeit.de\/zeit-der-leser\/?s={search_term_string}\"},\"query-input\":\"required name=search_term_string\"}],\"inLanguage\":\"de\"},{\"@type\":\"Person\",\"@id\":\"https:\/\/blog.zeit.de\/zeit-der-leser\/#\/schema\/person\/583b14e5ad6368c23af846ecbde9f20f\",\"name\":\"\\\"Zeit der Leser\\\"-Redaktion\",\"image\":{\"@type\":\"ImageObject\",\"inLanguage\":\"de\",\"@id\":\"https:\/\/blog.zeit.de\/zeit-der-leser\/#\/schema\/person\/image\/\",\"url\":\"https:\/\/secure.gravatar.com\/avatar\/e801a681bd3bbf2345131a815930b48d9f8e0a94de1346b624840dc850f67ad0?s=96&d=mm&r=g\",\"contentUrl\":\"https:\/\/secure.gravatar.com\/avatar\/e801a681bd3bbf2345131a815930b48d9f8e0a94de1346b624840dc850f67ad0?s=96&d=mm&r=g\",\"caption\":\"\\\"Zeit der Leser\\\"-Redaktion\"},\"url\":\"https:\/\/blog.zeit.de\/zeit-der-leser\/author\/zeit-der-leser-redaktion\/\"}]}<\/script>\n<!-- \/ Yoast SEO plugin. -->","yoast_head_json":{"title":"Wiedergefunden: Die hundertj\u00e4hrige Karte - ZEIT der Leser","robots":{"index":"index","follow":"follow","max-snippet":"max-snippet:-1","max-image-preview":"max-image-preview:large","max-video-preview":"max-video-preview:-1"},"canonical":"https:\/\/blog.zeit.de\/zeit-der-leser\/2011\/11\/21\/wiedergefunden-die-hundertjahrige-karte\/","og_locale":"de_DE","og_type":"article","og_title":"Wiedergefunden: Die hundertj\u00e4hrige Karte - ZEIT der Leser","og_description":"Als ich zur Frauen-Fu\u00dfball-WM ein Panini-Sammelalbum kaufte, um es der Tochter einer Freundin zu schenken, ist meine eigene Sammelleidenschaft erwacht. Und beim Einkleben der Bildchen fiel mir ein, dass meine Oma, Jahrgang 1898, fr\u00fcher auch ein Sammelalbum hatte. Ich habe in den alten Alben gest\u00f6bert und entdeckt: Meine Oma sammelte nicht nur die Bilder von [&hellip;]","og_url":"https:\/\/blog.zeit.de\/zeit-der-leser\/2011\/11\/21\/wiedergefunden-die-hundertjahrige-karte\/","og_site_name":"ZEIT der Leser","article_published_time":"2011-11-21T09:00:08+00:00","article_modified_time":"2011-11-17T09:50:34+00:00","og_image":[{"url":"https:\/\/blog.zeit.de\/zeit-der-leser\/files\/2011\/11\/s98-wiedergefunden-1.jpg"}],"author":"\"Zeit der Leser\"-Redaktion","twitter_card":"summary_large_image","twitter_misc":{"Geschrieben von":"\"Zeit der Leser\"-Redaktion","Gesch\u00e4tzte Lesezeit":"1\u00a0Minute"},"schema":{"@context":"https:\/\/schema.org","@graph":[{"@type":"WebPage","@id":"https:\/\/blog.zeit.de\/zeit-der-leser\/2011\/11\/21\/wiedergefunden-die-hundertjahrige-karte\/","url":"https:\/\/blog.zeit.de\/zeit-der-leser\/2011\/11\/21\/wiedergefunden-die-hundertjahrige-karte\/","name":"Wiedergefunden: Die hundertj\u00e4hrige Karte - ZEIT der Leser","isPartOf":{"@id":"https:\/\/blog.zeit.de\/zeit-der-leser\/#website"},"datePublished":"2011-11-21T09:00:08+00:00","dateModified":"2011-11-17T09:50:34+00:00","author":{"@id":"https:\/\/blog.zeit.de\/zeit-der-leser\/#\/schema\/person\/583b14e5ad6368c23af846ecbde9f20f"},"breadcrumb":{"@id":"https:\/\/blog.zeit.de\/zeit-der-leser\/2011\/11\/21\/wiedergefunden-die-hundertjahrige-karte\/#breadcrumb"},"inLanguage":"de","potentialAction":[{"@type":"ReadAction","target":["https:\/\/blog.zeit.de\/zeit-der-leser\/2011\/11\/21\/wiedergefunden-die-hundertjahrige-karte\/"]}]},{"@type":"BreadcrumbList","@id":"https:\/\/blog.zeit.de\/zeit-der-leser\/2011\/11\/21\/wiedergefunden-die-hundertjahrige-karte\/#breadcrumb","itemListElement":[{"@type":"ListItem","position":1,"name":"Startseite","item":"https:\/\/blog.zeit.de\/zeit-der-leser\/"},{"@type":"ListItem","position":2,"name":"Wiedergefunden: Die hundertj\u00e4hrige Karte"}]},{"@type":"WebSite","@id":"https:\/\/blog.zeit.de\/zeit-der-leser\/#website","url":"https:\/\/blog.zeit.de\/zeit-der-leser\/","name":"ZEIT der Leser","description":"Ein Blog mit Ihren Notizen, Gedichten und Bildern f\u00fcr die gedruckte ZEIT","potentialAction":[{"@type":"SearchAction","target":{"@type":"EntryPoint","urlTemplate":"https:\/\/blog.zeit.de\/zeit-der-leser\/?s={search_term_string}"},"query-input":"required name=search_term_string"}],"inLanguage":"de"},{"@type":"Person","@id":"https:\/\/blog.zeit.de\/zeit-der-leser\/#\/schema\/person\/583b14e5ad6368c23af846ecbde9f20f","name":"\"Zeit der Leser\"-Redaktion","image":{"@type":"ImageObject","inLanguage":"de","@id":"https:\/\/blog.zeit.de\/zeit-der-leser\/#\/schema\/person\/image\/","url":"https:\/\/secure.gravatar.com\/avatar\/e801a681bd3bbf2345131a815930b48d9f8e0a94de1346b624840dc850f67ad0?s=96&d=mm&r=g","contentUrl":"https:\/\/secure.gravatar.com\/avatar\/e801a681bd3bbf2345131a815930b48d9f8e0a94de1346b624840dc850f67ad0?s=96&d=mm&r=g","caption":"\"Zeit der Leser\"-Redaktion"},"url":"https:\/\/blog.zeit.de\/zeit-der-leser\/author\/zeit-der-leser-redaktion\/"}]}},"jetpack_featured_media_url":"","jetpack_sharing_enabled":true,"_links":{"self":[{"href":"https:\/\/blog.zeit.de\/zeit-der-leser\/wp-json\/wp\/v2\/posts\/7754","targetHints":{"allow":["GET"]}}],"collection":[{"href":"https:\/\/blog.zeit.de\/zeit-der-leser\/wp-json\/wp\/v2\/posts"}],"about":[{"href":"https:\/\/blog.zeit.de\/zeit-der-leser\/wp-json\/wp\/v2\/types\/post"}],"author":[{"embeddable":true,"href":"https:\/\/blog.zeit.de\/zeit-der-leser\/wp-json\/wp\/v2\/users\/265"}],"replies":[{"embeddable":true,"href":"https:\/\/blog.zeit.de\/zeit-der-leser\/wp-json\/wp\/v2\/comments?post=7754"}],"version-history":[{"count":2,"href":"https:\/\/blog.zeit.de\/zeit-der-leser\/wp-json\/wp\/v2\/posts\/7754\/revisions"}],"predecessor-version":[{"id":7758,"href":"https:\/\/blog.zeit.de\/zeit-der-leser\/wp-json\/wp\/v2\/posts\/7754\/revisions\/7758"}],"wp:attachment":[{"href":"https:\/\/blog.zeit.de\/zeit-der-leser\/wp-json\/wp\/v2\/media?parent=7754"}],"wp:term":[{"taxonomy":"category","embeddable":true,"href":"https:\/\/blog.zeit.de\/zeit-der-leser\/wp-json\/wp\/v2\/categories?post=7754"},{"taxonomy":"post_tag","embeddable":true,"href":"https:\/\/blog.zeit.de\/zeit-der-leser\/wp-json\/wp\/v2\/tags?post=7754"}],"curies":[{"name":"wp","href":"https:\/\/api.w.org\/{rel}","templated":true}]}}