{"id":7895,"date":"2011-12-02T10:00:18","date_gmt":"2011-12-02T09:00:18","guid":{"rendered":"http:\/\/blog.zeit.de\/zeit-der-leser\/?p=7895"},"modified":"2011-12-01T11:31:26","modified_gmt":"2011-12-01T10:31:26","slug":"wiedergefunden-das-protokoll","status":"publish","type":"post","link":"https:\/\/blog.zeit.de\/zeit-der-leser\/2011\/12\/02\/wiedergefunden-das-protokoll\/","title":{"rendered":"Wiedergefunden: Das Protokoll"},"content":{"rendered":"<p><a href=\"https:\/\/blog.zeit.de\/zeit-der-leser\/files\/2011\/12\/s102-wiedergefunden.jpg\"><img loading=\"lazy\" decoding=\"async\" class=\"aligncenter size-full wp-image-7896\" src=\"https:\/\/blog.zeit.de\/zeit-der-leser\/files\/2011\/12\/s102-wiedergefunden.jpg\" alt=\"\" width=\"180\" height=\"254\" \/><\/a><\/p>\n<p>Nach der Errichtung der Berliner Mauer 1961 hatte der Chor der Hamburger Kirchengemeinde St. Markus Kontakt zu\u00a0 einem Chor in Prenzlauer Berg, und so besuchten wir ein- bis zweimal j\u00e4hrlich Ost-Berlin, um dort gemeinsam im Gottesdienst zu musizieren. Jeder Chors\u00e4nger war Gast einer Berliner Familie. Beim Besuch im M\u00e4rz 1966 bekam ich von meiner Ostberliner Gastfamilie zwei Schallplatten geschenkt und wollte sie mitnehmen in die Westberliner Unterkunft, aber die Zollverwaltung der DDR war dagegen: Ich hatte keinen Beleg, woher die Platten stammten. Ich sagte, es sei ein Geschenk von Freunden. Man akzeptierte das nicht und beschlagnahmte die Platten. Das Verh\u00f6r dauerte einige Zeit. Dann bekam ich das Protokoll, das ich vor Kurzem wiederfand.<br \/>\n<em>Helmut P. Hagge, Hamburg<\/em><\/p>\n","protected":false},"excerpt":{"rendered":"<p>Nach der Errichtung der Berliner Mauer 1961 hatte der Chor der Hamburger Kirchengemeinde St. Markus Kontakt zu\u00a0 einem Chor in Prenzlauer Berg, und so besuchten wir ein- bis zweimal j\u00e4hrlich Ost-Berlin, um dort gemeinsam im Gottesdienst zu musizieren. Jeder Chors\u00e4nger war Gast einer Berliner Familie. Beim Besuch im M\u00e4rz 1966 bekam ich von meiner Ostberliner [&hellip;]<\/p>\n","protected":false},"author":265,"featured_media":0,"comment_status":"open","ping_status":"open","sticky":false,"template":"","format":"standard","meta":{"_jetpack_memberships_contains_paid_content":false,"footnotes":""},"categories":[1876],"tags":[],"class_list":["post-7895","post","type-post","status-publish","format-standard","hentry","category-wiedergefunden"],"yoast_head":"<!-- This site is optimized with the Yoast SEO plugin v21.0 - https:\/\/yoast.com\/wordpress\/plugins\/seo\/ -->\n<title>Wiedergefunden: Das Protokoll - ZEIT der Leser<\/title>\n<meta name=\"robots\" content=\"index, follow, max-snippet:-1, max-image-preview:large, max-video-preview:-1\" \/>\n<link rel=\"canonical\" href=\"https:\/\/blog.zeit.de\/zeit-der-leser\/2011\/12\/02\/wiedergefunden-das-protokoll\/\" \/>\n<meta property=\"og:locale\" content=\"de_DE\" \/>\n<meta property=\"og:type\" content=\"article\" \/>\n<meta property=\"og:title\" content=\"Wiedergefunden: Das Protokoll - ZEIT der Leser\" \/>\n<meta property=\"og:description\" content=\"Nach der Errichtung der Berliner Mauer 1961 hatte der Chor der Hamburger Kirchengemeinde St. Markus Kontakt zu\u00a0 einem Chor in Prenzlauer Berg, und so besuchten wir ein- bis zweimal j\u00e4hrlich Ost-Berlin, um dort gemeinsam im Gottesdienst zu musizieren. Jeder Chors\u00e4nger war Gast einer Berliner Familie. Beim Besuch im M\u00e4rz 1966 bekam ich von meiner Ostberliner [&hellip;]\" \/>\n<meta property=\"og:url\" content=\"https:\/\/blog.zeit.de\/zeit-der-leser\/2011\/12\/02\/wiedergefunden-das-protokoll\/\" \/>\n<meta property=\"og:site_name\" content=\"ZEIT der Leser\" \/>\n<meta property=\"article:published_time\" content=\"2011-12-02T09:00:18+00:00\" \/>\n<meta property=\"article:modified_time\" content=\"2011-12-01T10:31:26+00:00\" \/>\n<meta property=\"og:image\" content=\"https:\/\/blog.zeit.de\/zeit-der-leser\/files\/2011\/12\/s102-wiedergefunden.jpg\" \/>\n<meta name=\"author\" content=\"&quot;Zeit der Leser&quot;-Redaktion\" \/>\n<meta name=\"twitter:card\" content=\"summary_large_image\" \/>\n<meta name=\"twitter:label1\" content=\"Geschrieben von\" \/>\n\t<meta name=\"twitter:data1\" content=\"\"Zeit der Leser\"-Redaktion\" \/>\n\t<meta name=\"twitter:label2\" content=\"Gesch\u00e4tzte Lesezeit\" \/>\n\t<meta name=\"twitter:data2\" content=\"1\u00a0Minute\" \/>\n<script type=\"application\/ld+json\" class=\"yoast-schema-graph\">{\"@context\":\"https:\/\/schema.org\",\"@graph\":[{\"@type\":\"WebPage\",\"@id\":\"https:\/\/blog.zeit.de\/zeit-der-leser\/2011\/12\/02\/wiedergefunden-das-protokoll\/\",\"url\":\"https:\/\/blog.zeit.de\/zeit-der-leser\/2011\/12\/02\/wiedergefunden-das-protokoll\/\",\"name\":\"Wiedergefunden: Das Protokoll - ZEIT der Leser\",\"isPartOf\":{\"@id\":\"https:\/\/blog.zeit.de\/zeit-der-leser\/#website\"},\"datePublished\":\"2011-12-02T09:00:18+00:00\",\"dateModified\":\"2011-12-01T10:31:26+00:00\",\"author\":{\"@id\":\"https:\/\/blog.zeit.de\/zeit-der-leser\/#\/schema\/person\/583b14e5ad6368c23af846ecbde9f20f\"},\"breadcrumb\":{\"@id\":\"https:\/\/blog.zeit.de\/zeit-der-leser\/2011\/12\/02\/wiedergefunden-das-protokoll\/#breadcrumb\"},\"inLanguage\":\"de\",\"potentialAction\":[{\"@type\":\"ReadAction\",\"target\":[\"https:\/\/blog.zeit.de\/zeit-der-leser\/2011\/12\/02\/wiedergefunden-das-protokoll\/\"]}]},{\"@type\":\"BreadcrumbList\",\"@id\":\"https:\/\/blog.zeit.de\/zeit-der-leser\/2011\/12\/02\/wiedergefunden-das-protokoll\/#breadcrumb\",\"itemListElement\":[{\"@type\":\"ListItem\",\"position\":1,\"name\":\"Startseite\",\"item\":\"https:\/\/blog.zeit.de\/zeit-der-leser\/\"},{\"@type\":\"ListItem\",\"position\":2,\"name\":\"Wiedergefunden: Das Protokoll\"}]},{\"@type\":\"WebSite\",\"@id\":\"https:\/\/blog.zeit.de\/zeit-der-leser\/#website\",\"url\":\"https:\/\/blog.zeit.de\/zeit-der-leser\/\",\"name\":\"ZEIT der Leser\",\"description\":\"Ein Blog mit Ihren Notizen, Gedichten und Bildern f\u00fcr die gedruckte ZEIT\",\"potentialAction\":[{\"@type\":\"SearchAction\",\"target\":{\"@type\":\"EntryPoint\",\"urlTemplate\":\"https:\/\/blog.zeit.de\/zeit-der-leser\/?s={search_term_string}\"},\"query-input\":\"required name=search_term_string\"}],\"inLanguage\":\"de\"},{\"@type\":\"Person\",\"@id\":\"https:\/\/blog.zeit.de\/zeit-der-leser\/#\/schema\/person\/583b14e5ad6368c23af846ecbde9f20f\",\"name\":\"\\\"Zeit der Leser\\\"-Redaktion\",\"image\":{\"@type\":\"ImageObject\",\"inLanguage\":\"de\",\"@id\":\"https:\/\/blog.zeit.de\/zeit-der-leser\/#\/schema\/person\/image\/\",\"url\":\"https:\/\/secure.gravatar.com\/avatar\/e801a681bd3bbf2345131a815930b48d9f8e0a94de1346b624840dc850f67ad0?s=96&d=mm&r=g\",\"contentUrl\":\"https:\/\/secure.gravatar.com\/avatar\/e801a681bd3bbf2345131a815930b48d9f8e0a94de1346b624840dc850f67ad0?s=96&d=mm&r=g\",\"caption\":\"\\\"Zeit der Leser\\\"-Redaktion\"},\"url\":\"https:\/\/blog.zeit.de\/zeit-der-leser\/author\/zeit-der-leser-redaktion\/\"}]}<\/script>\n<!-- \/ Yoast SEO plugin. -->","yoast_head_json":{"title":"Wiedergefunden: Das Protokoll - ZEIT der Leser","robots":{"index":"index","follow":"follow","max-snippet":"max-snippet:-1","max-image-preview":"max-image-preview:large","max-video-preview":"max-video-preview:-1"},"canonical":"https:\/\/blog.zeit.de\/zeit-der-leser\/2011\/12\/02\/wiedergefunden-das-protokoll\/","og_locale":"de_DE","og_type":"article","og_title":"Wiedergefunden: Das Protokoll - ZEIT der Leser","og_description":"Nach der Errichtung der Berliner Mauer 1961 hatte der Chor der Hamburger Kirchengemeinde St. Markus Kontakt zu\u00a0 einem Chor in Prenzlauer Berg, und so besuchten wir ein- bis zweimal j\u00e4hrlich Ost-Berlin, um dort gemeinsam im Gottesdienst zu musizieren. Jeder Chors\u00e4nger war Gast einer Berliner Familie. Beim Besuch im M\u00e4rz 1966 bekam ich von meiner Ostberliner [&hellip;]","og_url":"https:\/\/blog.zeit.de\/zeit-der-leser\/2011\/12\/02\/wiedergefunden-das-protokoll\/","og_site_name":"ZEIT der Leser","article_published_time":"2011-12-02T09:00:18+00:00","article_modified_time":"2011-12-01T10:31:26+00:00","og_image":[{"url":"https:\/\/blog.zeit.de\/zeit-der-leser\/files\/2011\/12\/s102-wiedergefunden.jpg"}],"author":"\"Zeit der Leser\"-Redaktion","twitter_card":"summary_large_image","twitter_misc":{"Geschrieben von":"\"Zeit der Leser\"-Redaktion","Gesch\u00e4tzte Lesezeit":"1\u00a0Minute"},"schema":{"@context":"https:\/\/schema.org","@graph":[{"@type":"WebPage","@id":"https:\/\/blog.zeit.de\/zeit-der-leser\/2011\/12\/02\/wiedergefunden-das-protokoll\/","url":"https:\/\/blog.zeit.de\/zeit-der-leser\/2011\/12\/02\/wiedergefunden-das-protokoll\/","name":"Wiedergefunden: Das Protokoll - ZEIT der Leser","isPartOf":{"@id":"https:\/\/blog.zeit.de\/zeit-der-leser\/#website"},"datePublished":"2011-12-02T09:00:18+00:00","dateModified":"2011-12-01T10:31:26+00:00","author":{"@id":"https:\/\/blog.zeit.de\/zeit-der-leser\/#\/schema\/person\/583b14e5ad6368c23af846ecbde9f20f"},"breadcrumb":{"@id":"https:\/\/blog.zeit.de\/zeit-der-leser\/2011\/12\/02\/wiedergefunden-das-protokoll\/#breadcrumb"},"inLanguage":"de","potentialAction":[{"@type":"ReadAction","target":["https:\/\/blog.zeit.de\/zeit-der-leser\/2011\/12\/02\/wiedergefunden-das-protokoll\/"]}]},{"@type":"BreadcrumbList","@id":"https:\/\/blog.zeit.de\/zeit-der-leser\/2011\/12\/02\/wiedergefunden-das-protokoll\/#breadcrumb","itemListElement":[{"@type":"ListItem","position":1,"name":"Startseite","item":"https:\/\/blog.zeit.de\/zeit-der-leser\/"},{"@type":"ListItem","position":2,"name":"Wiedergefunden: Das Protokoll"}]},{"@type":"WebSite","@id":"https:\/\/blog.zeit.de\/zeit-der-leser\/#website","url":"https:\/\/blog.zeit.de\/zeit-der-leser\/","name":"ZEIT der Leser","description":"Ein Blog mit Ihren Notizen, Gedichten und Bildern f\u00fcr die gedruckte ZEIT","potentialAction":[{"@type":"SearchAction","target":{"@type":"EntryPoint","urlTemplate":"https:\/\/blog.zeit.de\/zeit-der-leser\/?s={search_term_string}"},"query-input":"required name=search_term_string"}],"inLanguage":"de"},{"@type":"Person","@id":"https:\/\/blog.zeit.de\/zeit-der-leser\/#\/schema\/person\/583b14e5ad6368c23af846ecbde9f20f","name":"\"Zeit der Leser\"-Redaktion","image":{"@type":"ImageObject","inLanguage":"de","@id":"https:\/\/blog.zeit.de\/zeit-der-leser\/#\/schema\/person\/image\/","url":"https:\/\/secure.gravatar.com\/avatar\/e801a681bd3bbf2345131a815930b48d9f8e0a94de1346b624840dc850f67ad0?s=96&d=mm&r=g","contentUrl":"https:\/\/secure.gravatar.com\/avatar\/e801a681bd3bbf2345131a815930b48d9f8e0a94de1346b624840dc850f67ad0?s=96&d=mm&r=g","caption":"\"Zeit der Leser\"-Redaktion"},"url":"https:\/\/blog.zeit.de\/zeit-der-leser\/author\/zeit-der-leser-redaktion\/"}]}},"jetpack_featured_media_url":"","jetpack_sharing_enabled":true,"_links":{"self":[{"href":"https:\/\/blog.zeit.de\/zeit-der-leser\/wp-json\/wp\/v2\/posts\/7895","targetHints":{"allow":["GET"]}}],"collection":[{"href":"https:\/\/blog.zeit.de\/zeit-der-leser\/wp-json\/wp\/v2\/posts"}],"about":[{"href":"https:\/\/blog.zeit.de\/zeit-der-leser\/wp-json\/wp\/v2\/types\/post"}],"author":[{"embeddable":true,"href":"https:\/\/blog.zeit.de\/zeit-der-leser\/wp-json\/wp\/v2\/users\/265"}],"replies":[{"embeddable":true,"href":"https:\/\/blog.zeit.de\/zeit-der-leser\/wp-json\/wp\/v2\/comments?post=7895"}],"version-history":[{"count":3,"href":"https:\/\/blog.zeit.de\/zeit-der-leser\/wp-json\/wp\/v2\/posts\/7895\/revisions"}],"predecessor-version":[{"id":7901,"href":"https:\/\/blog.zeit.de\/zeit-der-leser\/wp-json\/wp\/v2\/posts\/7895\/revisions\/7901"}],"wp:attachment":[{"href":"https:\/\/blog.zeit.de\/zeit-der-leser\/wp-json\/wp\/v2\/media?parent=7895"}],"wp:term":[{"taxonomy":"category","embeddable":true,"href":"https:\/\/blog.zeit.de\/zeit-der-leser\/wp-json\/wp\/v2\/categories?post=7895"},{"taxonomy":"post_tag","embeddable":true,"href":"https:\/\/blog.zeit.de\/zeit-der-leser\/wp-json\/wp\/v2\/tags?post=7895"}],"curies":[{"name":"wp","href":"https:\/\/api.w.org\/{rel}","templated":true}]}}