{"id":7902,"date":"2011-12-06T10:00:01","date_gmt":"2011-12-06T09:00:01","guid":{"rendered":"http:\/\/blog.zeit.de\/zeit-der-leser\/?p=7902"},"modified":"2011-12-05T13:03:32","modified_gmt":"2011-12-05T12:03:32","slug":"zeitsprung-37","status":"publish","type":"post","link":"https:\/\/blog.zeit.de\/zeit-der-leser\/2011\/12\/06\/zeitsprung-37\/","title":{"rendered":"Zeitsprung"},"content":{"rendered":"<p><a href=\"https:\/\/blog.zeit.de\/zeit-der-leser\/files\/2011\/12\/s102-zeitsprung-1-2.jpg\"><img loading=\"lazy\" decoding=\"async\" class=\"aligncenter size-full wp-image-7903\" src=\"https:\/\/blog.zeit.de\/zeit-der-leser\/files\/2011\/12\/s102-zeitsprung-1-2.jpg\" alt=\"\" width=\"540\" height=\"362\" srcset=\"https:\/\/blog.zeit.de\/zeit-der-leser\/files\/2011\/12\/s102-zeitsprung-1-2.jpg 540w, https:\/\/blog.zeit.de\/zeit-der-leser\/files\/2011\/12\/s102-zeitsprung-1-2-300x201.jpg 300w\" sizes=\"auto, (max-width: 540px) 100vw, 540px\" \/><\/a><a href=\"https:\/\/blog.zeit.de\/zeit-der-leser\/files\/2011\/12\/s102-zeitsprung-2-2.jpg\"><img loading=\"lazy\" decoding=\"async\" class=\"aligncenter size-full wp-image-7904\" src=\"https:\/\/blog.zeit.de\/zeit-der-leser\/files\/2011\/12\/s102-zeitsprung-2-2.jpg\" alt=\"\" width=\"540\" height=\"362\" srcset=\"https:\/\/blog.zeit.de\/zeit-der-leser\/files\/2011\/12\/s102-zeitsprung-2-2.jpg 540w, https:\/\/blog.zeit.de\/zeit-der-leser\/files\/2011\/12\/s102-zeitsprung-2-2-300x201.jpg 300w\" sizes=\"auto, (max-width: 540px) 100vw, 540px\" \/><\/a><br \/>\nIn einer alten Fotokiste fand ich die Schwarz-Wei\u00df-Aufnahme, die meine 2003 verstorbene Oma als junge Frau am Frankfurter Mainufer zeigt. Meine Gro\u00dfmutter hatte ihre ganze\u00a0Jugendzeit in Frankfurt verbracht und schw\u00e4rmte sp\u00e4ter noch oft vom Radfahren auf der Bockenheimer Landstra\u00dfe und dem in der Luft liegenden Kaffeeduft, von der Schirn, vom gr\u00fcnen Innenhof des Wohnhauses in der Marburgerstra\u00dfe 23 und vom Taunus. Besonders gern ging meine Oma ins Kino am R\u00f6mer: War sie drin, blieb sie einfach sitzen und sah sich den Film noch mal an. Und st\u00e4ndig war sie verliebt, meine Oma. Nach der Zerst\u00f6rung Frankfurts zog sie u\u0308ber Umwege nach Sachsen und kehrte nie wieder nach Frankfurt zur\u00fcck \u2013 auch wenn sie oft davon tr\u00e4umte. Sie wollte die Stadt so in Erinnerung behalten, wie sie einmal war. Und so war ich denn auf den Spuren meiner Oma in Frankfurt am Main unterwegs und habe gejubelt, als ich den Ort der historischen Aufnahme fand. Ich f\u00fchlte mich ihr pl\u00f6tzlich viel n\u00e4her als an ihrem Grab in Dresden. Ein wenig habe ich mich in Frankfurt verliebt \u2013 so wie einst meine Oma.\u00a0 Auch mein Schwager hat inzwischen dort Fu\u00df gefasst, spielt Kontrabass in der Oper und f\u00e4ngt langsam an zu \u00bbbabbeln\u00ab. Wie sch\u00f6n!<\/p>\n<p><em>Stephan Bodinus, Dresden<\/em><\/p>\n","protected":false},"excerpt":{"rendered":"<p>In einer alten Fotokiste fand ich die Schwarz-Wei\u00df-Aufnahme, die meine 2003 verstorbene Oma als junge Frau am Frankfurter Mainufer zeigt. Meine Gro\u00dfmutter hatte ihre ganze\u00a0Jugendzeit in Frankfurt verbracht und schw\u00e4rmte sp\u00e4ter noch oft vom Radfahren auf der Bockenheimer Landstra\u00dfe und dem in der Luft liegenden Kaffeeduft, von der Schirn, vom gr\u00fcnen Innenhof des Wohnhauses in [&hellip;]<\/p>\n","protected":false},"author":265,"featured_media":0,"comment_status":"open","ping_status":"open","sticky":false,"template":"","format":"standard","meta":{"_jetpack_memberships_contains_paid_content":false,"footnotes":""},"categories":[1878],"tags":[],"class_list":["post-7902","post","type-post","status-publish","format-standard","hentry","category-zeitsprung"],"yoast_head":"<!-- This site is optimized with the Yoast SEO plugin v21.0 - https:\/\/yoast.com\/wordpress\/plugins\/seo\/ -->\n<title>Zeitsprung - ZEIT der Leser<\/title>\n<meta name=\"robots\" content=\"index, follow, max-snippet:-1, max-image-preview:large, max-video-preview:-1\" \/>\n<link rel=\"canonical\" href=\"https:\/\/blog.zeit.de\/zeit-der-leser\/2011\/12\/06\/zeitsprung-37\/\" \/>\n<meta property=\"og:locale\" content=\"de_DE\" \/>\n<meta property=\"og:type\" content=\"article\" \/>\n<meta property=\"og:title\" content=\"Zeitsprung - ZEIT der Leser\" \/>\n<meta property=\"og:description\" content=\"In einer alten Fotokiste fand ich die Schwarz-Wei\u00df-Aufnahme, die meine 2003 verstorbene Oma als junge Frau am Frankfurter Mainufer zeigt. Meine Gro\u00dfmutter hatte ihre ganze\u00a0Jugendzeit in Frankfurt verbracht und schw\u00e4rmte sp\u00e4ter noch oft vom Radfahren auf der Bockenheimer Landstra\u00dfe und dem in der Luft liegenden Kaffeeduft, von der Schirn, vom gr\u00fcnen Innenhof des Wohnhauses in [&hellip;]\" \/>\n<meta property=\"og:url\" content=\"https:\/\/blog.zeit.de\/zeit-der-leser\/2011\/12\/06\/zeitsprung-37\/\" \/>\n<meta property=\"og:site_name\" content=\"ZEIT der Leser\" \/>\n<meta property=\"article:published_time\" content=\"2011-12-06T09:00:01+00:00\" \/>\n<meta property=\"article:modified_time\" content=\"2011-12-05T12:03:32+00:00\" \/>\n<meta property=\"og:image\" content=\"https:\/\/blog.zeit.de\/zeit-der-leser\/files\/2011\/12\/s102-zeitsprung-1-2.jpg\" \/>\n<meta name=\"author\" content=\"&quot;Zeit der Leser&quot;-Redaktion\" \/>\n<meta name=\"twitter:card\" content=\"summary_large_image\" \/>\n<meta name=\"twitter:label1\" content=\"Geschrieben von\" \/>\n\t<meta name=\"twitter:data1\" content=\"\"Zeit der Leser\"-Redaktion\" \/>\n\t<meta name=\"twitter:label2\" content=\"Gesch\u00e4tzte Lesezeit\" \/>\n\t<meta name=\"twitter:data2\" content=\"1\u00a0Minute\" \/>\n<script type=\"application\/ld+json\" class=\"yoast-schema-graph\">{\"@context\":\"https:\/\/schema.org\",\"@graph\":[{\"@type\":\"WebPage\",\"@id\":\"https:\/\/blog.zeit.de\/zeit-der-leser\/2011\/12\/06\/zeitsprung-37\/\",\"url\":\"https:\/\/blog.zeit.de\/zeit-der-leser\/2011\/12\/06\/zeitsprung-37\/\",\"name\":\"Zeitsprung - ZEIT der Leser\",\"isPartOf\":{\"@id\":\"https:\/\/blog.zeit.de\/zeit-der-leser\/#website\"},\"datePublished\":\"2011-12-06T09:00:01+00:00\",\"dateModified\":\"2011-12-05T12:03:32+00:00\",\"author\":{\"@id\":\"https:\/\/blog.zeit.de\/zeit-der-leser\/#\/schema\/person\/583b14e5ad6368c23af846ecbde9f20f\"},\"breadcrumb\":{\"@id\":\"https:\/\/blog.zeit.de\/zeit-der-leser\/2011\/12\/06\/zeitsprung-37\/#breadcrumb\"},\"inLanguage\":\"de\",\"potentialAction\":[{\"@type\":\"ReadAction\",\"target\":[\"https:\/\/blog.zeit.de\/zeit-der-leser\/2011\/12\/06\/zeitsprung-37\/\"]}]},{\"@type\":\"BreadcrumbList\",\"@id\":\"https:\/\/blog.zeit.de\/zeit-der-leser\/2011\/12\/06\/zeitsprung-37\/#breadcrumb\",\"itemListElement\":[{\"@type\":\"ListItem\",\"position\":1,\"name\":\"Startseite\",\"item\":\"https:\/\/blog.zeit.de\/zeit-der-leser\/\"},{\"@type\":\"ListItem\",\"position\":2,\"name\":\"Zeitsprung\"}]},{\"@type\":\"WebSite\",\"@id\":\"https:\/\/blog.zeit.de\/zeit-der-leser\/#website\",\"url\":\"https:\/\/blog.zeit.de\/zeit-der-leser\/\",\"name\":\"ZEIT der Leser\",\"description\":\"Ein Blog mit Ihren Notizen, Gedichten und Bildern f\u00fcr die gedruckte ZEIT\",\"potentialAction\":[{\"@type\":\"SearchAction\",\"target\":{\"@type\":\"EntryPoint\",\"urlTemplate\":\"https:\/\/blog.zeit.de\/zeit-der-leser\/?s={search_term_string}\"},\"query-input\":\"required name=search_term_string\"}],\"inLanguage\":\"de\"},{\"@type\":\"Person\",\"@id\":\"https:\/\/blog.zeit.de\/zeit-der-leser\/#\/schema\/person\/583b14e5ad6368c23af846ecbde9f20f\",\"name\":\"\\\"Zeit der Leser\\\"-Redaktion\",\"image\":{\"@type\":\"ImageObject\",\"inLanguage\":\"de\",\"@id\":\"https:\/\/blog.zeit.de\/zeit-der-leser\/#\/schema\/person\/image\/\",\"url\":\"https:\/\/secure.gravatar.com\/avatar\/e801a681bd3bbf2345131a815930b48d9f8e0a94de1346b624840dc850f67ad0?s=96&d=mm&r=g\",\"contentUrl\":\"https:\/\/secure.gravatar.com\/avatar\/e801a681bd3bbf2345131a815930b48d9f8e0a94de1346b624840dc850f67ad0?s=96&d=mm&r=g\",\"caption\":\"\\\"Zeit der Leser\\\"-Redaktion\"},\"url\":\"https:\/\/blog.zeit.de\/zeit-der-leser\/author\/zeit-der-leser-redaktion\/\"}]}<\/script>\n<!-- \/ Yoast SEO plugin. -->","yoast_head_json":{"title":"Zeitsprung - ZEIT der Leser","robots":{"index":"index","follow":"follow","max-snippet":"max-snippet:-1","max-image-preview":"max-image-preview:large","max-video-preview":"max-video-preview:-1"},"canonical":"https:\/\/blog.zeit.de\/zeit-der-leser\/2011\/12\/06\/zeitsprung-37\/","og_locale":"de_DE","og_type":"article","og_title":"Zeitsprung - ZEIT der Leser","og_description":"In einer alten Fotokiste fand ich die Schwarz-Wei\u00df-Aufnahme, die meine 2003 verstorbene Oma als junge Frau am Frankfurter Mainufer zeigt. Meine Gro\u00dfmutter hatte ihre ganze\u00a0Jugendzeit in Frankfurt verbracht und schw\u00e4rmte sp\u00e4ter noch oft vom Radfahren auf der Bockenheimer Landstra\u00dfe und dem in der Luft liegenden Kaffeeduft, von der Schirn, vom gr\u00fcnen Innenhof des Wohnhauses in [&hellip;]","og_url":"https:\/\/blog.zeit.de\/zeit-der-leser\/2011\/12\/06\/zeitsprung-37\/","og_site_name":"ZEIT der Leser","article_published_time":"2011-12-06T09:00:01+00:00","article_modified_time":"2011-12-05T12:03:32+00:00","og_image":[{"url":"https:\/\/blog.zeit.de\/zeit-der-leser\/files\/2011\/12\/s102-zeitsprung-1-2.jpg"}],"author":"\"Zeit der Leser\"-Redaktion","twitter_card":"summary_large_image","twitter_misc":{"Geschrieben von":"\"Zeit der Leser\"-Redaktion","Gesch\u00e4tzte Lesezeit":"1\u00a0Minute"},"schema":{"@context":"https:\/\/schema.org","@graph":[{"@type":"WebPage","@id":"https:\/\/blog.zeit.de\/zeit-der-leser\/2011\/12\/06\/zeitsprung-37\/","url":"https:\/\/blog.zeit.de\/zeit-der-leser\/2011\/12\/06\/zeitsprung-37\/","name":"Zeitsprung - ZEIT der Leser","isPartOf":{"@id":"https:\/\/blog.zeit.de\/zeit-der-leser\/#website"},"datePublished":"2011-12-06T09:00:01+00:00","dateModified":"2011-12-05T12:03:32+00:00","author":{"@id":"https:\/\/blog.zeit.de\/zeit-der-leser\/#\/schema\/person\/583b14e5ad6368c23af846ecbde9f20f"},"breadcrumb":{"@id":"https:\/\/blog.zeit.de\/zeit-der-leser\/2011\/12\/06\/zeitsprung-37\/#breadcrumb"},"inLanguage":"de","potentialAction":[{"@type":"ReadAction","target":["https:\/\/blog.zeit.de\/zeit-der-leser\/2011\/12\/06\/zeitsprung-37\/"]}]},{"@type":"BreadcrumbList","@id":"https:\/\/blog.zeit.de\/zeit-der-leser\/2011\/12\/06\/zeitsprung-37\/#breadcrumb","itemListElement":[{"@type":"ListItem","position":1,"name":"Startseite","item":"https:\/\/blog.zeit.de\/zeit-der-leser\/"},{"@type":"ListItem","position":2,"name":"Zeitsprung"}]},{"@type":"WebSite","@id":"https:\/\/blog.zeit.de\/zeit-der-leser\/#website","url":"https:\/\/blog.zeit.de\/zeit-der-leser\/","name":"ZEIT der Leser","description":"Ein Blog mit Ihren Notizen, Gedichten und Bildern f\u00fcr die gedruckte ZEIT","potentialAction":[{"@type":"SearchAction","target":{"@type":"EntryPoint","urlTemplate":"https:\/\/blog.zeit.de\/zeit-der-leser\/?s={search_term_string}"},"query-input":"required name=search_term_string"}],"inLanguage":"de"},{"@type":"Person","@id":"https:\/\/blog.zeit.de\/zeit-der-leser\/#\/schema\/person\/583b14e5ad6368c23af846ecbde9f20f","name":"\"Zeit der Leser\"-Redaktion","image":{"@type":"ImageObject","inLanguage":"de","@id":"https:\/\/blog.zeit.de\/zeit-der-leser\/#\/schema\/person\/image\/","url":"https:\/\/secure.gravatar.com\/avatar\/e801a681bd3bbf2345131a815930b48d9f8e0a94de1346b624840dc850f67ad0?s=96&d=mm&r=g","contentUrl":"https:\/\/secure.gravatar.com\/avatar\/e801a681bd3bbf2345131a815930b48d9f8e0a94de1346b624840dc850f67ad0?s=96&d=mm&r=g","caption":"\"Zeit der Leser\"-Redaktion"},"url":"https:\/\/blog.zeit.de\/zeit-der-leser\/author\/zeit-der-leser-redaktion\/"}]}},"jetpack_featured_media_url":"","jetpack_sharing_enabled":true,"_links":{"self":[{"href":"https:\/\/blog.zeit.de\/zeit-der-leser\/wp-json\/wp\/v2\/posts\/7902","targetHints":{"allow":["GET"]}}],"collection":[{"href":"https:\/\/blog.zeit.de\/zeit-der-leser\/wp-json\/wp\/v2\/posts"}],"about":[{"href":"https:\/\/blog.zeit.de\/zeit-der-leser\/wp-json\/wp\/v2\/types\/post"}],"author":[{"embeddable":true,"href":"https:\/\/blog.zeit.de\/zeit-der-leser\/wp-json\/wp\/v2\/users\/265"}],"replies":[{"embeddable":true,"href":"https:\/\/blog.zeit.de\/zeit-der-leser\/wp-json\/wp\/v2\/comments?post=7902"}],"version-history":[{"count":2,"href":"https:\/\/blog.zeit.de\/zeit-der-leser\/wp-json\/wp\/v2\/posts\/7902\/revisions"}],"predecessor-version":[{"id":7906,"href":"https:\/\/blog.zeit.de\/zeit-der-leser\/wp-json\/wp\/v2\/posts\/7902\/revisions\/7906"}],"wp:attachment":[{"href":"https:\/\/blog.zeit.de\/zeit-der-leser\/wp-json\/wp\/v2\/media?parent=7902"}],"wp:term":[{"taxonomy":"category","embeddable":true,"href":"https:\/\/blog.zeit.de\/zeit-der-leser\/wp-json\/wp\/v2\/categories?post=7902"},{"taxonomy":"post_tag","embeddable":true,"href":"https:\/\/blog.zeit.de\/zeit-der-leser\/wp-json\/wp\/v2\/tags?post=7902"}],"curies":[{"name":"wp","href":"https:\/\/api.w.org\/{rel}","templated":true}]}}