{"id":7917,"date":"2011-12-06T12:00:50","date_gmt":"2011-12-06T11:00:50","guid":{"rendered":"http:\/\/blog.zeit.de\/zeit-der-leser\/?p=7917"},"modified":"2011-12-05T13:22:18","modified_gmt":"2011-12-05T12:22:18","slug":"strasenbild-%e2%80%93-selbst-gezeichnet","status":"publish","type":"post","link":"https:\/\/blog.zeit.de\/zeit-der-leser\/2011\/12\/06\/strasenbild-%e2%80%93-selbst-gezeichnet\/","title":{"rendered":"Stra\u00dfenbild \u2013 selbst gezeichnet"},"content":{"rendered":"<p><figure id=\"attachment_7918\" aria-describedby=\"caption-attachment-7918\" style=\"width: 382px\" class=\"wp-caption aligncenter\"><a href=\"https:\/\/blog.zeit.de\/zeit-der-leser\/files\/2011\/12\/Weihnachts-ZEIT.jpg\"><img loading=\"lazy\" decoding=\"async\" class=\"size-full wp-image-7918\" src=\"https:\/\/blog.zeit.de\/zeit-der-leser\/files\/2011\/12\/Weihnachts-ZEIT.jpg\" alt=\"\" width=\"382\" height=\"274\" srcset=\"https:\/\/blog.zeit.de\/zeit-der-leser\/files\/2011\/12\/Weihnachts-ZEIT.jpg 382w, https:\/\/blog.zeit.de\/zeit-der-leser\/files\/2011\/12\/Weihnachts-ZEIT-300x215.jpg 300w\" sizes=\"auto, (max-width: 382px) 100vw, 382px\" \/><\/a><figcaption id=\"caption-attachment-7918\" class=\"wp-caption-text\">\u00ae Gerhard Gl\u00fcck<\/figcaption><\/figure><\/p>\n<p>Welch\u2018 eine erstaunliche Szene, die sich neulich vor unserer Haust\u00fcr abspielte! Jedenfalls war ich sehr \u00fcberrascht, dort den Weihnachtsmann und einen Engel anzutreffen. Dazu hatte sich eine betr\u00e4chtliche Schneedecke auf die Erde gelegt, die bald darauf aber schon wieder verschwunden war. Die beiden machten in dem Moment, in dem ich sie entdeckte, gerade eine kleine Verschnaufpause. Wie man sehen kann, nutzte der Weihnachtsmann die kurze Ruhephase dazu, dem Engel einen Artikel aus der ZEIT vorzulesen. Dieser schien ihn fast schon zu am\u00fcsieren! Die interessante Zeitungslekt\u00fcre bescherte den beiden aber sichtlich Entspannung. Ich denke, dass sie diese aber auch gut gebrauchen konnten, denn der gut gef\u00fcllte Sack, den sie da mit sich f\u00fchrten, war sicherlich nur der Anfang einer gro\u00dfen Bescherung \u2026<\/p>\n<p>Monika Lockowandt, Gehrden, Hannover<\/p>\n","protected":false},"excerpt":{"rendered":"<p>Welch\u2018 eine erstaunliche Szene, die sich neulich vor unserer Haust\u00fcr abspielte! Jedenfalls war ich sehr \u00fcberrascht, dort den Weihnachtsmann und einen Engel anzutreffen. Dazu hatte sich eine betr\u00e4chtliche Schneedecke auf die Erde gelegt, die bald darauf aber schon wieder verschwunden war. Die beiden machten in dem Moment, in dem ich sie entdeckte, gerade eine kleine [&hellip;]<\/p>\n","protected":false},"author":265,"featured_media":0,"comment_status":"open","ping_status":"open","sticky":false,"template":"","format":"standard","meta":{"_jetpack_memberships_contains_paid_content":false,"footnotes":""},"categories":[5688],"tags":[],"class_list":["post-7917","post","type-post","status-publish","format-standard","hentry","category-strasenbild"],"yoast_head":"<!-- This site is optimized with the Yoast SEO plugin v21.0 - https:\/\/yoast.com\/wordpress\/plugins\/seo\/ -->\n<title>Stra\u00dfenbild \u2013 selbst gezeichnet - ZEIT der Leser<\/title>\n<meta name=\"robots\" content=\"index, follow, max-snippet:-1, max-image-preview:large, max-video-preview:-1\" \/>\n<link rel=\"canonical\" href=\"https:\/\/blog.zeit.de\/zeit-der-leser\/2011\/12\/06\/strasenbild-\u2013-selbst-gezeichnet\/\" \/>\n<meta property=\"og:locale\" content=\"de_DE\" \/>\n<meta property=\"og:type\" content=\"article\" \/>\n<meta property=\"og:title\" content=\"Stra\u00dfenbild \u2013 selbst gezeichnet - ZEIT der Leser\" \/>\n<meta property=\"og:description\" content=\"Welch\u2018 eine erstaunliche Szene, die sich neulich vor unserer Haust\u00fcr abspielte! Jedenfalls war ich sehr \u00fcberrascht, dort den Weihnachtsmann und einen Engel anzutreffen. Dazu hatte sich eine betr\u00e4chtliche Schneedecke auf die Erde gelegt, die bald darauf aber schon wieder verschwunden war. Die beiden machten in dem Moment, in dem ich sie entdeckte, gerade eine kleine [&hellip;]\" \/>\n<meta property=\"og:url\" content=\"https:\/\/blog.zeit.de\/zeit-der-leser\/2011\/12\/06\/strasenbild-\u2013-selbst-gezeichnet\/\" \/>\n<meta property=\"og:site_name\" content=\"ZEIT der Leser\" \/>\n<meta property=\"article:published_time\" content=\"2011-12-06T11:00:50+00:00\" \/>\n<meta property=\"article:modified_time\" content=\"2011-12-05T12:22:18+00:00\" \/>\n<meta property=\"og:image\" content=\"https:\/\/blog.zeit.de\/zeit-der-leser\/files\/2011\/12\/Weihnachts-ZEIT.jpg\" \/>\n<meta name=\"author\" content=\"&quot;Zeit der Leser&quot;-Redaktion\" \/>\n<meta name=\"twitter:card\" content=\"summary_large_image\" \/>\n<meta name=\"twitter:label1\" content=\"Geschrieben von\" \/>\n\t<meta name=\"twitter:data1\" content=\"\"Zeit der Leser\"-Redaktion\" \/>\n\t<meta name=\"twitter:label2\" content=\"Gesch\u00e4tzte Lesezeit\" \/>\n\t<meta name=\"twitter:data2\" content=\"1\u00a0Minute\" \/>\n<script type=\"application\/ld+json\" class=\"yoast-schema-graph\">{\"@context\":\"https:\/\/schema.org\",\"@graph\":[{\"@type\":\"WebPage\",\"@id\":\"https:\/\/blog.zeit.de\/zeit-der-leser\/2011\/12\/06\/strasenbild-%e2%80%93-selbst-gezeichnet\/\",\"url\":\"https:\/\/blog.zeit.de\/zeit-der-leser\/2011\/12\/06\/strasenbild-%e2%80%93-selbst-gezeichnet\/\",\"name\":\"Stra\u00dfenbild \u2013 selbst gezeichnet - ZEIT der Leser\",\"isPartOf\":{\"@id\":\"https:\/\/blog.zeit.de\/zeit-der-leser\/#website\"},\"datePublished\":\"2011-12-06T11:00:50+00:00\",\"dateModified\":\"2011-12-05T12:22:18+00:00\",\"author\":{\"@id\":\"https:\/\/blog.zeit.de\/zeit-der-leser\/#\/schema\/person\/583b14e5ad6368c23af846ecbde9f20f\"},\"breadcrumb\":{\"@id\":\"https:\/\/blog.zeit.de\/zeit-der-leser\/2011\/12\/06\/strasenbild-%e2%80%93-selbst-gezeichnet\/#breadcrumb\"},\"inLanguage\":\"de\",\"potentialAction\":[{\"@type\":\"ReadAction\",\"target\":[\"https:\/\/blog.zeit.de\/zeit-der-leser\/2011\/12\/06\/strasenbild-%e2%80%93-selbst-gezeichnet\/\"]}]},{\"@type\":\"BreadcrumbList\",\"@id\":\"https:\/\/blog.zeit.de\/zeit-der-leser\/2011\/12\/06\/strasenbild-%e2%80%93-selbst-gezeichnet\/#breadcrumb\",\"itemListElement\":[{\"@type\":\"ListItem\",\"position\":1,\"name\":\"Startseite\",\"item\":\"https:\/\/blog.zeit.de\/zeit-der-leser\/\"},{\"@type\":\"ListItem\",\"position\":2,\"name\":\"Stra\u00dfenbild \u2013 selbst gezeichnet\"}]},{\"@type\":\"WebSite\",\"@id\":\"https:\/\/blog.zeit.de\/zeit-der-leser\/#website\",\"url\":\"https:\/\/blog.zeit.de\/zeit-der-leser\/\",\"name\":\"ZEIT der Leser\",\"description\":\"Ein Blog mit Ihren Notizen, Gedichten und Bildern f\u00fcr die gedruckte ZEIT\",\"potentialAction\":[{\"@type\":\"SearchAction\",\"target\":{\"@type\":\"EntryPoint\",\"urlTemplate\":\"https:\/\/blog.zeit.de\/zeit-der-leser\/?s={search_term_string}\"},\"query-input\":\"required name=search_term_string\"}],\"inLanguage\":\"de\"},{\"@type\":\"Person\",\"@id\":\"https:\/\/blog.zeit.de\/zeit-der-leser\/#\/schema\/person\/583b14e5ad6368c23af846ecbde9f20f\",\"name\":\"\\\"Zeit der Leser\\\"-Redaktion\",\"image\":{\"@type\":\"ImageObject\",\"inLanguage\":\"de\",\"@id\":\"https:\/\/blog.zeit.de\/zeit-der-leser\/#\/schema\/person\/image\/\",\"url\":\"https:\/\/secure.gravatar.com\/avatar\/e801a681bd3bbf2345131a815930b48d9f8e0a94de1346b624840dc850f67ad0?s=96&d=mm&r=g\",\"contentUrl\":\"https:\/\/secure.gravatar.com\/avatar\/e801a681bd3bbf2345131a815930b48d9f8e0a94de1346b624840dc850f67ad0?s=96&d=mm&r=g\",\"caption\":\"\\\"Zeit der Leser\\\"-Redaktion\"},\"url\":\"https:\/\/blog.zeit.de\/zeit-der-leser\/author\/zeit-der-leser-redaktion\/\"}]}<\/script>\n<!-- \/ Yoast SEO plugin. -->","yoast_head_json":{"title":"Stra\u00dfenbild \u2013 selbst gezeichnet - ZEIT der Leser","robots":{"index":"index","follow":"follow","max-snippet":"max-snippet:-1","max-image-preview":"max-image-preview:large","max-video-preview":"max-video-preview:-1"},"canonical":"https:\/\/blog.zeit.de\/zeit-der-leser\/2011\/12\/06\/strasenbild-\u2013-selbst-gezeichnet\/","og_locale":"de_DE","og_type":"article","og_title":"Stra\u00dfenbild \u2013 selbst gezeichnet - ZEIT der Leser","og_description":"Welch\u2018 eine erstaunliche Szene, die sich neulich vor unserer Haust\u00fcr abspielte! Jedenfalls war ich sehr \u00fcberrascht, dort den Weihnachtsmann und einen Engel anzutreffen. Dazu hatte sich eine betr\u00e4chtliche Schneedecke auf die Erde gelegt, die bald darauf aber schon wieder verschwunden war. Die beiden machten in dem Moment, in dem ich sie entdeckte, gerade eine kleine [&hellip;]","og_url":"https:\/\/blog.zeit.de\/zeit-der-leser\/2011\/12\/06\/strasenbild-\u2013-selbst-gezeichnet\/","og_site_name":"ZEIT der Leser","article_published_time":"2011-12-06T11:00:50+00:00","article_modified_time":"2011-12-05T12:22:18+00:00","og_image":[{"url":"https:\/\/blog.zeit.de\/zeit-der-leser\/files\/2011\/12\/Weihnachts-ZEIT.jpg"}],"author":"\"Zeit der Leser\"-Redaktion","twitter_card":"summary_large_image","twitter_misc":{"Geschrieben von":"\"Zeit der Leser\"-Redaktion","Gesch\u00e4tzte Lesezeit":"1\u00a0Minute"},"schema":{"@context":"https:\/\/schema.org","@graph":[{"@type":"WebPage","@id":"https:\/\/blog.zeit.de\/zeit-der-leser\/2011\/12\/06\/strasenbild-%e2%80%93-selbst-gezeichnet\/","url":"https:\/\/blog.zeit.de\/zeit-der-leser\/2011\/12\/06\/strasenbild-%e2%80%93-selbst-gezeichnet\/","name":"Stra\u00dfenbild \u2013 selbst gezeichnet - ZEIT der Leser","isPartOf":{"@id":"https:\/\/blog.zeit.de\/zeit-der-leser\/#website"},"datePublished":"2011-12-06T11:00:50+00:00","dateModified":"2011-12-05T12:22:18+00:00","author":{"@id":"https:\/\/blog.zeit.de\/zeit-der-leser\/#\/schema\/person\/583b14e5ad6368c23af846ecbde9f20f"},"breadcrumb":{"@id":"https:\/\/blog.zeit.de\/zeit-der-leser\/2011\/12\/06\/strasenbild-%e2%80%93-selbst-gezeichnet\/#breadcrumb"},"inLanguage":"de","potentialAction":[{"@type":"ReadAction","target":["https:\/\/blog.zeit.de\/zeit-der-leser\/2011\/12\/06\/strasenbild-%e2%80%93-selbst-gezeichnet\/"]}]},{"@type":"BreadcrumbList","@id":"https:\/\/blog.zeit.de\/zeit-der-leser\/2011\/12\/06\/strasenbild-%e2%80%93-selbst-gezeichnet\/#breadcrumb","itemListElement":[{"@type":"ListItem","position":1,"name":"Startseite","item":"https:\/\/blog.zeit.de\/zeit-der-leser\/"},{"@type":"ListItem","position":2,"name":"Stra\u00dfenbild \u2013 selbst gezeichnet"}]},{"@type":"WebSite","@id":"https:\/\/blog.zeit.de\/zeit-der-leser\/#website","url":"https:\/\/blog.zeit.de\/zeit-der-leser\/","name":"ZEIT der Leser","description":"Ein Blog mit Ihren Notizen, Gedichten und Bildern f\u00fcr die gedruckte ZEIT","potentialAction":[{"@type":"SearchAction","target":{"@type":"EntryPoint","urlTemplate":"https:\/\/blog.zeit.de\/zeit-der-leser\/?s={search_term_string}"},"query-input":"required name=search_term_string"}],"inLanguage":"de"},{"@type":"Person","@id":"https:\/\/blog.zeit.de\/zeit-der-leser\/#\/schema\/person\/583b14e5ad6368c23af846ecbde9f20f","name":"\"Zeit der Leser\"-Redaktion","image":{"@type":"ImageObject","inLanguage":"de","@id":"https:\/\/blog.zeit.de\/zeit-der-leser\/#\/schema\/person\/image\/","url":"https:\/\/secure.gravatar.com\/avatar\/e801a681bd3bbf2345131a815930b48d9f8e0a94de1346b624840dc850f67ad0?s=96&d=mm&r=g","contentUrl":"https:\/\/secure.gravatar.com\/avatar\/e801a681bd3bbf2345131a815930b48d9f8e0a94de1346b624840dc850f67ad0?s=96&d=mm&r=g","caption":"\"Zeit der Leser\"-Redaktion"},"url":"https:\/\/blog.zeit.de\/zeit-der-leser\/author\/zeit-der-leser-redaktion\/"}]}},"jetpack_featured_media_url":"","jetpack_sharing_enabled":true,"_links":{"self":[{"href":"https:\/\/blog.zeit.de\/zeit-der-leser\/wp-json\/wp\/v2\/posts\/7917","targetHints":{"allow":["GET"]}}],"collection":[{"href":"https:\/\/blog.zeit.de\/zeit-der-leser\/wp-json\/wp\/v2\/posts"}],"about":[{"href":"https:\/\/blog.zeit.de\/zeit-der-leser\/wp-json\/wp\/v2\/types\/post"}],"author":[{"embeddable":true,"href":"https:\/\/blog.zeit.de\/zeit-der-leser\/wp-json\/wp\/v2\/users\/265"}],"replies":[{"embeddable":true,"href":"https:\/\/blog.zeit.de\/zeit-der-leser\/wp-json\/wp\/v2\/comments?post=7917"}],"version-history":[{"count":4,"href":"https:\/\/blog.zeit.de\/zeit-der-leser\/wp-json\/wp\/v2\/posts\/7917\/revisions"}],"predecessor-version":[{"id":7921,"href":"https:\/\/blog.zeit.de\/zeit-der-leser\/wp-json\/wp\/v2\/posts\/7917\/revisions\/7921"}],"wp:attachment":[{"href":"https:\/\/blog.zeit.de\/zeit-der-leser\/wp-json\/wp\/v2\/media?parent=7917"}],"wp:term":[{"taxonomy":"category","embeddable":true,"href":"https:\/\/blog.zeit.de\/zeit-der-leser\/wp-json\/wp\/v2\/categories?post=7917"},{"taxonomy":"post_tag","embeddable":true,"href":"https:\/\/blog.zeit.de\/zeit-der-leser\/wp-json\/wp\/v2\/tags?post=7917"}],"curies":[{"name":"wp","href":"https:\/\/api.w.org\/{rel}","templated":true}]}}