{"id":7926,"date":"2011-12-08T10:00:51","date_gmt":"2011-12-08T09:00:51","guid":{"rendered":"http:\/\/blog.zeit.de\/zeit-der-leser\/?p=7926"},"modified":"2015-02-24T17:30:54","modified_gmt":"2015-02-24T16:30:54","slug":"mein-wort-schatz-gespuer","status":"publish","type":"post","link":"https:\/\/blog.zeit.de\/zeit-der-leser\/2011\/12\/08\/mein-wort-schatz-gespuer\/","title":{"rendered":"Gesp\u00fcr: Mein Wort-Schatz"},"content":{"rendered":"<p>Wir sehen schon von Weitem die Schafe auf der Weide. Mit meiner Mutter \u2013 ihre Demenz ist fortgeschritten \u2013 bin ich im Auto unterwegs zu altbekannten Orten. Der Bauer an der Schafweide begr\u00fc\u00dft uns. Im Gespr\u00e4ch bemerkt er die Verwirrtheit meiner Mutter. Ohne ein weiteres Wort l\u00e4uft er weg und kommt nach einigen Minuten mit einem neugeborenen Lamm zur\u00fcck. Er legt es meiner Mutter in die Arme. Erinnerungen werden wach, das Be-Greifen wird sichtbar. <strong>Gesp\u00fcr<\/strong> fu\u0308r einen Menschen, der nicht mehr rational begreift, das hatte dieser\u00a0Mann. Es br\u00e4uchte mehr Menschen, die Gesp\u00fcr haben fu\u0308r das, was \u00e4ltere Menschen, was Kinder brauchen. Gesp\u00fcr, das ist mein Wort-Schatz.<\/p>\n<p><strong>Gertraud Hieke<\/strong>, K\u00f6sching<\/p>\n","protected":false},"excerpt":{"rendered":"<p>Wir sehen schon von Weitem die Schafe auf der Weide. Mit meiner Mutter \u2013 ihre Demenz ist fortgeschritten \u2013 bin ich im Auto unterwegs zu altbekannten Orten. Der Bauer an der Schafweide begr\u00fc\u00dft uns. Im Gespr\u00e4ch bemerkt er die Verwirrtheit meiner Mutter. Ohne ein weiteres Wort l\u00e4uft er weg und kommt nach einigen Minuten mit [&hellip;]<\/p>\n","protected":false},"author":265,"featured_media":0,"comment_status":"open","ping_status":"open","sticky":false,"template":"","format":"standard","meta":{"_jetpack_memberships_contains_paid_content":false,"footnotes":""},"categories":[5687],"tags":[],"class_list":["post-7926","post","type-post","status-publish","format-standard","hentry","category-mein-wort-schatz"],"yoast_head":"<!-- This site is optimized with the Yoast SEO plugin v21.0 - https:\/\/yoast.com\/wordpress\/plugins\/seo\/ -->\n<title>Gesp\u00fcr: Mein Wort-Schatz - ZEIT der Leser<\/title>\n<meta name=\"robots\" content=\"index, follow, max-snippet:-1, max-image-preview:large, max-video-preview:-1\" \/>\n<link rel=\"canonical\" href=\"https:\/\/blog.zeit.de\/zeit-der-leser\/2011\/12\/08\/mein-wort-schatz-gespuer\/\" \/>\n<meta property=\"og:locale\" content=\"de_DE\" \/>\n<meta property=\"og:type\" content=\"article\" \/>\n<meta property=\"og:title\" content=\"Gesp\u00fcr: Mein Wort-Schatz - ZEIT der Leser\" \/>\n<meta property=\"og:description\" content=\"Wir sehen schon von Weitem die Schafe auf der Weide. Mit meiner Mutter \u2013 ihre Demenz ist fortgeschritten \u2013 bin ich im Auto unterwegs zu altbekannten Orten. Der Bauer an der Schafweide begr\u00fc\u00dft uns. Im Gespr\u00e4ch bemerkt er die Verwirrtheit meiner Mutter. Ohne ein weiteres Wort l\u00e4uft er weg und kommt nach einigen Minuten mit [&hellip;]\" \/>\n<meta property=\"og:url\" content=\"https:\/\/blog.zeit.de\/zeit-der-leser\/2011\/12\/08\/mein-wort-schatz-gespuer\/\" \/>\n<meta property=\"og:site_name\" content=\"ZEIT der Leser\" \/>\n<meta property=\"article:published_time\" content=\"2011-12-08T09:00:51+00:00\" \/>\n<meta property=\"article:modified_time\" content=\"2015-02-24T16:30:54+00:00\" \/>\n<meta name=\"author\" content=\"&quot;Zeit der Leser&quot;-Redaktion\" \/>\n<meta name=\"twitter:card\" content=\"summary_large_image\" \/>\n<meta name=\"twitter:label1\" content=\"Geschrieben von\" \/>\n\t<meta name=\"twitter:data1\" content=\"\"Zeit der Leser\"-Redaktion\" \/>\n\t<meta name=\"twitter:label2\" content=\"Gesch\u00e4tzte Lesezeit\" \/>\n\t<meta name=\"twitter:data2\" content=\"1\u00a0Minute\" \/>\n<script type=\"application\/ld+json\" class=\"yoast-schema-graph\">{\"@context\":\"https:\/\/schema.org\",\"@graph\":[{\"@type\":\"WebPage\",\"@id\":\"https:\/\/blog.zeit.de\/zeit-der-leser\/2011\/12\/08\/mein-wort-schatz-gespuer\/\",\"url\":\"https:\/\/blog.zeit.de\/zeit-der-leser\/2011\/12\/08\/mein-wort-schatz-gespuer\/\",\"name\":\"Gesp\u00fcr: Mein Wort-Schatz - ZEIT der Leser\",\"isPartOf\":{\"@id\":\"https:\/\/blog.zeit.de\/zeit-der-leser\/#website\"},\"datePublished\":\"2011-12-08T09:00:51+00:00\",\"dateModified\":\"2015-02-24T16:30:54+00:00\",\"author\":{\"@id\":\"https:\/\/blog.zeit.de\/zeit-der-leser\/#\/schema\/person\/583b14e5ad6368c23af846ecbde9f20f\"},\"breadcrumb\":{\"@id\":\"https:\/\/blog.zeit.de\/zeit-der-leser\/2011\/12\/08\/mein-wort-schatz-gespuer\/#breadcrumb\"},\"inLanguage\":\"de\",\"potentialAction\":[{\"@type\":\"ReadAction\",\"target\":[\"https:\/\/blog.zeit.de\/zeit-der-leser\/2011\/12\/08\/mein-wort-schatz-gespuer\/\"]}]},{\"@type\":\"BreadcrumbList\",\"@id\":\"https:\/\/blog.zeit.de\/zeit-der-leser\/2011\/12\/08\/mein-wort-schatz-gespuer\/#breadcrumb\",\"itemListElement\":[{\"@type\":\"ListItem\",\"position\":1,\"name\":\"Startseite\",\"item\":\"https:\/\/blog.zeit.de\/zeit-der-leser\/\"},{\"@type\":\"ListItem\",\"position\":2,\"name\":\"Gesp\u00fcr: Mein Wort-Schatz\"}]},{\"@type\":\"WebSite\",\"@id\":\"https:\/\/blog.zeit.de\/zeit-der-leser\/#website\",\"url\":\"https:\/\/blog.zeit.de\/zeit-der-leser\/\",\"name\":\"ZEIT der Leser\",\"description\":\"Ein Blog mit Ihren Notizen, Gedichten und Bildern f\u00fcr die gedruckte ZEIT\",\"potentialAction\":[{\"@type\":\"SearchAction\",\"target\":{\"@type\":\"EntryPoint\",\"urlTemplate\":\"https:\/\/blog.zeit.de\/zeit-der-leser\/?s={search_term_string}\"},\"query-input\":\"required name=search_term_string\"}],\"inLanguage\":\"de\"},{\"@type\":\"Person\",\"@id\":\"https:\/\/blog.zeit.de\/zeit-der-leser\/#\/schema\/person\/583b14e5ad6368c23af846ecbde9f20f\",\"name\":\"\\\"Zeit der Leser\\\"-Redaktion\",\"image\":{\"@type\":\"ImageObject\",\"inLanguage\":\"de\",\"@id\":\"https:\/\/blog.zeit.de\/zeit-der-leser\/#\/schema\/person\/image\/\",\"url\":\"https:\/\/secure.gravatar.com\/avatar\/e801a681bd3bbf2345131a815930b48d9f8e0a94de1346b624840dc850f67ad0?s=96&d=mm&r=g\",\"contentUrl\":\"https:\/\/secure.gravatar.com\/avatar\/e801a681bd3bbf2345131a815930b48d9f8e0a94de1346b624840dc850f67ad0?s=96&d=mm&r=g\",\"caption\":\"\\\"Zeit der Leser\\\"-Redaktion\"},\"url\":\"https:\/\/blog.zeit.de\/zeit-der-leser\/author\/zeit-der-leser-redaktion\/\"}]}<\/script>\n<!-- \/ Yoast SEO plugin. -->","yoast_head_json":{"title":"Gesp\u00fcr: Mein Wort-Schatz - ZEIT der Leser","robots":{"index":"index","follow":"follow","max-snippet":"max-snippet:-1","max-image-preview":"max-image-preview:large","max-video-preview":"max-video-preview:-1"},"canonical":"https:\/\/blog.zeit.de\/zeit-der-leser\/2011\/12\/08\/mein-wort-schatz-gespuer\/","og_locale":"de_DE","og_type":"article","og_title":"Gesp\u00fcr: Mein Wort-Schatz - ZEIT der Leser","og_description":"Wir sehen schon von Weitem die Schafe auf der Weide. Mit meiner Mutter \u2013 ihre Demenz ist fortgeschritten \u2013 bin ich im Auto unterwegs zu altbekannten Orten. Der Bauer an der Schafweide begr\u00fc\u00dft uns. Im Gespr\u00e4ch bemerkt er die Verwirrtheit meiner Mutter. Ohne ein weiteres Wort l\u00e4uft er weg und kommt nach einigen Minuten mit [&hellip;]","og_url":"https:\/\/blog.zeit.de\/zeit-der-leser\/2011\/12\/08\/mein-wort-schatz-gespuer\/","og_site_name":"ZEIT der Leser","article_published_time":"2011-12-08T09:00:51+00:00","article_modified_time":"2015-02-24T16:30:54+00:00","author":"\"Zeit der Leser\"-Redaktion","twitter_card":"summary_large_image","twitter_misc":{"Geschrieben von":"\"Zeit der Leser\"-Redaktion","Gesch\u00e4tzte Lesezeit":"1\u00a0Minute"},"schema":{"@context":"https:\/\/schema.org","@graph":[{"@type":"WebPage","@id":"https:\/\/blog.zeit.de\/zeit-der-leser\/2011\/12\/08\/mein-wort-schatz-gespuer\/","url":"https:\/\/blog.zeit.de\/zeit-der-leser\/2011\/12\/08\/mein-wort-schatz-gespuer\/","name":"Gesp\u00fcr: Mein Wort-Schatz - ZEIT der Leser","isPartOf":{"@id":"https:\/\/blog.zeit.de\/zeit-der-leser\/#website"},"datePublished":"2011-12-08T09:00:51+00:00","dateModified":"2015-02-24T16:30:54+00:00","author":{"@id":"https:\/\/blog.zeit.de\/zeit-der-leser\/#\/schema\/person\/583b14e5ad6368c23af846ecbde9f20f"},"breadcrumb":{"@id":"https:\/\/blog.zeit.de\/zeit-der-leser\/2011\/12\/08\/mein-wort-schatz-gespuer\/#breadcrumb"},"inLanguage":"de","potentialAction":[{"@type":"ReadAction","target":["https:\/\/blog.zeit.de\/zeit-der-leser\/2011\/12\/08\/mein-wort-schatz-gespuer\/"]}]},{"@type":"BreadcrumbList","@id":"https:\/\/blog.zeit.de\/zeit-der-leser\/2011\/12\/08\/mein-wort-schatz-gespuer\/#breadcrumb","itemListElement":[{"@type":"ListItem","position":1,"name":"Startseite","item":"https:\/\/blog.zeit.de\/zeit-der-leser\/"},{"@type":"ListItem","position":2,"name":"Gesp\u00fcr: Mein Wort-Schatz"}]},{"@type":"WebSite","@id":"https:\/\/blog.zeit.de\/zeit-der-leser\/#website","url":"https:\/\/blog.zeit.de\/zeit-der-leser\/","name":"ZEIT der Leser","description":"Ein Blog mit Ihren Notizen, Gedichten und Bildern f\u00fcr die gedruckte ZEIT","potentialAction":[{"@type":"SearchAction","target":{"@type":"EntryPoint","urlTemplate":"https:\/\/blog.zeit.de\/zeit-der-leser\/?s={search_term_string}"},"query-input":"required name=search_term_string"}],"inLanguage":"de"},{"@type":"Person","@id":"https:\/\/blog.zeit.de\/zeit-der-leser\/#\/schema\/person\/583b14e5ad6368c23af846ecbde9f20f","name":"\"Zeit der Leser\"-Redaktion","image":{"@type":"ImageObject","inLanguage":"de","@id":"https:\/\/blog.zeit.de\/zeit-der-leser\/#\/schema\/person\/image\/","url":"https:\/\/secure.gravatar.com\/avatar\/e801a681bd3bbf2345131a815930b48d9f8e0a94de1346b624840dc850f67ad0?s=96&d=mm&r=g","contentUrl":"https:\/\/secure.gravatar.com\/avatar\/e801a681bd3bbf2345131a815930b48d9f8e0a94de1346b624840dc850f67ad0?s=96&d=mm&r=g","caption":"\"Zeit der Leser\"-Redaktion"},"url":"https:\/\/blog.zeit.de\/zeit-der-leser\/author\/zeit-der-leser-redaktion\/"}]}},"jetpack_featured_media_url":"","jetpack_sharing_enabled":true,"_links":{"self":[{"href":"https:\/\/blog.zeit.de\/zeit-der-leser\/wp-json\/wp\/v2\/posts\/7926","targetHints":{"allow":["GET"]}}],"collection":[{"href":"https:\/\/blog.zeit.de\/zeit-der-leser\/wp-json\/wp\/v2\/posts"}],"about":[{"href":"https:\/\/blog.zeit.de\/zeit-der-leser\/wp-json\/wp\/v2\/types\/post"}],"author":[{"embeddable":true,"href":"https:\/\/blog.zeit.de\/zeit-der-leser\/wp-json\/wp\/v2\/users\/265"}],"replies":[{"embeddable":true,"href":"https:\/\/blog.zeit.de\/zeit-der-leser\/wp-json\/wp\/v2\/comments?post=7926"}],"version-history":[{"count":5,"href":"https:\/\/blog.zeit.de\/zeit-der-leser\/wp-json\/wp\/v2\/posts\/7926\/revisions"}],"predecessor-version":[{"id":19813,"href":"https:\/\/blog.zeit.de\/zeit-der-leser\/wp-json\/wp\/v2\/posts\/7926\/revisions\/19813"}],"wp:attachment":[{"href":"https:\/\/blog.zeit.de\/zeit-der-leser\/wp-json\/wp\/v2\/media?parent=7926"}],"wp:term":[{"taxonomy":"category","embeddable":true,"href":"https:\/\/blog.zeit.de\/zeit-der-leser\/wp-json\/wp\/v2\/categories?post=7926"},{"taxonomy":"post_tag","embeddable":true,"href":"https:\/\/blog.zeit.de\/zeit-der-leser\/wp-json\/wp\/v2\/tags?post=7926"}],"curies":[{"name":"wp","href":"https:\/\/api.w.org\/{rel}","templated":true}]}}