{"id":798,"date":"2010-04-26T11:39:04","date_gmt":"2010-04-26T09:39:04","guid":{"rendered":"http:\/\/blog.zeit.de\/zeit-der-leser\/?p=798"},"modified":"2010-04-26T11:39:04","modified_gmt":"2010-04-26T09:39:04","slug":"kleines-paradies","status":"publish","type":"post","link":"https:\/\/blog.zeit.de\/zeit-der-leser\/2010\/04\/26\/kleines-paradies\/","title":{"rendered":"Kleines Paradies"},"content":{"rendered":"<p><figure id=\"attachment_801\" aria-describedby=\"caption-attachment-801\" style=\"width: 540px\" class=\"wp-caption alignleft\"><a href=\"http:\/\/www.photocase.com\/de\/user.asp?u=38853\" target=\"_self\"><img loading=\"lazy\" decoding=\"async\" class=\"size-full wp-image-801\" title=\"garten\" src=\"https:\/\/blog.zeit.de\/zeit-der-leser\/files\/2010\/04\/garten.jpg\" alt=\"\" width=\"540\" height=\"359\" srcset=\"https:\/\/blog.zeit.de\/zeit-der-leser\/files\/2010\/04\/garten.jpg 540w, https:\/\/blog.zeit.de\/zeit-der-leser\/files\/2010\/04\/garten-300x199.jpg 300w\" sizes=\"auto, (max-width: 540px) 100vw, 540px\" \/><\/a><figcaption id=\"caption-attachment-801\" class=\"wp-caption-text\">\u00a9 suze \/ photocase.com<\/figcaption><\/figure><\/p>\n<p>Jedes Jahr im Fr\u00fchling, wenn das erste zarte Gr\u00fcn der B\u00e4ume sprie\u00dft und Fr\u00fchlingsblumen sich vorsichtig durch die Erde schieben, erlebe ich das allj\u00e4hrliche Wunder des Erwachens der Natur in unserem kleinen Garten.<\/p>\n<p>Von der Terrasse aus kann ich meinen Blick schweifen lassen und lauschen. Das Ohr vernimmt ein feines Gepl\u00e4tscher und ich sehe einen Sprudelstein, \u00fcber dem das Wasser seinen Lauf nimmt. Beim Betrachten und Lauschen entspannt sich die Seele. Den V\u00f6geln ist der Wasserlauf eine willkommene Abwechslung. F\u00fcr mich ist es immer eine Freude, sie beim Trinken oder beim Planschen zu beobachten.<\/p>\n<p>Die ersten Fr\u00fchlingsblumen empfangen uns mit einer gro\u00dfen Farbpalette. Es scheint, als ob sie mit ihrer Farbenpracht in einen Wettstreit getreten sind. Eine K\u00fcchenschelle hat bis zur Mittagszeit ihre Bl\u00fcten voll ge\u00f6ffnet und h\u00e4lt diese der Sonne entgegen, um am Abend, wenn sie ihre Bl\u00fctenkelche wieder schlie\u00dft, von ihr zu tr\u00e4umen.<\/p>\n<p>Die Rankrosen, im Sommer im hellen Rosa und dunklem Rot gekleidet, halten sich jetzt noch mit ihrer Bl\u00fcte zur\u00fcck. Sie gibt dem kleinen, bescheidenen Veilchen jetzt den Vortritt. An den Knospenst\u00e4nden der Rhododendren und Hortensien k\u00f6nnen wir die Bl\u00fctenpracht im Sommer schon erahnen. Die Magnolie verspricht mit ihren sch\u00f6nen und lila Bl\u00fcten wieder ein Augenschmaus zu werden.<\/p>\n<p>Der Apfelbaum lockt uns mit zarten Gr\u00fcn und kleinen Fruchtknospen. Wir erfreuen uns an den kr\u00e4ftigen \u00c4sten des Spalierobstes und den Weinranken. Sie versprechen wieder den Genuss von \u00c4pfeln und von s\u00fc\u00dfen roten und wei\u00dfen Weintrauben.<\/p>\n<p>Am Ende des Gartens steht ein japanischer Kirschbaum. Seine \u00c4ste sind \u00fcbers\u00e4t mit \u00fcppigen rosa Bl\u00fcten, in denen sich die ersten Bienen laben. Die Zweige neigen sich \u00fcber den kleinen Teich. Es ist, als ob er sich vor diesem Wunder der allj\u00e4hrlichen wiederkehrenden Pracht verneigt und diese willkommen hei\u00dft.<\/p>\n<p><em>Gabi Behrens, Elmshorn<\/em><\/p>\n","protected":false},"excerpt":{"rendered":"<p>Jedes Jahr im Fr\u00fchling, wenn das erste zarte Gr\u00fcn der B\u00e4ume sprie\u00dft und Fr\u00fchlingsblumen sich vorsichtig durch die Erde schieben, erlebe ich das allj\u00e4hrliche Wunder des Erwachens der Natur in unserem kleinen Garten. Von der Terrasse aus kann ich meinen Blick schweifen lassen und lauschen. Das Ohr vernimmt ein feines Gepl\u00e4tscher und ich sehe einen [&hellip;]<\/p>\n","protected":false},"author":264,"featured_media":0,"comment_status":"open","ping_status":"open","sticky":false,"template":"","format":"standard","meta":{"_jetpack_memberships_contains_paid_content":false,"footnotes":""},"categories":[1871],"tags":[],"class_list":["post-798","post","type-post","status-publish","format-standard","hentry","category-was-mein-leben-reicher-macht"],"yoast_head":"<!-- This site is optimized with the Yoast SEO plugin v21.0 - https:\/\/yoast.com\/wordpress\/plugins\/seo\/ -->\n<title>Kleines Paradies - ZEIT der Leser<\/title>\n<meta name=\"robots\" content=\"index, follow, max-snippet:-1, max-image-preview:large, max-video-preview:-1\" \/>\n<link rel=\"canonical\" href=\"https:\/\/blog.zeit.de\/zeit-der-leser\/2010\/04\/26\/kleines-paradies\/\" \/>\n<meta property=\"og:locale\" content=\"de_DE\" \/>\n<meta property=\"og:type\" content=\"article\" \/>\n<meta property=\"og:title\" content=\"Kleines Paradies - ZEIT der Leser\" \/>\n<meta property=\"og:description\" content=\"Jedes Jahr im Fr\u00fchling, wenn das erste zarte Gr\u00fcn der B\u00e4ume sprie\u00dft und Fr\u00fchlingsblumen sich vorsichtig durch die Erde schieben, erlebe ich das allj\u00e4hrliche Wunder des Erwachens der Natur in unserem kleinen Garten. Von der Terrasse aus kann ich meinen Blick schweifen lassen und lauschen. Das Ohr vernimmt ein feines Gepl\u00e4tscher und ich sehe einen [&hellip;]\" \/>\n<meta property=\"og:url\" content=\"https:\/\/blog.zeit.de\/zeit-der-leser\/2010\/04\/26\/kleines-paradies\/\" \/>\n<meta property=\"og:site_name\" content=\"ZEIT der Leser\" \/>\n<meta property=\"article:published_time\" content=\"2010-04-26T09:39:04+00:00\" \/>\n<meta property=\"og:image\" content=\"https:\/\/blog.zeit.de\/zeit-der-leser\/files\/2010\/04\/garten.jpg\" \/>\n<meta name=\"author\" content=\"Zeit der Leser\" \/>\n<meta name=\"twitter:card\" content=\"summary_large_image\" \/>\n<meta name=\"twitter:label1\" content=\"Geschrieben von\" \/>\n\t<meta name=\"twitter:data1\" content=\"Zeit der Leser\" \/>\n\t<meta name=\"twitter:label2\" content=\"Gesch\u00e4tzte Lesezeit\" \/>\n\t<meta name=\"twitter:data2\" content=\"2\u00a0Minuten\" \/>\n<script type=\"application\/ld+json\" class=\"yoast-schema-graph\">{\"@context\":\"https:\/\/schema.org\",\"@graph\":[{\"@type\":\"WebPage\",\"@id\":\"https:\/\/blog.zeit.de\/zeit-der-leser\/2010\/04\/26\/kleines-paradies\/\",\"url\":\"https:\/\/blog.zeit.de\/zeit-der-leser\/2010\/04\/26\/kleines-paradies\/\",\"name\":\"Kleines Paradies - ZEIT der Leser\",\"isPartOf\":{\"@id\":\"https:\/\/blog.zeit.de\/zeit-der-leser\/#website\"},\"datePublished\":\"2010-04-26T09:39:04+00:00\",\"dateModified\":\"2010-04-26T09:39:04+00:00\",\"author\":{\"@id\":\"https:\/\/blog.zeit.de\/zeit-der-leser\/#\/schema\/person\/e248c7ff5a10552f6a3bd5e9385b3667\"},\"breadcrumb\":{\"@id\":\"https:\/\/blog.zeit.de\/zeit-der-leser\/2010\/04\/26\/kleines-paradies\/#breadcrumb\"},\"inLanguage\":\"de\",\"potentialAction\":[{\"@type\":\"ReadAction\",\"target\":[\"https:\/\/blog.zeit.de\/zeit-der-leser\/2010\/04\/26\/kleines-paradies\/\"]}]},{\"@type\":\"BreadcrumbList\",\"@id\":\"https:\/\/blog.zeit.de\/zeit-der-leser\/2010\/04\/26\/kleines-paradies\/#breadcrumb\",\"itemListElement\":[{\"@type\":\"ListItem\",\"position\":1,\"name\":\"Startseite\",\"item\":\"https:\/\/blog.zeit.de\/zeit-der-leser\/\"},{\"@type\":\"ListItem\",\"position\":2,\"name\":\"Kleines Paradies\"}]},{\"@type\":\"WebSite\",\"@id\":\"https:\/\/blog.zeit.de\/zeit-der-leser\/#website\",\"url\":\"https:\/\/blog.zeit.de\/zeit-der-leser\/\",\"name\":\"ZEIT der Leser\",\"description\":\"Ein Blog mit Ihren Notizen, Gedichten und Bildern f\u00fcr die gedruckte ZEIT\",\"potentialAction\":[{\"@type\":\"SearchAction\",\"target\":{\"@type\":\"EntryPoint\",\"urlTemplate\":\"https:\/\/blog.zeit.de\/zeit-der-leser\/?s={search_term_string}\"},\"query-input\":\"required name=search_term_string\"}],\"inLanguage\":\"de\"},{\"@type\":\"Person\",\"@id\":\"https:\/\/blog.zeit.de\/zeit-der-leser\/#\/schema\/person\/e248c7ff5a10552f6a3bd5e9385b3667\",\"name\":\"Zeit der Leser\",\"image\":{\"@type\":\"ImageObject\",\"inLanguage\":\"de\",\"@id\":\"https:\/\/blog.zeit.de\/zeit-der-leser\/#\/schema\/person\/image\/\",\"url\":\"https:\/\/secure.gravatar.com\/avatar\/529bb2731085995bda6c8ba0e4da7e528ea8be4e6c7abdd217f176e2309035f6?s=96&d=mm&r=g\",\"contentUrl\":\"https:\/\/secure.gravatar.com\/avatar\/529bb2731085995bda6c8ba0e4da7e528ea8be4e6c7abdd217f176e2309035f6?s=96&d=mm&r=g\",\"caption\":\"Zeit der Leser\"},\"url\":\"https:\/\/blog.zeit.de\/zeit-der-leser\/author\/zeit-der-leser\/\"}]}<\/script>\n<!-- \/ Yoast SEO plugin. -->","yoast_head_json":{"title":"Kleines Paradies - ZEIT der Leser","robots":{"index":"index","follow":"follow","max-snippet":"max-snippet:-1","max-image-preview":"max-image-preview:large","max-video-preview":"max-video-preview:-1"},"canonical":"https:\/\/blog.zeit.de\/zeit-der-leser\/2010\/04\/26\/kleines-paradies\/","og_locale":"de_DE","og_type":"article","og_title":"Kleines Paradies - ZEIT der Leser","og_description":"Jedes Jahr im Fr\u00fchling, wenn das erste zarte Gr\u00fcn der B\u00e4ume sprie\u00dft und Fr\u00fchlingsblumen sich vorsichtig durch die Erde schieben, erlebe ich das allj\u00e4hrliche Wunder des Erwachens der Natur in unserem kleinen Garten. Von der Terrasse aus kann ich meinen Blick schweifen lassen und lauschen. Das Ohr vernimmt ein feines Gepl\u00e4tscher und ich sehe einen [&hellip;]","og_url":"https:\/\/blog.zeit.de\/zeit-der-leser\/2010\/04\/26\/kleines-paradies\/","og_site_name":"ZEIT der Leser","article_published_time":"2010-04-26T09:39:04+00:00","og_image":[{"url":"https:\/\/blog.zeit.de\/zeit-der-leser\/files\/2010\/04\/garten.jpg"}],"author":"Zeit der Leser","twitter_card":"summary_large_image","twitter_misc":{"Geschrieben von":"Zeit der Leser","Gesch\u00e4tzte Lesezeit":"2\u00a0Minuten"},"schema":{"@context":"https:\/\/schema.org","@graph":[{"@type":"WebPage","@id":"https:\/\/blog.zeit.de\/zeit-der-leser\/2010\/04\/26\/kleines-paradies\/","url":"https:\/\/blog.zeit.de\/zeit-der-leser\/2010\/04\/26\/kleines-paradies\/","name":"Kleines Paradies - ZEIT der Leser","isPartOf":{"@id":"https:\/\/blog.zeit.de\/zeit-der-leser\/#website"},"datePublished":"2010-04-26T09:39:04+00:00","dateModified":"2010-04-26T09:39:04+00:00","author":{"@id":"https:\/\/blog.zeit.de\/zeit-der-leser\/#\/schema\/person\/e248c7ff5a10552f6a3bd5e9385b3667"},"breadcrumb":{"@id":"https:\/\/blog.zeit.de\/zeit-der-leser\/2010\/04\/26\/kleines-paradies\/#breadcrumb"},"inLanguage":"de","potentialAction":[{"@type":"ReadAction","target":["https:\/\/blog.zeit.de\/zeit-der-leser\/2010\/04\/26\/kleines-paradies\/"]}]},{"@type":"BreadcrumbList","@id":"https:\/\/blog.zeit.de\/zeit-der-leser\/2010\/04\/26\/kleines-paradies\/#breadcrumb","itemListElement":[{"@type":"ListItem","position":1,"name":"Startseite","item":"https:\/\/blog.zeit.de\/zeit-der-leser\/"},{"@type":"ListItem","position":2,"name":"Kleines Paradies"}]},{"@type":"WebSite","@id":"https:\/\/blog.zeit.de\/zeit-der-leser\/#website","url":"https:\/\/blog.zeit.de\/zeit-der-leser\/","name":"ZEIT der Leser","description":"Ein Blog mit Ihren Notizen, Gedichten und Bildern f\u00fcr die gedruckte ZEIT","potentialAction":[{"@type":"SearchAction","target":{"@type":"EntryPoint","urlTemplate":"https:\/\/blog.zeit.de\/zeit-der-leser\/?s={search_term_string}"},"query-input":"required name=search_term_string"}],"inLanguage":"de"},{"@type":"Person","@id":"https:\/\/blog.zeit.de\/zeit-der-leser\/#\/schema\/person\/e248c7ff5a10552f6a3bd5e9385b3667","name":"Zeit der Leser","image":{"@type":"ImageObject","inLanguage":"de","@id":"https:\/\/blog.zeit.de\/zeit-der-leser\/#\/schema\/person\/image\/","url":"https:\/\/secure.gravatar.com\/avatar\/529bb2731085995bda6c8ba0e4da7e528ea8be4e6c7abdd217f176e2309035f6?s=96&d=mm&r=g","contentUrl":"https:\/\/secure.gravatar.com\/avatar\/529bb2731085995bda6c8ba0e4da7e528ea8be4e6c7abdd217f176e2309035f6?s=96&d=mm&r=g","caption":"Zeit der Leser"},"url":"https:\/\/blog.zeit.de\/zeit-der-leser\/author\/zeit-der-leser\/"}]}},"jetpack_featured_media_url":"","jetpack_sharing_enabled":true,"_links":{"self":[{"href":"https:\/\/blog.zeit.de\/zeit-der-leser\/wp-json\/wp\/v2\/posts\/798","targetHints":{"allow":["GET"]}}],"collection":[{"href":"https:\/\/blog.zeit.de\/zeit-der-leser\/wp-json\/wp\/v2\/posts"}],"about":[{"href":"https:\/\/blog.zeit.de\/zeit-der-leser\/wp-json\/wp\/v2\/types\/post"}],"author":[{"embeddable":true,"href":"https:\/\/blog.zeit.de\/zeit-der-leser\/wp-json\/wp\/v2\/users\/264"}],"replies":[{"embeddable":true,"href":"https:\/\/blog.zeit.de\/zeit-der-leser\/wp-json\/wp\/v2\/comments?post=798"}],"version-history":[{"count":0,"href":"https:\/\/blog.zeit.de\/zeit-der-leser\/wp-json\/wp\/v2\/posts\/798\/revisions"}],"wp:attachment":[{"href":"https:\/\/blog.zeit.de\/zeit-der-leser\/wp-json\/wp\/v2\/media?parent=798"}],"wp:term":[{"taxonomy":"category","embeddable":true,"href":"https:\/\/blog.zeit.de\/zeit-der-leser\/wp-json\/wp\/v2\/categories?post=798"},{"taxonomy":"post_tag","embeddable":true,"href":"https:\/\/blog.zeit.de\/zeit-der-leser\/wp-json\/wp\/v2\/tags?post=798"}],"curies":[{"name":"wp","href":"https:\/\/api.w.org\/{rel}","templated":true}]}}