{"id":8025,"date":"2011-12-17T10:00:51","date_gmt":"2011-12-17T09:00:51","guid":{"rendered":"http:\/\/blog.zeit.de\/zeit-der-leser\/?p=8025"},"modified":"2015-02-24T17:28:43","modified_gmt":"2015-02-24T16:28:43","slug":"mein-wort-schatz-zeitlupe","status":"publish","type":"post","link":"https:\/\/blog.zeit.de\/zeit-der-leser\/2011\/12\/17\/mein-wort-schatz-zeitlupe\/","title":{"rendered":"Zeitlupe: Mein Wort-Schatz"},"content":{"rendered":"<p>Mein Wortschatz: die <strong>Zeitlupe<\/strong>. Ein wunderbares Wort, das es auf den Punkt bringt: die Zeit so vergr\u00f6\u00dfern, dass kleinste Details wahrnehmbar werden. Wie bedauerlich, wenn stattdessen von Slow Motion oder gar von \u00bbSlo Mo\u00ab gesprochen wird. Warum hegen wir unsere Wort-Sch\u00e4tze nicht und geben sie so leichtfertig auf? Wir staunen doch immer u\u0308ber Sprachen, deren Vielfalt wir als poetisch empfinden, man denke an \u00bbSchnee, der auf Zedern f\u00e4llt\u00ab. Bei uns f\u00e4llt weniger Schnee und mehr Regen, dementsprechend haben wir den Dunst, den Niesel, den Fieselregen. Es tr\u00f6pfelt, schauert, regnet Bindf\u00e4den, gie\u00dft wie aus K\u00fcbeln, sch\u00fcttet aus Eimern&#8230; Und dann der Wolkenbruch! Was fu\u0308r ein Wort-Schatz! \u00c4hnliche Vielfalt findet sich \u00fcbrigens auch beim Geld: schn\u00f6der Mammon, Knete, Kies, Schotter, Kohle, Asche, Moos, Zaster, Moneten, Patte, Piepen, Pieselotten&#8230; Was sagt diese Vielfalt \u00fcber uns aus? Das Vorangegangene jedenfalls illustriert, wie man \u00bbvon H\u00f6cksken up St\u00f6cksken\u00ab kommen kann. Darum sei an dieser Stelle Schluss!<\/p>\n<p><strong>Katharina Silies<\/strong>, L\u00fcbeck<\/p>\n","protected":false},"excerpt":{"rendered":"<p>Mein Wortschatz: die Zeitlupe. Ein wunderbares Wort, das es auf den Punkt bringt: die Zeit so vergr\u00f6\u00dfern, dass kleinste Details wahrnehmbar werden. Wie bedauerlich, wenn stattdessen von Slow Motion oder gar von \u00bbSlo Mo\u00ab gesprochen wird. Warum hegen wir unsere Wort-Sch\u00e4tze nicht und geben sie so leichtfertig auf? Wir staunen doch immer u\u0308ber Sprachen, deren [&hellip;]<\/p>\n","protected":false},"author":265,"featured_media":0,"comment_status":"open","ping_status":"open","sticky":false,"template":"","format":"standard","meta":{"_jetpack_memberships_contains_paid_content":false,"footnotes":""},"categories":[5687],"tags":[],"class_list":["post-8025","post","type-post","status-publish","format-standard","hentry","category-mein-wort-schatz"],"yoast_head":"<!-- This site is optimized with the Yoast SEO plugin v21.0 - https:\/\/yoast.com\/wordpress\/plugins\/seo\/ -->\n<title>Zeitlupe: Mein Wort-Schatz - ZEIT der Leser<\/title>\n<meta name=\"robots\" content=\"index, follow, max-snippet:-1, max-image-preview:large, max-video-preview:-1\" \/>\n<link rel=\"canonical\" href=\"https:\/\/blog.zeit.de\/zeit-der-leser\/2011\/12\/17\/mein-wort-schatz-zeitlupe\/\" \/>\n<meta property=\"og:locale\" content=\"de_DE\" \/>\n<meta property=\"og:type\" content=\"article\" \/>\n<meta property=\"og:title\" content=\"Zeitlupe: Mein Wort-Schatz - ZEIT der Leser\" \/>\n<meta property=\"og:description\" content=\"Mein Wortschatz: die Zeitlupe. Ein wunderbares Wort, das es auf den Punkt bringt: die Zeit so vergr\u00f6\u00dfern, dass kleinste Details wahrnehmbar werden. Wie bedauerlich, wenn stattdessen von Slow Motion oder gar von \u00bbSlo Mo\u00ab gesprochen wird. Warum hegen wir unsere Wort-Sch\u00e4tze nicht und geben sie so leichtfertig auf? Wir staunen doch immer u\u0308ber Sprachen, deren [&hellip;]\" \/>\n<meta property=\"og:url\" content=\"https:\/\/blog.zeit.de\/zeit-der-leser\/2011\/12\/17\/mein-wort-schatz-zeitlupe\/\" \/>\n<meta property=\"og:site_name\" content=\"ZEIT der Leser\" \/>\n<meta property=\"article:published_time\" content=\"2011-12-17T09:00:51+00:00\" \/>\n<meta property=\"article:modified_time\" content=\"2015-02-24T16:28:43+00:00\" \/>\n<meta name=\"author\" content=\"&quot;Zeit der Leser&quot;-Redaktion\" \/>\n<meta name=\"twitter:card\" content=\"summary_large_image\" \/>\n<meta name=\"twitter:label1\" content=\"Geschrieben von\" \/>\n\t<meta name=\"twitter:data1\" content=\"\"Zeit der Leser\"-Redaktion\" \/>\n\t<meta name=\"twitter:label2\" content=\"Gesch\u00e4tzte Lesezeit\" \/>\n\t<meta name=\"twitter:data2\" content=\"1\u00a0Minute\" \/>\n<script type=\"application\/ld+json\" class=\"yoast-schema-graph\">{\"@context\":\"https:\/\/schema.org\",\"@graph\":[{\"@type\":\"WebPage\",\"@id\":\"https:\/\/blog.zeit.de\/zeit-der-leser\/2011\/12\/17\/mein-wort-schatz-zeitlupe\/\",\"url\":\"https:\/\/blog.zeit.de\/zeit-der-leser\/2011\/12\/17\/mein-wort-schatz-zeitlupe\/\",\"name\":\"Zeitlupe: Mein Wort-Schatz - ZEIT der Leser\",\"isPartOf\":{\"@id\":\"https:\/\/blog.zeit.de\/zeit-der-leser\/#website\"},\"datePublished\":\"2011-12-17T09:00:51+00:00\",\"dateModified\":\"2015-02-24T16:28:43+00:00\",\"author\":{\"@id\":\"https:\/\/blog.zeit.de\/zeit-der-leser\/#\/schema\/person\/583b14e5ad6368c23af846ecbde9f20f\"},\"breadcrumb\":{\"@id\":\"https:\/\/blog.zeit.de\/zeit-der-leser\/2011\/12\/17\/mein-wort-schatz-zeitlupe\/#breadcrumb\"},\"inLanguage\":\"de\",\"potentialAction\":[{\"@type\":\"ReadAction\",\"target\":[\"https:\/\/blog.zeit.de\/zeit-der-leser\/2011\/12\/17\/mein-wort-schatz-zeitlupe\/\"]}]},{\"@type\":\"BreadcrumbList\",\"@id\":\"https:\/\/blog.zeit.de\/zeit-der-leser\/2011\/12\/17\/mein-wort-schatz-zeitlupe\/#breadcrumb\",\"itemListElement\":[{\"@type\":\"ListItem\",\"position\":1,\"name\":\"Startseite\",\"item\":\"https:\/\/blog.zeit.de\/zeit-der-leser\/\"},{\"@type\":\"ListItem\",\"position\":2,\"name\":\"Zeitlupe: Mein Wort-Schatz\"}]},{\"@type\":\"WebSite\",\"@id\":\"https:\/\/blog.zeit.de\/zeit-der-leser\/#website\",\"url\":\"https:\/\/blog.zeit.de\/zeit-der-leser\/\",\"name\":\"ZEIT der Leser\",\"description\":\"Ein Blog mit Ihren Notizen, Gedichten und Bildern f\u00fcr die gedruckte ZEIT\",\"potentialAction\":[{\"@type\":\"SearchAction\",\"target\":{\"@type\":\"EntryPoint\",\"urlTemplate\":\"https:\/\/blog.zeit.de\/zeit-der-leser\/?s={search_term_string}\"},\"query-input\":\"required name=search_term_string\"}],\"inLanguage\":\"de\"},{\"@type\":\"Person\",\"@id\":\"https:\/\/blog.zeit.de\/zeit-der-leser\/#\/schema\/person\/583b14e5ad6368c23af846ecbde9f20f\",\"name\":\"\\\"Zeit der Leser\\\"-Redaktion\",\"image\":{\"@type\":\"ImageObject\",\"inLanguage\":\"de\",\"@id\":\"https:\/\/blog.zeit.de\/zeit-der-leser\/#\/schema\/person\/image\/\",\"url\":\"https:\/\/secure.gravatar.com\/avatar\/e801a681bd3bbf2345131a815930b48d9f8e0a94de1346b624840dc850f67ad0?s=96&d=mm&r=g\",\"contentUrl\":\"https:\/\/secure.gravatar.com\/avatar\/e801a681bd3bbf2345131a815930b48d9f8e0a94de1346b624840dc850f67ad0?s=96&d=mm&r=g\",\"caption\":\"\\\"Zeit der Leser\\\"-Redaktion\"},\"url\":\"https:\/\/blog.zeit.de\/zeit-der-leser\/author\/zeit-der-leser-redaktion\/\"}]}<\/script>\n<!-- \/ Yoast SEO plugin. -->","yoast_head_json":{"title":"Zeitlupe: Mein Wort-Schatz - ZEIT der Leser","robots":{"index":"index","follow":"follow","max-snippet":"max-snippet:-1","max-image-preview":"max-image-preview:large","max-video-preview":"max-video-preview:-1"},"canonical":"https:\/\/blog.zeit.de\/zeit-der-leser\/2011\/12\/17\/mein-wort-schatz-zeitlupe\/","og_locale":"de_DE","og_type":"article","og_title":"Zeitlupe: Mein Wort-Schatz - ZEIT der Leser","og_description":"Mein Wortschatz: die Zeitlupe. Ein wunderbares Wort, das es auf den Punkt bringt: die Zeit so vergr\u00f6\u00dfern, dass kleinste Details wahrnehmbar werden. Wie bedauerlich, wenn stattdessen von Slow Motion oder gar von \u00bbSlo Mo\u00ab gesprochen wird. Warum hegen wir unsere Wort-Sch\u00e4tze nicht und geben sie so leichtfertig auf? Wir staunen doch immer u\u0308ber Sprachen, deren [&hellip;]","og_url":"https:\/\/blog.zeit.de\/zeit-der-leser\/2011\/12\/17\/mein-wort-schatz-zeitlupe\/","og_site_name":"ZEIT der Leser","article_published_time":"2011-12-17T09:00:51+00:00","article_modified_time":"2015-02-24T16:28:43+00:00","author":"\"Zeit der Leser\"-Redaktion","twitter_card":"summary_large_image","twitter_misc":{"Geschrieben von":"\"Zeit der Leser\"-Redaktion","Gesch\u00e4tzte Lesezeit":"1\u00a0Minute"},"schema":{"@context":"https:\/\/schema.org","@graph":[{"@type":"WebPage","@id":"https:\/\/blog.zeit.de\/zeit-der-leser\/2011\/12\/17\/mein-wort-schatz-zeitlupe\/","url":"https:\/\/blog.zeit.de\/zeit-der-leser\/2011\/12\/17\/mein-wort-schatz-zeitlupe\/","name":"Zeitlupe: Mein Wort-Schatz - ZEIT der Leser","isPartOf":{"@id":"https:\/\/blog.zeit.de\/zeit-der-leser\/#website"},"datePublished":"2011-12-17T09:00:51+00:00","dateModified":"2015-02-24T16:28:43+00:00","author":{"@id":"https:\/\/blog.zeit.de\/zeit-der-leser\/#\/schema\/person\/583b14e5ad6368c23af846ecbde9f20f"},"breadcrumb":{"@id":"https:\/\/blog.zeit.de\/zeit-der-leser\/2011\/12\/17\/mein-wort-schatz-zeitlupe\/#breadcrumb"},"inLanguage":"de","potentialAction":[{"@type":"ReadAction","target":["https:\/\/blog.zeit.de\/zeit-der-leser\/2011\/12\/17\/mein-wort-schatz-zeitlupe\/"]}]},{"@type":"BreadcrumbList","@id":"https:\/\/blog.zeit.de\/zeit-der-leser\/2011\/12\/17\/mein-wort-schatz-zeitlupe\/#breadcrumb","itemListElement":[{"@type":"ListItem","position":1,"name":"Startseite","item":"https:\/\/blog.zeit.de\/zeit-der-leser\/"},{"@type":"ListItem","position":2,"name":"Zeitlupe: Mein Wort-Schatz"}]},{"@type":"WebSite","@id":"https:\/\/blog.zeit.de\/zeit-der-leser\/#website","url":"https:\/\/blog.zeit.de\/zeit-der-leser\/","name":"ZEIT der Leser","description":"Ein Blog mit Ihren Notizen, Gedichten und Bildern f\u00fcr die gedruckte ZEIT","potentialAction":[{"@type":"SearchAction","target":{"@type":"EntryPoint","urlTemplate":"https:\/\/blog.zeit.de\/zeit-der-leser\/?s={search_term_string}"},"query-input":"required name=search_term_string"}],"inLanguage":"de"},{"@type":"Person","@id":"https:\/\/blog.zeit.de\/zeit-der-leser\/#\/schema\/person\/583b14e5ad6368c23af846ecbde9f20f","name":"\"Zeit der Leser\"-Redaktion","image":{"@type":"ImageObject","inLanguage":"de","@id":"https:\/\/blog.zeit.de\/zeit-der-leser\/#\/schema\/person\/image\/","url":"https:\/\/secure.gravatar.com\/avatar\/e801a681bd3bbf2345131a815930b48d9f8e0a94de1346b624840dc850f67ad0?s=96&d=mm&r=g","contentUrl":"https:\/\/secure.gravatar.com\/avatar\/e801a681bd3bbf2345131a815930b48d9f8e0a94de1346b624840dc850f67ad0?s=96&d=mm&r=g","caption":"\"Zeit der Leser\"-Redaktion"},"url":"https:\/\/blog.zeit.de\/zeit-der-leser\/author\/zeit-der-leser-redaktion\/"}]}},"jetpack_featured_media_url":"","jetpack_sharing_enabled":true,"_links":{"self":[{"href":"https:\/\/blog.zeit.de\/zeit-der-leser\/wp-json\/wp\/v2\/posts\/8025","targetHints":{"allow":["GET"]}}],"collection":[{"href":"https:\/\/blog.zeit.de\/zeit-der-leser\/wp-json\/wp\/v2\/posts"}],"about":[{"href":"https:\/\/blog.zeit.de\/zeit-der-leser\/wp-json\/wp\/v2\/types\/post"}],"author":[{"embeddable":true,"href":"https:\/\/blog.zeit.de\/zeit-der-leser\/wp-json\/wp\/v2\/users\/265"}],"replies":[{"embeddable":true,"href":"https:\/\/blog.zeit.de\/zeit-der-leser\/wp-json\/wp\/v2\/comments?post=8025"}],"version-history":[{"count":6,"href":"https:\/\/blog.zeit.de\/zeit-der-leser\/wp-json\/wp\/v2\/posts\/8025\/revisions"}],"predecessor-version":[{"id":19810,"href":"https:\/\/blog.zeit.de\/zeit-der-leser\/wp-json\/wp\/v2\/posts\/8025\/revisions\/19810"}],"wp:attachment":[{"href":"https:\/\/blog.zeit.de\/zeit-der-leser\/wp-json\/wp\/v2\/media?parent=8025"}],"wp:term":[{"taxonomy":"category","embeddable":true,"href":"https:\/\/blog.zeit.de\/zeit-der-leser\/wp-json\/wp\/v2\/categories?post=8025"},{"taxonomy":"post_tag","embeddable":true,"href":"https:\/\/blog.zeit.de\/zeit-der-leser\/wp-json\/wp\/v2\/tags?post=8025"}],"curies":[{"name":"wp","href":"https:\/\/api.w.org\/{rel}","templated":true}]}}