{"id":8027,"date":"2011-12-18T10:00:43","date_gmt":"2011-12-18T09:00:43","guid":{"rendered":"http:\/\/blog.zeit.de\/zeit-der-leser\/?p=8027"},"modified":"2011-12-16T12:13:27","modified_gmt":"2011-12-16T11:13:27","slug":"strasenbild-12","status":"publish","type":"post","link":"https:\/\/blog.zeit.de\/zeit-der-leser\/2011\/12\/18\/strasenbild-12\/","title":{"rendered":"Stra\u00dfenbild"},"content":{"rendered":"<p><a href=\"https:\/\/blog.zeit.de\/zeit-der-leser\/files\/2011\/12\/s90-stra\u00dfenbild.jpg\"><img loading=\"lazy\" decoding=\"async\" class=\"aligncenter size-full wp-image-8028\" src=\"https:\/\/blog.zeit.de\/zeit-der-leser\/files\/2011\/12\/s90-stra\u00dfenbild.jpg\" alt=\"\" width=\"180\" height=\"265\" \/><\/a><br \/>\nEin junges Paar zieht in unsere Nachbarschaft, und mit ihm kommt ein Indianer. Er postiert sich neben der Haust\u00fcr, alle Passanten und Besucher im Blick. Aufrecht steht er da und selbstverst\u00e4ndlich, Wind und Wetter die Stirn bietend. Die rechte Hand sch\u00fctzt die Augen gegen die blendende Morgensonne. Das Flachland des Niederrheins scheint dem Migranten nicht fremd. Ein Pr\u00e4rieindianer des Mittleren Westens? Ein Shawnee vielleicht? Aus dem Stamm des legend\u00e4ren H\u00e4uptlings Tecumseh, der sich den wei\u00dfen Landr\u00e4ubern entgegenstellte und letztlich mit seinen Mannen auf verlorenem Posten war? Unrecht und Leid haben die Indianer erfahren m\u00fcssen. Ich habe mir angew\u00f6hnt, allmorgendlich freundlich hin\u00fcberzuwinken. Und wenn im Fru\u0308hjahr die Tage wieder w\u00e4rmer werden, will ich mit dem Paar die Friedenspfeife stopfen, den Indianer in die Mitte nehmen und ihn und andere Nachbarn zum Mitrauchen einladen. Wir wu\u0308rden uns in Tabakwolken h\u00fcllen und w\u00fcnschen, dass der Rauch des Friedens hinauf zu Manitu steige, um ihn ein bisschen gn\u00e4dig zu stimmen.<\/p>\n<p><em>Heinz van de Linde, Goch<\/em><\/p>\n","protected":false},"excerpt":{"rendered":"<p>Ein junges Paar zieht in unsere Nachbarschaft, und mit ihm kommt ein Indianer. Er postiert sich neben der Haust\u00fcr, alle Passanten und Besucher im Blick. Aufrecht steht er da und selbstverst\u00e4ndlich, Wind und Wetter die Stirn bietend. Die rechte Hand sch\u00fctzt die Augen gegen die blendende Morgensonne. Das Flachland des Niederrheins scheint dem Migranten nicht [&hellip;]<\/p>\n","protected":false},"author":265,"featured_media":0,"comment_status":"open","ping_status":"open","sticky":false,"template":"","format":"standard","meta":{"_jetpack_memberships_contains_paid_content":false,"footnotes":""},"categories":[5688],"tags":[],"class_list":["post-8027","post","type-post","status-publish","format-standard","hentry","category-strasenbild"],"yoast_head":"<!-- This site is optimized with the Yoast SEO plugin v21.0 - https:\/\/yoast.com\/wordpress\/plugins\/seo\/ -->\n<title>Stra\u00dfenbild - ZEIT der Leser<\/title>\n<meta name=\"robots\" content=\"index, follow, max-snippet:-1, max-image-preview:large, max-video-preview:-1\" \/>\n<link rel=\"canonical\" href=\"https:\/\/blog.zeit.de\/zeit-der-leser\/2011\/12\/18\/strasenbild-12\/\" \/>\n<meta property=\"og:locale\" content=\"de_DE\" \/>\n<meta property=\"og:type\" content=\"article\" \/>\n<meta property=\"og:title\" content=\"Stra\u00dfenbild - ZEIT der Leser\" \/>\n<meta property=\"og:description\" content=\"Ein junges Paar zieht in unsere Nachbarschaft, und mit ihm kommt ein Indianer. Er postiert sich neben der Haust\u00fcr, alle Passanten und Besucher im Blick. Aufrecht steht er da und selbstverst\u00e4ndlich, Wind und Wetter die Stirn bietend. Die rechte Hand sch\u00fctzt die Augen gegen die blendende Morgensonne. Das Flachland des Niederrheins scheint dem Migranten nicht [&hellip;]\" \/>\n<meta property=\"og:url\" content=\"https:\/\/blog.zeit.de\/zeit-der-leser\/2011\/12\/18\/strasenbild-12\/\" \/>\n<meta property=\"og:site_name\" content=\"ZEIT der Leser\" \/>\n<meta property=\"article:published_time\" content=\"2011-12-18T09:00:43+00:00\" \/>\n<meta property=\"article:modified_time\" content=\"2011-12-16T11:13:27+00:00\" \/>\n<meta name=\"author\" content=\"&quot;Zeit der Leser&quot;-Redaktion\" \/>\n<meta name=\"twitter:card\" content=\"summary_large_image\" \/>\n<meta name=\"twitter:label1\" content=\"Geschrieben von\" \/>\n\t<meta name=\"twitter:data1\" content=\"\"Zeit der Leser\"-Redaktion\" \/>\n\t<meta name=\"twitter:label2\" content=\"Gesch\u00e4tzte Lesezeit\" \/>\n\t<meta name=\"twitter:data2\" content=\"1\u00a0Minute\" \/>\n<script type=\"application\/ld+json\" class=\"yoast-schema-graph\">{\"@context\":\"https:\/\/schema.org\",\"@graph\":[{\"@type\":\"WebPage\",\"@id\":\"https:\/\/blog.zeit.de\/zeit-der-leser\/2011\/12\/18\/strasenbild-12\/\",\"url\":\"https:\/\/blog.zeit.de\/zeit-der-leser\/2011\/12\/18\/strasenbild-12\/\",\"name\":\"Stra\u00dfenbild - ZEIT der Leser\",\"isPartOf\":{\"@id\":\"https:\/\/blog.zeit.de\/zeit-der-leser\/#website\"},\"datePublished\":\"2011-12-18T09:00:43+00:00\",\"dateModified\":\"2011-12-16T11:13:27+00:00\",\"author\":{\"@id\":\"https:\/\/blog.zeit.de\/zeit-der-leser\/#\/schema\/person\/583b14e5ad6368c23af846ecbde9f20f\"},\"breadcrumb\":{\"@id\":\"https:\/\/blog.zeit.de\/zeit-der-leser\/2011\/12\/18\/strasenbild-12\/#breadcrumb\"},\"inLanguage\":\"de\",\"potentialAction\":[{\"@type\":\"ReadAction\",\"target\":[\"https:\/\/blog.zeit.de\/zeit-der-leser\/2011\/12\/18\/strasenbild-12\/\"]}]},{\"@type\":\"BreadcrumbList\",\"@id\":\"https:\/\/blog.zeit.de\/zeit-der-leser\/2011\/12\/18\/strasenbild-12\/#breadcrumb\",\"itemListElement\":[{\"@type\":\"ListItem\",\"position\":1,\"name\":\"Startseite\",\"item\":\"https:\/\/blog.zeit.de\/zeit-der-leser\/\"},{\"@type\":\"ListItem\",\"position\":2,\"name\":\"Stra\u00dfenbild\"}]},{\"@type\":\"WebSite\",\"@id\":\"https:\/\/blog.zeit.de\/zeit-der-leser\/#website\",\"url\":\"https:\/\/blog.zeit.de\/zeit-der-leser\/\",\"name\":\"ZEIT der Leser\",\"description\":\"Ein Blog mit Ihren Notizen, Gedichten und Bildern f\u00fcr die gedruckte ZEIT\",\"potentialAction\":[{\"@type\":\"SearchAction\",\"target\":{\"@type\":\"EntryPoint\",\"urlTemplate\":\"https:\/\/blog.zeit.de\/zeit-der-leser\/?s={search_term_string}\"},\"query-input\":\"required name=search_term_string\"}],\"inLanguage\":\"de\"},{\"@type\":\"Person\",\"@id\":\"https:\/\/blog.zeit.de\/zeit-der-leser\/#\/schema\/person\/583b14e5ad6368c23af846ecbde9f20f\",\"name\":\"\\\"Zeit der Leser\\\"-Redaktion\",\"image\":{\"@type\":\"ImageObject\",\"inLanguage\":\"de\",\"@id\":\"https:\/\/blog.zeit.de\/zeit-der-leser\/#\/schema\/person\/image\/\",\"url\":\"https:\/\/secure.gravatar.com\/avatar\/e801a681bd3bbf2345131a815930b48d9f8e0a94de1346b624840dc850f67ad0?s=96&d=mm&r=g\",\"contentUrl\":\"https:\/\/secure.gravatar.com\/avatar\/e801a681bd3bbf2345131a815930b48d9f8e0a94de1346b624840dc850f67ad0?s=96&d=mm&r=g\",\"caption\":\"\\\"Zeit der Leser\\\"-Redaktion\"},\"url\":\"https:\/\/blog.zeit.de\/zeit-der-leser\/author\/zeit-der-leser-redaktion\/\"}]}<\/script>\n<!-- \/ Yoast SEO plugin. -->","yoast_head_json":{"title":"Stra\u00dfenbild - ZEIT der Leser","robots":{"index":"index","follow":"follow","max-snippet":"max-snippet:-1","max-image-preview":"max-image-preview:large","max-video-preview":"max-video-preview:-1"},"canonical":"https:\/\/blog.zeit.de\/zeit-der-leser\/2011\/12\/18\/strasenbild-12\/","og_locale":"de_DE","og_type":"article","og_title":"Stra\u00dfenbild - ZEIT der Leser","og_description":"Ein junges Paar zieht in unsere Nachbarschaft, und mit ihm kommt ein Indianer. Er postiert sich neben der Haust\u00fcr, alle Passanten und Besucher im Blick. Aufrecht steht er da und selbstverst\u00e4ndlich, Wind und Wetter die Stirn bietend. Die rechte Hand sch\u00fctzt die Augen gegen die blendende Morgensonne. Das Flachland des Niederrheins scheint dem Migranten nicht [&hellip;]","og_url":"https:\/\/blog.zeit.de\/zeit-der-leser\/2011\/12\/18\/strasenbild-12\/","og_site_name":"ZEIT der Leser","article_published_time":"2011-12-18T09:00:43+00:00","article_modified_time":"2011-12-16T11:13:27+00:00","author":"\"Zeit der Leser\"-Redaktion","twitter_card":"summary_large_image","twitter_misc":{"Geschrieben von":"\"Zeit der Leser\"-Redaktion","Gesch\u00e4tzte Lesezeit":"1\u00a0Minute"},"schema":{"@context":"https:\/\/schema.org","@graph":[{"@type":"WebPage","@id":"https:\/\/blog.zeit.de\/zeit-der-leser\/2011\/12\/18\/strasenbild-12\/","url":"https:\/\/blog.zeit.de\/zeit-der-leser\/2011\/12\/18\/strasenbild-12\/","name":"Stra\u00dfenbild - ZEIT der Leser","isPartOf":{"@id":"https:\/\/blog.zeit.de\/zeit-der-leser\/#website"},"datePublished":"2011-12-18T09:00:43+00:00","dateModified":"2011-12-16T11:13:27+00:00","author":{"@id":"https:\/\/blog.zeit.de\/zeit-der-leser\/#\/schema\/person\/583b14e5ad6368c23af846ecbde9f20f"},"breadcrumb":{"@id":"https:\/\/blog.zeit.de\/zeit-der-leser\/2011\/12\/18\/strasenbild-12\/#breadcrumb"},"inLanguage":"de","potentialAction":[{"@type":"ReadAction","target":["https:\/\/blog.zeit.de\/zeit-der-leser\/2011\/12\/18\/strasenbild-12\/"]}]},{"@type":"BreadcrumbList","@id":"https:\/\/blog.zeit.de\/zeit-der-leser\/2011\/12\/18\/strasenbild-12\/#breadcrumb","itemListElement":[{"@type":"ListItem","position":1,"name":"Startseite","item":"https:\/\/blog.zeit.de\/zeit-der-leser\/"},{"@type":"ListItem","position":2,"name":"Stra\u00dfenbild"}]},{"@type":"WebSite","@id":"https:\/\/blog.zeit.de\/zeit-der-leser\/#website","url":"https:\/\/blog.zeit.de\/zeit-der-leser\/","name":"ZEIT der Leser","description":"Ein Blog mit Ihren Notizen, Gedichten und Bildern f\u00fcr die gedruckte ZEIT","potentialAction":[{"@type":"SearchAction","target":{"@type":"EntryPoint","urlTemplate":"https:\/\/blog.zeit.de\/zeit-der-leser\/?s={search_term_string}"},"query-input":"required name=search_term_string"}],"inLanguage":"de"},{"@type":"Person","@id":"https:\/\/blog.zeit.de\/zeit-der-leser\/#\/schema\/person\/583b14e5ad6368c23af846ecbde9f20f","name":"\"Zeit der Leser\"-Redaktion","image":{"@type":"ImageObject","inLanguage":"de","@id":"https:\/\/blog.zeit.de\/zeit-der-leser\/#\/schema\/person\/image\/","url":"https:\/\/secure.gravatar.com\/avatar\/e801a681bd3bbf2345131a815930b48d9f8e0a94de1346b624840dc850f67ad0?s=96&d=mm&r=g","contentUrl":"https:\/\/secure.gravatar.com\/avatar\/e801a681bd3bbf2345131a815930b48d9f8e0a94de1346b624840dc850f67ad0?s=96&d=mm&r=g","caption":"\"Zeit der Leser\"-Redaktion"},"url":"https:\/\/blog.zeit.de\/zeit-der-leser\/author\/zeit-der-leser-redaktion\/"}]}},"jetpack_featured_media_url":"","jetpack_sharing_enabled":true,"_links":{"self":[{"href":"https:\/\/blog.zeit.de\/zeit-der-leser\/wp-json\/wp\/v2\/posts\/8027","targetHints":{"allow":["GET"]}}],"collection":[{"href":"https:\/\/blog.zeit.de\/zeit-der-leser\/wp-json\/wp\/v2\/posts"}],"about":[{"href":"https:\/\/blog.zeit.de\/zeit-der-leser\/wp-json\/wp\/v2\/types\/post"}],"author":[{"embeddable":true,"href":"https:\/\/blog.zeit.de\/zeit-der-leser\/wp-json\/wp\/v2\/users\/265"}],"replies":[{"embeddable":true,"href":"https:\/\/blog.zeit.de\/zeit-der-leser\/wp-json\/wp\/v2\/comments?post=8027"}],"version-history":[{"count":4,"href":"https:\/\/blog.zeit.de\/zeit-der-leser\/wp-json\/wp\/v2\/posts\/8027\/revisions"}],"predecessor-version":[{"id":8032,"href":"https:\/\/blog.zeit.de\/zeit-der-leser\/wp-json\/wp\/v2\/posts\/8027\/revisions\/8032"}],"wp:attachment":[{"href":"https:\/\/blog.zeit.de\/zeit-der-leser\/wp-json\/wp\/v2\/media?parent=8027"}],"wp:term":[{"taxonomy":"category","embeddable":true,"href":"https:\/\/blog.zeit.de\/zeit-der-leser\/wp-json\/wp\/v2\/categories?post=8027"},{"taxonomy":"post_tag","embeddable":true,"href":"https:\/\/blog.zeit.de\/zeit-der-leser\/wp-json\/wp\/v2\/tags?post=8027"}],"curies":[{"name":"wp","href":"https:\/\/api.w.org\/{rel}","templated":true}]}}