{"id":8045,"date":"2011-12-21T18:00:14","date_gmt":"2011-12-21T17:00:14","guid":{"rendered":"http:\/\/blog.zeit.de\/zeit-der-leser\/?p=8045"},"modified":"2011-12-19T11:56:25","modified_gmt":"2011-12-19T10:56:25","slug":"zeitprung","status":"publish","type":"post","link":"https:\/\/blog.zeit.de\/zeit-der-leser\/2011\/12\/21\/zeitprung\/","title":{"rendered":"Zeitprung"},"content":{"rendered":"<p><figure id=\"attachment_8049\" aria-describedby=\"caption-attachment-8049\" style=\"width: 540px\" class=\"wp-caption aligncenter\"><a href=\"https:\/\/blog.zeit.de\/zeit-der-leser\/files\/2011\/12\/s90-zeitsprung-2-5.jpg\"><img loading=\"lazy\" decoding=\"async\" class=\"size-full wp-image-8049\" src=\"https:\/\/blog.zeit.de\/zeit-der-leser\/files\/2011\/12\/s90-zeitsprung-2-5.jpg\" alt=\"\" width=\"540\" height=\"405\" srcset=\"https:\/\/blog.zeit.de\/zeit-der-leser\/files\/2011\/12\/s90-zeitsprung-2-5.jpg 540w, https:\/\/blog.zeit.de\/zeit-der-leser\/files\/2011\/12\/s90-zeitsprung-2-5-300x225.jpg 300w\" sizes=\"auto, (max-width: 540px) 100vw, 540px\" \/><\/a><figcaption id=\"caption-attachment-8049\" class=\"wp-caption-text\">Sommer<\/figcaption><\/figure><\/p>\n<p><figure id=\"attachment_8050\" aria-describedby=\"caption-attachment-8050\" style=\"width: 540px\" class=\"wp-caption aligncenter\"><a href=\"https:\/\/blog.zeit.de\/zeit-der-leser\/files\/2011\/12\/s90-zeitsprung-1-61.jpg\"><img loading=\"lazy\" decoding=\"async\" class=\"size-full wp-image-8050\" src=\"https:\/\/blog.zeit.de\/zeit-der-leser\/files\/2011\/12\/s90-zeitsprung-1-61.jpg\" alt=\"\" width=\"540\" height=\"405\" srcset=\"https:\/\/blog.zeit.de\/zeit-der-leser\/files\/2011\/12\/s90-zeitsprung-1-61.jpg 540w, https:\/\/blog.zeit.de\/zeit-der-leser\/files\/2011\/12\/s90-zeitsprung-1-61-300x225.jpg 300w\" sizes=\"auto, (max-width: 540px) 100vw, 540px\" \/><\/a><figcaption id=\"caption-attachment-8050\" class=\"wp-caption-text\">Advent<\/figcaption><\/figure><\/p>\n<p>Als im vergangenen Jahr Weihnachten vorbei war, konnten mein Mann und ich uns gar nicht von dem Adventskranz trennen. Beim Fr\u00fchst\u00fcck die vier Kerzen zu entz\u00fcnden, das gab so ein gem\u00fctliches Licht! Deshalb haben wir uns entschieden, den Kranz nicht wegzupacken, sondern immer nach Jahreszeit und Anlass neu zu gestalten. Die vier B\u00e4rchen begleiten uns dabei. So sehen Sie hier den Zeitsprung von Advent (mit Tanne und Weihnachtsschmuck) bis Sommer (mit Sand und Muscheln). Zu Ostern kommen selbstverst\u00e4ndlich Eier und im Herbst Fr\u00fcchte,\u00a0 Eicheln und N\u00fcsse auf den Kranz. Zum Geburtstag wird er mit Herzen und Blumen dekoriert. Vielleicht ist das ja eine Anregung fu\u0308r andere Leser, eine solche Deko-Initiative zu ergreifen.<\/p>\n<p><em>Gisela H\u00f6hns, Schieder-Schwalenberg<\/em><\/p>\n","protected":false},"excerpt":{"rendered":"<p>Als im vergangenen Jahr Weihnachten vorbei war, konnten mein Mann und ich uns gar nicht von dem Adventskranz trennen. Beim Fr\u00fchst\u00fcck die vier Kerzen zu entz\u00fcnden, das gab so ein gem\u00fctliches Licht! Deshalb haben wir uns entschieden, den Kranz nicht wegzupacken, sondern immer nach Jahreszeit und Anlass neu zu gestalten. Die vier B\u00e4rchen begleiten uns [&hellip;]<\/p>\n","protected":false},"author":265,"featured_media":0,"comment_status":"open","ping_status":"open","sticky":false,"template":"","format":"standard","meta":{"_jetpack_memberships_contains_paid_content":false,"footnotes":""},"categories":[1878],"tags":[],"class_list":["post-8045","post","type-post","status-publish","format-standard","hentry","category-zeitsprung"],"yoast_head":"<!-- This site is optimized with the Yoast SEO plugin v21.0 - https:\/\/yoast.com\/wordpress\/plugins\/seo\/ -->\n<title>Zeitprung - ZEIT der Leser<\/title>\n<meta name=\"robots\" content=\"index, follow, max-snippet:-1, max-image-preview:large, max-video-preview:-1\" \/>\n<link rel=\"canonical\" href=\"https:\/\/blog.zeit.de\/zeit-der-leser\/2011\/12\/21\/zeitprung\/\" \/>\n<meta property=\"og:locale\" content=\"de_DE\" \/>\n<meta property=\"og:type\" content=\"article\" \/>\n<meta property=\"og:title\" content=\"Zeitprung - ZEIT der Leser\" \/>\n<meta property=\"og:description\" content=\"Als im vergangenen Jahr Weihnachten vorbei war, konnten mein Mann und ich uns gar nicht von dem Adventskranz trennen. Beim Fr\u00fchst\u00fcck die vier Kerzen zu entz\u00fcnden, das gab so ein gem\u00fctliches Licht! Deshalb haben wir uns entschieden, den Kranz nicht wegzupacken, sondern immer nach Jahreszeit und Anlass neu zu gestalten. Die vier B\u00e4rchen begleiten uns [&hellip;]\" \/>\n<meta property=\"og:url\" content=\"https:\/\/blog.zeit.de\/zeit-der-leser\/2011\/12\/21\/zeitprung\/\" \/>\n<meta property=\"og:site_name\" content=\"ZEIT der Leser\" \/>\n<meta property=\"article:published_time\" content=\"2011-12-21T17:00:14+00:00\" \/>\n<meta property=\"article:modified_time\" content=\"2011-12-19T10:56:25+00:00\" \/>\n<meta property=\"og:image\" content=\"https:\/\/blog.zeit.de\/zeit-der-leser\/files\/2011\/12\/s90-zeitsprung-2-5.jpg\" \/>\n<meta name=\"author\" content=\"&quot;Zeit der Leser&quot;-Redaktion\" \/>\n<meta name=\"twitter:card\" content=\"summary_large_image\" \/>\n<meta name=\"twitter:label1\" content=\"Geschrieben von\" \/>\n\t<meta name=\"twitter:data1\" content=\"\"Zeit der Leser\"-Redaktion\" \/>\n\t<meta name=\"twitter:label2\" content=\"Gesch\u00e4tzte Lesezeit\" \/>\n\t<meta name=\"twitter:data2\" content=\"1\u00a0Minute\" \/>\n<script type=\"application\/ld+json\" class=\"yoast-schema-graph\">{\"@context\":\"https:\/\/schema.org\",\"@graph\":[{\"@type\":\"WebPage\",\"@id\":\"https:\/\/blog.zeit.de\/zeit-der-leser\/2011\/12\/21\/zeitprung\/\",\"url\":\"https:\/\/blog.zeit.de\/zeit-der-leser\/2011\/12\/21\/zeitprung\/\",\"name\":\"Zeitprung - ZEIT der Leser\",\"isPartOf\":{\"@id\":\"https:\/\/blog.zeit.de\/zeit-der-leser\/#website\"},\"datePublished\":\"2011-12-21T17:00:14+00:00\",\"dateModified\":\"2011-12-19T10:56:25+00:00\",\"author\":{\"@id\":\"https:\/\/blog.zeit.de\/zeit-der-leser\/#\/schema\/person\/583b14e5ad6368c23af846ecbde9f20f\"},\"breadcrumb\":{\"@id\":\"https:\/\/blog.zeit.de\/zeit-der-leser\/2011\/12\/21\/zeitprung\/#breadcrumb\"},\"inLanguage\":\"de\",\"potentialAction\":[{\"@type\":\"ReadAction\",\"target\":[\"https:\/\/blog.zeit.de\/zeit-der-leser\/2011\/12\/21\/zeitprung\/\"]}]},{\"@type\":\"BreadcrumbList\",\"@id\":\"https:\/\/blog.zeit.de\/zeit-der-leser\/2011\/12\/21\/zeitprung\/#breadcrumb\",\"itemListElement\":[{\"@type\":\"ListItem\",\"position\":1,\"name\":\"Startseite\",\"item\":\"https:\/\/blog.zeit.de\/zeit-der-leser\/\"},{\"@type\":\"ListItem\",\"position\":2,\"name\":\"Zeitprung\"}]},{\"@type\":\"WebSite\",\"@id\":\"https:\/\/blog.zeit.de\/zeit-der-leser\/#website\",\"url\":\"https:\/\/blog.zeit.de\/zeit-der-leser\/\",\"name\":\"ZEIT der Leser\",\"description\":\"Ein Blog mit Ihren Notizen, Gedichten und Bildern f\u00fcr die gedruckte ZEIT\",\"potentialAction\":[{\"@type\":\"SearchAction\",\"target\":{\"@type\":\"EntryPoint\",\"urlTemplate\":\"https:\/\/blog.zeit.de\/zeit-der-leser\/?s={search_term_string}\"},\"query-input\":\"required name=search_term_string\"}],\"inLanguage\":\"de\"},{\"@type\":\"Person\",\"@id\":\"https:\/\/blog.zeit.de\/zeit-der-leser\/#\/schema\/person\/583b14e5ad6368c23af846ecbde9f20f\",\"name\":\"\\\"Zeit der Leser\\\"-Redaktion\",\"image\":{\"@type\":\"ImageObject\",\"inLanguage\":\"de\",\"@id\":\"https:\/\/blog.zeit.de\/zeit-der-leser\/#\/schema\/person\/image\/\",\"url\":\"https:\/\/secure.gravatar.com\/avatar\/e801a681bd3bbf2345131a815930b48d9f8e0a94de1346b624840dc850f67ad0?s=96&d=mm&r=g\",\"contentUrl\":\"https:\/\/secure.gravatar.com\/avatar\/e801a681bd3bbf2345131a815930b48d9f8e0a94de1346b624840dc850f67ad0?s=96&d=mm&r=g\",\"caption\":\"\\\"Zeit der Leser\\\"-Redaktion\"},\"url\":\"https:\/\/blog.zeit.de\/zeit-der-leser\/author\/zeit-der-leser-redaktion\/\"}]}<\/script>\n<!-- \/ Yoast SEO plugin. -->","yoast_head_json":{"title":"Zeitprung - ZEIT der Leser","robots":{"index":"index","follow":"follow","max-snippet":"max-snippet:-1","max-image-preview":"max-image-preview:large","max-video-preview":"max-video-preview:-1"},"canonical":"https:\/\/blog.zeit.de\/zeit-der-leser\/2011\/12\/21\/zeitprung\/","og_locale":"de_DE","og_type":"article","og_title":"Zeitprung - ZEIT der Leser","og_description":"Als im vergangenen Jahr Weihnachten vorbei war, konnten mein Mann und ich uns gar nicht von dem Adventskranz trennen. Beim Fr\u00fchst\u00fcck die vier Kerzen zu entz\u00fcnden, das gab so ein gem\u00fctliches Licht! Deshalb haben wir uns entschieden, den Kranz nicht wegzupacken, sondern immer nach Jahreszeit und Anlass neu zu gestalten. Die vier B\u00e4rchen begleiten uns [&hellip;]","og_url":"https:\/\/blog.zeit.de\/zeit-der-leser\/2011\/12\/21\/zeitprung\/","og_site_name":"ZEIT der Leser","article_published_time":"2011-12-21T17:00:14+00:00","article_modified_time":"2011-12-19T10:56:25+00:00","og_image":[{"url":"https:\/\/blog.zeit.de\/zeit-der-leser\/files\/2011\/12\/s90-zeitsprung-2-5.jpg"}],"author":"\"Zeit der Leser\"-Redaktion","twitter_card":"summary_large_image","twitter_misc":{"Geschrieben von":"\"Zeit der Leser\"-Redaktion","Gesch\u00e4tzte Lesezeit":"1\u00a0Minute"},"schema":{"@context":"https:\/\/schema.org","@graph":[{"@type":"WebPage","@id":"https:\/\/blog.zeit.de\/zeit-der-leser\/2011\/12\/21\/zeitprung\/","url":"https:\/\/blog.zeit.de\/zeit-der-leser\/2011\/12\/21\/zeitprung\/","name":"Zeitprung - ZEIT der Leser","isPartOf":{"@id":"https:\/\/blog.zeit.de\/zeit-der-leser\/#website"},"datePublished":"2011-12-21T17:00:14+00:00","dateModified":"2011-12-19T10:56:25+00:00","author":{"@id":"https:\/\/blog.zeit.de\/zeit-der-leser\/#\/schema\/person\/583b14e5ad6368c23af846ecbde9f20f"},"breadcrumb":{"@id":"https:\/\/blog.zeit.de\/zeit-der-leser\/2011\/12\/21\/zeitprung\/#breadcrumb"},"inLanguage":"de","potentialAction":[{"@type":"ReadAction","target":["https:\/\/blog.zeit.de\/zeit-der-leser\/2011\/12\/21\/zeitprung\/"]}]},{"@type":"BreadcrumbList","@id":"https:\/\/blog.zeit.de\/zeit-der-leser\/2011\/12\/21\/zeitprung\/#breadcrumb","itemListElement":[{"@type":"ListItem","position":1,"name":"Startseite","item":"https:\/\/blog.zeit.de\/zeit-der-leser\/"},{"@type":"ListItem","position":2,"name":"Zeitprung"}]},{"@type":"WebSite","@id":"https:\/\/blog.zeit.de\/zeit-der-leser\/#website","url":"https:\/\/blog.zeit.de\/zeit-der-leser\/","name":"ZEIT der Leser","description":"Ein Blog mit Ihren Notizen, Gedichten und Bildern f\u00fcr die gedruckte ZEIT","potentialAction":[{"@type":"SearchAction","target":{"@type":"EntryPoint","urlTemplate":"https:\/\/blog.zeit.de\/zeit-der-leser\/?s={search_term_string}"},"query-input":"required name=search_term_string"}],"inLanguage":"de"},{"@type":"Person","@id":"https:\/\/blog.zeit.de\/zeit-der-leser\/#\/schema\/person\/583b14e5ad6368c23af846ecbde9f20f","name":"\"Zeit der Leser\"-Redaktion","image":{"@type":"ImageObject","inLanguage":"de","@id":"https:\/\/blog.zeit.de\/zeit-der-leser\/#\/schema\/person\/image\/","url":"https:\/\/secure.gravatar.com\/avatar\/e801a681bd3bbf2345131a815930b48d9f8e0a94de1346b624840dc850f67ad0?s=96&d=mm&r=g","contentUrl":"https:\/\/secure.gravatar.com\/avatar\/e801a681bd3bbf2345131a815930b48d9f8e0a94de1346b624840dc850f67ad0?s=96&d=mm&r=g","caption":"\"Zeit der Leser\"-Redaktion"},"url":"https:\/\/blog.zeit.de\/zeit-der-leser\/author\/zeit-der-leser-redaktion\/"}]}},"jetpack_featured_media_url":"","jetpack_sharing_enabled":true,"_links":{"self":[{"href":"https:\/\/blog.zeit.de\/zeit-der-leser\/wp-json\/wp\/v2\/posts\/8045","targetHints":{"allow":["GET"]}}],"collection":[{"href":"https:\/\/blog.zeit.de\/zeit-der-leser\/wp-json\/wp\/v2\/posts"}],"about":[{"href":"https:\/\/blog.zeit.de\/zeit-der-leser\/wp-json\/wp\/v2\/types\/post"}],"author":[{"embeddable":true,"href":"https:\/\/blog.zeit.de\/zeit-der-leser\/wp-json\/wp\/v2\/users\/265"}],"replies":[{"embeddable":true,"href":"https:\/\/blog.zeit.de\/zeit-der-leser\/wp-json\/wp\/v2\/comments?post=8045"}],"version-history":[{"count":5,"href":"https:\/\/blog.zeit.de\/zeit-der-leser\/wp-json\/wp\/v2\/posts\/8045\/revisions"}],"predecessor-version":[{"id":8053,"href":"https:\/\/blog.zeit.de\/zeit-der-leser\/wp-json\/wp\/v2\/posts\/8045\/revisions\/8053"}],"wp:attachment":[{"href":"https:\/\/blog.zeit.de\/zeit-der-leser\/wp-json\/wp\/v2\/media?parent=8045"}],"wp:term":[{"taxonomy":"category","embeddable":true,"href":"https:\/\/blog.zeit.de\/zeit-der-leser\/wp-json\/wp\/v2\/categories?post=8045"},{"taxonomy":"post_tag","embeddable":true,"href":"https:\/\/blog.zeit.de\/zeit-der-leser\/wp-json\/wp\/v2\/tags?post=8045"}],"curies":[{"name":"wp","href":"https:\/\/api.w.org\/{rel}","templated":true}]}}