{"id":8073,"date":"2011-12-24T18:00:40","date_gmt":"2011-12-24T17:00:40","guid":{"rendered":"http:\/\/blog.zeit.de\/zeit-der-leser\/?p=8073"},"modified":"2015-02-24T18:27:10","modified_gmt":"2015-02-24T17:27:10","slug":"mein-wort-schatz-christkindl","status":"publish","type":"post","link":"https:\/\/blog.zeit.de\/zeit-der-leser\/2011\/12\/24\/mein-wort-schatz-christkindl\/","title":{"rendered":"Christkindl: Mein Wort-Schatz"},"content":{"rendered":"<p>Seit \u00fcber 40 Jahren habe ich \u2013 immer im Dezember \u2013 ein Lieblingswort: <strong>Christkindl<\/strong> (Oder besser: \u00bbChrischdkindl\u00ab, wie wir im heimatlichen bayrisch-schw\u00e4bischen Dialekt sagen.) Schon das Wort ist weich und rund, und wir Kinder wussten, dass dieser kleine Kerl in kurzem d\u00fcnnem Kleidchen den ganzen Dezember die Fensterb\u00e4nke abflog und Wunschzettel einsammelte. Welche Macht dieses kleine Wesen hatte: Es konnte all die W\u00fcnsche erf\u00fcllen und auch liefern! Das Wohnzimmerfenster musste dazu an Heiligabend nur einen klitzekleinen Spalt offen stehen. Das war das Weihnachtswunder! Als Erwachsene erfuhr ich dann vom Weihnachtsmann, bedingt durch meinen norddeutschen Ehemann. Wie profan! Ein dicker Mann mit dickem\u00a0 Mantel gegen die K\u00e4lte, der auch noch einen Schlitten zur Fortbewegung braucht! Unsere Kinder kennen aus parit\u00e4tischen Gru\u0308nden nun beide: das Christkindl (nun hochdeutsch) und den Weihnachtsmann. Die beiden haben sich die immer mehr werdende Arbeit in einer globalisierten Welt geteilt. Zu uns aber kommt weiterhin das Christkindl: Am Heiligen Abend steht die Terrassent\u00fcr einen klitzekleinen Spalt offen.<\/p>\n<p><strong>Pia Kraus<\/strong>, Ulm<\/p>\n","protected":false},"excerpt":{"rendered":"<p>Seit \u00fcber 40 Jahren habe ich \u2013 immer im Dezember \u2013 ein Lieblingswort: Christkindl (Oder besser: \u00bbChrischdkindl\u00ab, wie wir im heimatlichen bayrisch-schw\u00e4bischen Dialekt sagen.) Schon das Wort ist weich und rund, und wir Kinder wussten, dass dieser kleine Kerl in kurzem d\u00fcnnem Kleidchen den ganzen Dezember die Fensterb\u00e4nke abflog und Wunschzettel einsammelte. Welche Macht dieses [&hellip;]<\/p>\n","protected":false},"author":265,"featured_media":0,"comment_status":"open","ping_status":"open","sticky":false,"template":"","format":"standard","meta":{"_jetpack_memberships_contains_paid_content":false,"footnotes":""},"categories":[5687],"tags":[],"class_list":["post-8073","post","type-post","status-publish","format-standard","hentry","category-mein-wort-schatz"],"yoast_head":"<!-- This site is optimized with the Yoast SEO plugin v21.0 - https:\/\/yoast.com\/wordpress\/plugins\/seo\/ -->\n<title>Christkindl: Mein Wort-Schatz - ZEIT der Leser<\/title>\n<meta name=\"robots\" content=\"index, follow, max-snippet:-1, max-image-preview:large, max-video-preview:-1\" \/>\n<link rel=\"canonical\" href=\"https:\/\/blog.zeit.de\/zeit-der-leser\/2011\/12\/24\/mein-wort-schatz-christkindl\/\" \/>\n<meta property=\"og:locale\" content=\"de_DE\" \/>\n<meta property=\"og:type\" content=\"article\" \/>\n<meta property=\"og:title\" content=\"Christkindl: Mein Wort-Schatz - ZEIT der Leser\" \/>\n<meta property=\"og:description\" content=\"Seit \u00fcber 40 Jahren habe ich \u2013 immer im Dezember \u2013 ein Lieblingswort: Christkindl (Oder besser: \u00bbChrischdkindl\u00ab, wie wir im heimatlichen bayrisch-schw\u00e4bischen Dialekt sagen.) Schon das Wort ist weich und rund, und wir Kinder wussten, dass dieser kleine Kerl in kurzem d\u00fcnnem Kleidchen den ganzen Dezember die Fensterb\u00e4nke abflog und Wunschzettel einsammelte. Welche Macht dieses [&hellip;]\" \/>\n<meta property=\"og:url\" content=\"https:\/\/blog.zeit.de\/zeit-der-leser\/2011\/12\/24\/mein-wort-schatz-christkindl\/\" \/>\n<meta property=\"og:site_name\" content=\"ZEIT der Leser\" \/>\n<meta property=\"article:published_time\" content=\"2011-12-24T17:00:40+00:00\" \/>\n<meta property=\"article:modified_time\" content=\"2015-02-24T17:27:10+00:00\" \/>\n<meta name=\"author\" content=\"&quot;Zeit der Leser&quot;-Redaktion\" \/>\n<meta name=\"twitter:card\" content=\"summary_large_image\" \/>\n<meta name=\"twitter:label1\" content=\"Geschrieben von\" \/>\n\t<meta name=\"twitter:data1\" content=\"\"Zeit der Leser\"-Redaktion\" \/>\n\t<meta name=\"twitter:label2\" content=\"Gesch\u00e4tzte Lesezeit\" \/>\n\t<meta name=\"twitter:data2\" content=\"1\u00a0Minute\" \/>\n<script type=\"application\/ld+json\" class=\"yoast-schema-graph\">{\"@context\":\"https:\/\/schema.org\",\"@graph\":[{\"@type\":\"WebPage\",\"@id\":\"https:\/\/blog.zeit.de\/zeit-der-leser\/2011\/12\/24\/mein-wort-schatz-christkindl\/\",\"url\":\"https:\/\/blog.zeit.de\/zeit-der-leser\/2011\/12\/24\/mein-wort-schatz-christkindl\/\",\"name\":\"Christkindl: Mein Wort-Schatz - ZEIT der Leser\",\"isPartOf\":{\"@id\":\"https:\/\/blog.zeit.de\/zeit-der-leser\/#website\"},\"datePublished\":\"2011-12-24T17:00:40+00:00\",\"dateModified\":\"2015-02-24T17:27:10+00:00\",\"author\":{\"@id\":\"https:\/\/blog.zeit.de\/zeit-der-leser\/#\/schema\/person\/583b14e5ad6368c23af846ecbde9f20f\"},\"breadcrumb\":{\"@id\":\"https:\/\/blog.zeit.de\/zeit-der-leser\/2011\/12\/24\/mein-wort-schatz-christkindl\/#breadcrumb\"},\"inLanguage\":\"de\",\"potentialAction\":[{\"@type\":\"ReadAction\",\"target\":[\"https:\/\/blog.zeit.de\/zeit-der-leser\/2011\/12\/24\/mein-wort-schatz-christkindl\/\"]}]},{\"@type\":\"BreadcrumbList\",\"@id\":\"https:\/\/blog.zeit.de\/zeit-der-leser\/2011\/12\/24\/mein-wort-schatz-christkindl\/#breadcrumb\",\"itemListElement\":[{\"@type\":\"ListItem\",\"position\":1,\"name\":\"Startseite\",\"item\":\"https:\/\/blog.zeit.de\/zeit-der-leser\/\"},{\"@type\":\"ListItem\",\"position\":2,\"name\":\"Christkindl: Mein Wort-Schatz\"}]},{\"@type\":\"WebSite\",\"@id\":\"https:\/\/blog.zeit.de\/zeit-der-leser\/#website\",\"url\":\"https:\/\/blog.zeit.de\/zeit-der-leser\/\",\"name\":\"ZEIT der Leser\",\"description\":\"Ein Blog mit Ihren Notizen, Gedichten und Bildern f\u00fcr die gedruckte ZEIT\",\"potentialAction\":[{\"@type\":\"SearchAction\",\"target\":{\"@type\":\"EntryPoint\",\"urlTemplate\":\"https:\/\/blog.zeit.de\/zeit-der-leser\/?s={search_term_string}\"},\"query-input\":\"required name=search_term_string\"}],\"inLanguage\":\"de\"},{\"@type\":\"Person\",\"@id\":\"https:\/\/blog.zeit.de\/zeit-der-leser\/#\/schema\/person\/583b14e5ad6368c23af846ecbde9f20f\",\"name\":\"\\\"Zeit der Leser\\\"-Redaktion\",\"image\":{\"@type\":\"ImageObject\",\"inLanguage\":\"de\",\"@id\":\"https:\/\/blog.zeit.de\/zeit-der-leser\/#\/schema\/person\/image\/\",\"url\":\"https:\/\/secure.gravatar.com\/avatar\/e801a681bd3bbf2345131a815930b48d9f8e0a94de1346b624840dc850f67ad0?s=96&d=mm&r=g\",\"contentUrl\":\"https:\/\/secure.gravatar.com\/avatar\/e801a681bd3bbf2345131a815930b48d9f8e0a94de1346b624840dc850f67ad0?s=96&d=mm&r=g\",\"caption\":\"\\\"Zeit der Leser\\\"-Redaktion\"},\"url\":\"https:\/\/blog.zeit.de\/zeit-der-leser\/author\/zeit-der-leser-redaktion\/\"}]}<\/script>\n<!-- \/ Yoast SEO plugin. -->","yoast_head_json":{"title":"Christkindl: Mein Wort-Schatz - ZEIT der Leser","robots":{"index":"index","follow":"follow","max-snippet":"max-snippet:-1","max-image-preview":"max-image-preview:large","max-video-preview":"max-video-preview:-1"},"canonical":"https:\/\/blog.zeit.de\/zeit-der-leser\/2011\/12\/24\/mein-wort-schatz-christkindl\/","og_locale":"de_DE","og_type":"article","og_title":"Christkindl: Mein Wort-Schatz - ZEIT der Leser","og_description":"Seit \u00fcber 40 Jahren habe ich \u2013 immer im Dezember \u2013 ein Lieblingswort: Christkindl (Oder besser: \u00bbChrischdkindl\u00ab, wie wir im heimatlichen bayrisch-schw\u00e4bischen Dialekt sagen.) Schon das Wort ist weich und rund, und wir Kinder wussten, dass dieser kleine Kerl in kurzem d\u00fcnnem Kleidchen den ganzen Dezember die Fensterb\u00e4nke abflog und Wunschzettel einsammelte. Welche Macht dieses [&hellip;]","og_url":"https:\/\/blog.zeit.de\/zeit-der-leser\/2011\/12\/24\/mein-wort-schatz-christkindl\/","og_site_name":"ZEIT der Leser","article_published_time":"2011-12-24T17:00:40+00:00","article_modified_time":"2015-02-24T17:27:10+00:00","author":"\"Zeit der Leser\"-Redaktion","twitter_card":"summary_large_image","twitter_misc":{"Geschrieben von":"\"Zeit der Leser\"-Redaktion","Gesch\u00e4tzte Lesezeit":"1\u00a0Minute"},"schema":{"@context":"https:\/\/schema.org","@graph":[{"@type":"WebPage","@id":"https:\/\/blog.zeit.de\/zeit-der-leser\/2011\/12\/24\/mein-wort-schatz-christkindl\/","url":"https:\/\/blog.zeit.de\/zeit-der-leser\/2011\/12\/24\/mein-wort-schatz-christkindl\/","name":"Christkindl: Mein Wort-Schatz - ZEIT der Leser","isPartOf":{"@id":"https:\/\/blog.zeit.de\/zeit-der-leser\/#website"},"datePublished":"2011-12-24T17:00:40+00:00","dateModified":"2015-02-24T17:27:10+00:00","author":{"@id":"https:\/\/blog.zeit.de\/zeit-der-leser\/#\/schema\/person\/583b14e5ad6368c23af846ecbde9f20f"},"breadcrumb":{"@id":"https:\/\/blog.zeit.de\/zeit-der-leser\/2011\/12\/24\/mein-wort-schatz-christkindl\/#breadcrumb"},"inLanguage":"de","potentialAction":[{"@type":"ReadAction","target":["https:\/\/blog.zeit.de\/zeit-der-leser\/2011\/12\/24\/mein-wort-schatz-christkindl\/"]}]},{"@type":"BreadcrumbList","@id":"https:\/\/blog.zeit.de\/zeit-der-leser\/2011\/12\/24\/mein-wort-schatz-christkindl\/#breadcrumb","itemListElement":[{"@type":"ListItem","position":1,"name":"Startseite","item":"https:\/\/blog.zeit.de\/zeit-der-leser\/"},{"@type":"ListItem","position":2,"name":"Christkindl: Mein Wort-Schatz"}]},{"@type":"WebSite","@id":"https:\/\/blog.zeit.de\/zeit-der-leser\/#website","url":"https:\/\/blog.zeit.de\/zeit-der-leser\/","name":"ZEIT der Leser","description":"Ein Blog mit Ihren Notizen, Gedichten und Bildern f\u00fcr die gedruckte ZEIT","potentialAction":[{"@type":"SearchAction","target":{"@type":"EntryPoint","urlTemplate":"https:\/\/blog.zeit.de\/zeit-der-leser\/?s={search_term_string}"},"query-input":"required name=search_term_string"}],"inLanguage":"de"},{"@type":"Person","@id":"https:\/\/blog.zeit.de\/zeit-der-leser\/#\/schema\/person\/583b14e5ad6368c23af846ecbde9f20f","name":"\"Zeit der Leser\"-Redaktion","image":{"@type":"ImageObject","inLanguage":"de","@id":"https:\/\/blog.zeit.de\/zeit-der-leser\/#\/schema\/person\/image\/","url":"https:\/\/secure.gravatar.com\/avatar\/e801a681bd3bbf2345131a815930b48d9f8e0a94de1346b624840dc850f67ad0?s=96&d=mm&r=g","contentUrl":"https:\/\/secure.gravatar.com\/avatar\/e801a681bd3bbf2345131a815930b48d9f8e0a94de1346b624840dc850f67ad0?s=96&d=mm&r=g","caption":"\"Zeit der Leser\"-Redaktion"},"url":"https:\/\/blog.zeit.de\/zeit-der-leser\/author\/zeit-der-leser-redaktion\/"}]}},"jetpack_featured_media_url":"","jetpack_sharing_enabled":true,"_links":{"self":[{"href":"https:\/\/blog.zeit.de\/zeit-der-leser\/wp-json\/wp\/v2\/posts\/8073","targetHints":{"allow":["GET"]}}],"collection":[{"href":"https:\/\/blog.zeit.de\/zeit-der-leser\/wp-json\/wp\/v2\/posts"}],"about":[{"href":"https:\/\/blog.zeit.de\/zeit-der-leser\/wp-json\/wp\/v2\/types\/post"}],"author":[{"embeddable":true,"href":"https:\/\/blog.zeit.de\/zeit-der-leser\/wp-json\/wp\/v2\/users\/265"}],"replies":[{"embeddable":true,"href":"https:\/\/blog.zeit.de\/zeit-der-leser\/wp-json\/wp\/v2\/comments?post=8073"}],"version-history":[{"count":4,"href":"https:\/\/blog.zeit.de\/zeit-der-leser\/wp-json\/wp\/v2\/posts\/8073\/revisions"}],"predecessor-version":[{"id":19805,"href":"https:\/\/blog.zeit.de\/zeit-der-leser\/wp-json\/wp\/v2\/posts\/8073\/revisions\/19805"}],"wp:attachment":[{"href":"https:\/\/blog.zeit.de\/zeit-der-leser\/wp-json\/wp\/v2\/media?parent=8073"}],"wp:term":[{"taxonomy":"category","embeddable":true,"href":"https:\/\/blog.zeit.de\/zeit-der-leser\/wp-json\/wp\/v2\/categories?post=8073"},{"taxonomy":"post_tag","embeddable":true,"href":"https:\/\/blog.zeit.de\/zeit-der-leser\/wp-json\/wp\/v2\/tags?post=8073"}],"curies":[{"name":"wp","href":"https:\/\/api.w.org\/{rel}","templated":true}]}}