{"id":8083,"date":"2011-12-28T10:00:37","date_gmt":"2011-12-28T09:00:37","guid":{"rendered":"http:\/\/blog.zeit.de\/zeit-der-leser\/?p=8083"},"modified":"2011-12-21T12:44:39","modified_gmt":"2011-12-21T11:44:39","slug":"zeitsprung-39","status":"publish","type":"post","link":"https:\/\/blog.zeit.de\/zeit-der-leser\/2011\/12\/28\/zeitsprung-39\/","title":{"rendered":"Zeitsprung"},"content":{"rendered":"<p><figure id=\"attachment_8084\" aria-describedby=\"caption-attachment-8084\" style=\"width: 180px\" class=\"wp-caption aligncenter\"><a href=\"https:\/\/blog.zeit.de\/zeit-der-leser\/files\/2011\/12\/s82-zeitsprung-1-1.jpg\"><img loading=\"lazy\" decoding=\"async\" class=\"size-full wp-image-8084\" src=\"https:\/\/blog.zeit.de\/zeit-der-leser\/files\/2011\/12\/s82-zeitsprung-1-1.jpg\" alt=\"\" width=\"180\" height=\"272\" \/><\/a><figcaption id=\"caption-attachment-8084\" class=\"wp-caption-text\">1981<\/figcaption><\/figure><\/p>\n<p><figure id=\"attachment_8085\" aria-describedby=\"caption-attachment-8085\" style=\"width: 180px\" class=\"wp-caption aligncenter\"><a href=\"https:\/\/blog.zeit.de\/zeit-der-leser\/files\/2011\/12\/s82-zeitsprung-2-1.jpg\"><img loading=\"lazy\" decoding=\"async\" class=\"size-full wp-image-8085\" src=\"https:\/\/blog.zeit.de\/zeit-der-leser\/files\/2011\/12\/s82-zeitsprung-2-1.jpg\" alt=\"\" width=\"180\" height=\"272\" \/><\/a><figcaption id=\"caption-attachment-8085\" class=\"wp-caption-text\">2011<\/figcaption><\/figure><\/p>\n<p>Unser gr\u00f6\u00dftes Gl\u00fcck hei\u00dft Jakob. Gerne akzeptieren meine Frau und ich daf\u00fcr unseren durcheinandergebrachten Tagesablauf, die durchwachten N\u00e4chte und den nie kleiner werdenden W\u00e4scheberg. Als wir vor Kurzem ein altes Fotoalbum durchbl\u00e4tterten, fiel uns ein Foto in die H\u00e4nde, das mich als Baby in einem Strampler im Achtziger-Jahre-Stil zeigt. Da erinnerten wir uns, dass uns dieser Strampler kurz zuvor erst begegnet war, als wir alles f\u00fcr Jakobs Ankunft vorbereitet hatten. Meine Mutter hatte uns einen gro\u00dfen Karton voller Klamotten\u00a0 geschenkt, und tats\u00e4chlich: Darunter befand sich ebenjener Strampler von damals. Nun passt er Jakob wie angegossen, und wir mussten sofort ein Foto schie\u00dfen. Wir werden sehen, ob dieser Strampler noch eine weitere Generation (oder sogar noch mehr) durchh\u00e4lt. Sch\u00f6n w\u00e4re es! In vielen Familien ist es Tradition, Schmuckstu\u0308cke wie Uhren von Generation zu Generation weiterzugeben. Wir fangen erst einmal ganz bescheiden mit einem Strampler an &#8230;<\/p>\n<p><em>Andreas Berlin, Erlangen<\/em><\/p>\n","protected":false},"excerpt":{"rendered":"<p>Unser gr\u00f6\u00dftes Gl\u00fcck hei\u00dft Jakob. Gerne akzeptieren meine Frau und ich daf\u00fcr unseren durcheinandergebrachten Tagesablauf, die durchwachten N\u00e4chte und den nie kleiner werdenden W\u00e4scheberg. Als wir vor Kurzem ein altes Fotoalbum durchbl\u00e4tterten, fiel uns ein Foto in die H\u00e4nde, das mich als Baby in einem Strampler im Achtziger-Jahre-Stil zeigt. Da erinnerten wir uns, dass uns [&hellip;]<\/p>\n","protected":false},"author":323,"featured_media":0,"comment_status":"open","ping_status":"open","sticky":false,"template":"","format":"standard","meta":{"_jetpack_memberships_contains_paid_content":false,"footnotes":""},"categories":[1878],"tags":[],"class_list":["post-8083","post","type-post","status-publish","format-standard","hentry","category-zeitsprung"],"yoast_head":"<!-- This site is optimized with the Yoast SEO plugin v21.0 - https:\/\/yoast.com\/wordpress\/plugins\/seo\/ -->\n<title>Zeitsprung - ZEIT der Leser<\/title>\n<meta name=\"robots\" content=\"index, follow, max-snippet:-1, max-image-preview:large, max-video-preview:-1\" \/>\n<link rel=\"canonical\" href=\"https:\/\/blog.zeit.de\/zeit-der-leser\/2011\/12\/28\/zeitsprung-39\/\" \/>\n<meta property=\"og:locale\" content=\"de_DE\" \/>\n<meta property=\"og:type\" content=\"article\" \/>\n<meta property=\"og:title\" content=\"Zeitsprung - ZEIT der Leser\" \/>\n<meta property=\"og:description\" content=\"Unser gr\u00f6\u00dftes Gl\u00fcck hei\u00dft Jakob. Gerne akzeptieren meine Frau und ich daf\u00fcr unseren durcheinandergebrachten Tagesablauf, die durchwachten N\u00e4chte und den nie kleiner werdenden W\u00e4scheberg. Als wir vor Kurzem ein altes Fotoalbum durchbl\u00e4tterten, fiel uns ein Foto in die H\u00e4nde, das mich als Baby in einem Strampler im Achtziger-Jahre-Stil zeigt. Da erinnerten wir uns, dass uns [&hellip;]\" \/>\n<meta property=\"og:url\" content=\"https:\/\/blog.zeit.de\/zeit-der-leser\/2011\/12\/28\/zeitsprung-39\/\" \/>\n<meta property=\"og:site_name\" content=\"ZEIT der Leser\" \/>\n<meta property=\"article:published_time\" content=\"2011-12-28T09:00:37+00:00\" \/>\n<meta property=\"article:modified_time\" content=\"2011-12-21T11:44:39+00:00\" \/>\n<meta property=\"og:image\" content=\"https:\/\/blog.zeit.de\/zeit-der-leser\/files\/2011\/12\/s82-zeitsprung-1-1.jpg\" \/>\n<meta name=\"author\" content=\"Franziska Kelch\" \/>\n<meta name=\"twitter:card\" content=\"summary_large_image\" \/>\n<meta name=\"twitter:label1\" content=\"Geschrieben von\" \/>\n\t<meta name=\"twitter:data1\" content=\"Franziska Kelch\" \/>\n\t<meta name=\"twitter:label2\" content=\"Gesch\u00e4tzte Lesezeit\" \/>\n\t<meta name=\"twitter:data2\" content=\"1\u00a0Minute\" \/>\n<script type=\"application\/ld+json\" class=\"yoast-schema-graph\">{\"@context\":\"https:\/\/schema.org\",\"@graph\":[{\"@type\":\"WebPage\",\"@id\":\"https:\/\/blog.zeit.de\/zeit-der-leser\/2011\/12\/28\/zeitsprung-39\/\",\"url\":\"https:\/\/blog.zeit.de\/zeit-der-leser\/2011\/12\/28\/zeitsprung-39\/\",\"name\":\"Zeitsprung - ZEIT der Leser\",\"isPartOf\":{\"@id\":\"https:\/\/blog.zeit.de\/zeit-der-leser\/#website\"},\"datePublished\":\"2011-12-28T09:00:37+00:00\",\"dateModified\":\"2011-12-21T11:44:39+00:00\",\"author\":{\"@id\":\"https:\/\/blog.zeit.de\/zeit-der-leser\/#\/schema\/person\/eaa3c3ed8f838c4aafcd25e9710fcc68\"},\"breadcrumb\":{\"@id\":\"https:\/\/blog.zeit.de\/zeit-der-leser\/2011\/12\/28\/zeitsprung-39\/#breadcrumb\"},\"inLanguage\":\"de\",\"potentialAction\":[{\"@type\":\"ReadAction\",\"target\":[\"https:\/\/blog.zeit.de\/zeit-der-leser\/2011\/12\/28\/zeitsprung-39\/\"]}]},{\"@type\":\"BreadcrumbList\",\"@id\":\"https:\/\/blog.zeit.de\/zeit-der-leser\/2011\/12\/28\/zeitsprung-39\/#breadcrumb\",\"itemListElement\":[{\"@type\":\"ListItem\",\"position\":1,\"name\":\"Startseite\",\"item\":\"https:\/\/blog.zeit.de\/zeit-der-leser\/\"},{\"@type\":\"ListItem\",\"position\":2,\"name\":\"Zeitsprung\"}]},{\"@type\":\"WebSite\",\"@id\":\"https:\/\/blog.zeit.de\/zeit-der-leser\/#website\",\"url\":\"https:\/\/blog.zeit.de\/zeit-der-leser\/\",\"name\":\"ZEIT der Leser\",\"description\":\"Ein Blog mit Ihren Notizen, Gedichten und Bildern f\u00fcr die gedruckte ZEIT\",\"potentialAction\":[{\"@type\":\"SearchAction\",\"target\":{\"@type\":\"EntryPoint\",\"urlTemplate\":\"https:\/\/blog.zeit.de\/zeit-der-leser\/?s={search_term_string}\"},\"query-input\":\"required name=search_term_string\"}],\"inLanguage\":\"de\"},{\"@type\":\"Person\",\"@id\":\"https:\/\/blog.zeit.de\/zeit-der-leser\/#\/schema\/person\/eaa3c3ed8f838c4aafcd25e9710fcc68\",\"name\":\"Franziska Kelch\",\"image\":{\"@type\":\"ImageObject\",\"inLanguage\":\"de\",\"@id\":\"https:\/\/blog.zeit.de\/zeit-der-leser\/#\/schema\/person\/image\/\",\"url\":\"https:\/\/secure.gravatar.com\/avatar\/d7ae2b2bfc4c5c08ed3435dc2ecf53fcb6d4234c0aa486b8b64ce6549a61a378?s=96&d=mm&r=g\",\"contentUrl\":\"https:\/\/secure.gravatar.com\/avatar\/d7ae2b2bfc4c5c08ed3435dc2ecf53fcb6d4234c0aa486b8b64ce6549a61a378?s=96&d=mm&r=g\",\"caption\":\"Franziska Kelch\"},\"url\":\"https:\/\/blog.zeit.de\/zeit-der-leser\/author\/franziska-kelch\/\"}]}<\/script>\n<!-- \/ Yoast SEO plugin. -->","yoast_head_json":{"title":"Zeitsprung - ZEIT der Leser","robots":{"index":"index","follow":"follow","max-snippet":"max-snippet:-1","max-image-preview":"max-image-preview:large","max-video-preview":"max-video-preview:-1"},"canonical":"https:\/\/blog.zeit.de\/zeit-der-leser\/2011\/12\/28\/zeitsprung-39\/","og_locale":"de_DE","og_type":"article","og_title":"Zeitsprung - ZEIT der Leser","og_description":"Unser gr\u00f6\u00dftes Gl\u00fcck hei\u00dft Jakob. Gerne akzeptieren meine Frau und ich daf\u00fcr unseren durcheinandergebrachten Tagesablauf, die durchwachten N\u00e4chte und den nie kleiner werdenden W\u00e4scheberg. Als wir vor Kurzem ein altes Fotoalbum durchbl\u00e4tterten, fiel uns ein Foto in die H\u00e4nde, das mich als Baby in einem Strampler im Achtziger-Jahre-Stil zeigt. Da erinnerten wir uns, dass uns [&hellip;]","og_url":"https:\/\/blog.zeit.de\/zeit-der-leser\/2011\/12\/28\/zeitsprung-39\/","og_site_name":"ZEIT der Leser","article_published_time":"2011-12-28T09:00:37+00:00","article_modified_time":"2011-12-21T11:44:39+00:00","og_image":[{"url":"https:\/\/blog.zeit.de\/zeit-der-leser\/files\/2011\/12\/s82-zeitsprung-1-1.jpg"}],"author":"Franziska Kelch","twitter_card":"summary_large_image","twitter_misc":{"Geschrieben von":"Franziska Kelch","Gesch\u00e4tzte Lesezeit":"1\u00a0Minute"},"schema":{"@context":"https:\/\/schema.org","@graph":[{"@type":"WebPage","@id":"https:\/\/blog.zeit.de\/zeit-der-leser\/2011\/12\/28\/zeitsprung-39\/","url":"https:\/\/blog.zeit.de\/zeit-der-leser\/2011\/12\/28\/zeitsprung-39\/","name":"Zeitsprung - ZEIT der Leser","isPartOf":{"@id":"https:\/\/blog.zeit.de\/zeit-der-leser\/#website"},"datePublished":"2011-12-28T09:00:37+00:00","dateModified":"2011-12-21T11:44:39+00:00","author":{"@id":"https:\/\/blog.zeit.de\/zeit-der-leser\/#\/schema\/person\/eaa3c3ed8f838c4aafcd25e9710fcc68"},"breadcrumb":{"@id":"https:\/\/blog.zeit.de\/zeit-der-leser\/2011\/12\/28\/zeitsprung-39\/#breadcrumb"},"inLanguage":"de","potentialAction":[{"@type":"ReadAction","target":["https:\/\/blog.zeit.de\/zeit-der-leser\/2011\/12\/28\/zeitsprung-39\/"]}]},{"@type":"BreadcrumbList","@id":"https:\/\/blog.zeit.de\/zeit-der-leser\/2011\/12\/28\/zeitsprung-39\/#breadcrumb","itemListElement":[{"@type":"ListItem","position":1,"name":"Startseite","item":"https:\/\/blog.zeit.de\/zeit-der-leser\/"},{"@type":"ListItem","position":2,"name":"Zeitsprung"}]},{"@type":"WebSite","@id":"https:\/\/blog.zeit.de\/zeit-der-leser\/#website","url":"https:\/\/blog.zeit.de\/zeit-der-leser\/","name":"ZEIT der Leser","description":"Ein Blog mit Ihren Notizen, Gedichten und Bildern f\u00fcr die gedruckte ZEIT","potentialAction":[{"@type":"SearchAction","target":{"@type":"EntryPoint","urlTemplate":"https:\/\/blog.zeit.de\/zeit-der-leser\/?s={search_term_string}"},"query-input":"required name=search_term_string"}],"inLanguage":"de"},{"@type":"Person","@id":"https:\/\/blog.zeit.de\/zeit-der-leser\/#\/schema\/person\/eaa3c3ed8f838c4aafcd25e9710fcc68","name":"Franziska Kelch","image":{"@type":"ImageObject","inLanguage":"de","@id":"https:\/\/blog.zeit.de\/zeit-der-leser\/#\/schema\/person\/image\/","url":"https:\/\/secure.gravatar.com\/avatar\/d7ae2b2bfc4c5c08ed3435dc2ecf53fcb6d4234c0aa486b8b64ce6549a61a378?s=96&d=mm&r=g","contentUrl":"https:\/\/secure.gravatar.com\/avatar\/d7ae2b2bfc4c5c08ed3435dc2ecf53fcb6d4234c0aa486b8b64ce6549a61a378?s=96&d=mm&r=g","caption":"Franziska Kelch"},"url":"https:\/\/blog.zeit.de\/zeit-der-leser\/author\/franziska-kelch\/"}]}},"jetpack_featured_media_url":"","jetpack_sharing_enabled":true,"_links":{"self":[{"href":"https:\/\/blog.zeit.de\/zeit-der-leser\/wp-json\/wp\/v2\/posts\/8083","targetHints":{"allow":["GET"]}}],"collection":[{"href":"https:\/\/blog.zeit.de\/zeit-der-leser\/wp-json\/wp\/v2\/posts"}],"about":[{"href":"https:\/\/blog.zeit.de\/zeit-der-leser\/wp-json\/wp\/v2\/types\/post"}],"author":[{"embeddable":true,"href":"https:\/\/blog.zeit.de\/zeit-der-leser\/wp-json\/wp\/v2\/users\/323"}],"replies":[{"embeddable":true,"href":"https:\/\/blog.zeit.de\/zeit-der-leser\/wp-json\/wp\/v2\/comments?post=8083"}],"version-history":[{"count":2,"href":"https:\/\/blog.zeit.de\/zeit-der-leser\/wp-json\/wp\/v2\/posts\/8083\/revisions"}],"predecessor-version":[{"id":8087,"href":"https:\/\/blog.zeit.de\/zeit-der-leser\/wp-json\/wp\/v2\/posts\/8083\/revisions\/8087"}],"wp:attachment":[{"href":"https:\/\/blog.zeit.de\/zeit-der-leser\/wp-json\/wp\/v2\/media?parent=8083"}],"wp:term":[{"taxonomy":"category","embeddable":true,"href":"https:\/\/blog.zeit.de\/zeit-der-leser\/wp-json\/wp\/v2\/categories?post=8083"},{"taxonomy":"post_tag","embeddable":true,"href":"https:\/\/blog.zeit.de\/zeit-der-leser\/wp-json\/wp\/v2\/tags?post=8083"}],"curies":[{"name":"wp","href":"https:\/\/api.w.org\/{rel}","templated":true}]}}