{"id":8273,"date":"2012-01-11T10:00:51","date_gmt":"2012-01-11T09:00:51","guid":{"rendered":"http:\/\/blog.zeit.de\/zeit-der-leser\/?p=8273"},"modified":"2015-02-24T17:25:04","modified_gmt":"2015-02-24T16:25:04","slug":"mein-wort-schatz-sekundaerrohstoffannahmestelle","status":"publish","type":"post","link":"https:\/\/blog.zeit.de\/zeit-der-leser\/2012\/01\/11\/mein-wort-schatz-sekundaerrohstoffannahmestelle\/","title":{"rendered":"Sekund\u00e4rrohstoffannahmestelle: Mein Wort-Schatz"},"content":{"rendered":"<p>Dieses Wort geht mir nicht aus dem Kopf: <strong>Sekund\u00e4rrohstoffannahmestelle<\/strong>. Tats\u00e4chlich war das in meinen Kindertagen in der damaligen DDR ein nicht nur gebr\u00e4uchliches Wort, sondern eine kleine Einnahmequelle fu\u0308r Kinder. Es war nichts anderes als eine Annahmestelle fu\u0308r Flaschen, Gl\u00e4ser und Papier. Diese wurden \u2013 soweit mir noch bekannt ist \u2013 nur an diesen Stellen abgegeben und nicht im Gesch\u00e4ft, wo man eingekauft hatte. Ausger\u00fcstet mit einem Bollerwagen, zog man samstags von Plattenbau zu Plattenbau. Hundertmal geklingelt, hundertmal treppauf, treppab, hundertmal die Frage: \u00bbGuten Tag, haben Sie Flaschen, Gl\u00e4ser und Altpapier?\u00ab Ich war froh, wenn jemand Marmelade lieber mochte als Bier, denn fu\u0308r Gl\u00e4ser gab es ein paar Pfennige mehr als f\u00fcr Flaschen. Altpapier war nicht sehr rentabel, aber wer wollte schon auf eine zus\u00e4tzliche Tafel Schokolade verzichten? Resultat eines ganzen Samstags: vier Stunden Sammeln, vier Stunden Anstehen, f\u00fcnf Minuten am Kiosk fu\u0308r ein paar Su\u0308\u00dfigkeiten. Heute werde ich schon nerv\u00f6s, wenn ich am Mehrwegautomaten eine Minute zu lang warten muss. An Gummib\u00e4rchen und Co gehe ich lustlos vorbei. Aber an das Wort und die Anstrengungen von damals erinnere ich mich heute noch gern. Da war Zeit noch relativ.<\/p>\n<p><strong>Sylke Brand<\/strong>, Wiesloch<\/p>\n","protected":false},"excerpt":{"rendered":"<p>Dieses Wort geht mir nicht aus dem Kopf: Sekund\u00e4rrohstoffannahmestelle. Tats\u00e4chlich war das in meinen Kindertagen in der damaligen DDR ein nicht nur gebr\u00e4uchliches Wort, sondern eine kleine Einnahmequelle fu\u0308r Kinder. Es war nichts anderes als eine Annahmestelle fu\u0308r Flaschen, Gl\u00e4ser und Papier. Diese wurden \u2013 soweit mir noch bekannt ist \u2013 nur an diesen Stellen [&hellip;]<\/p>\n","protected":false},"author":265,"featured_media":0,"comment_status":"open","ping_status":"open","sticky":false,"template":"","format":"standard","meta":{"_jetpack_memberships_contains_paid_content":false,"footnotes":""},"categories":[5687],"tags":[],"class_list":["post-8273","post","type-post","status-publish","format-standard","hentry","category-mein-wort-schatz"],"yoast_head":"<!-- This site is optimized with the Yoast SEO plugin v21.0 - https:\/\/yoast.com\/wordpress\/plugins\/seo\/ -->\n<title>Sekund\u00e4rrohstoffannahmestelle: Mein Wort-Schatz - ZEIT der Leser<\/title>\n<meta name=\"robots\" content=\"index, follow, max-snippet:-1, max-image-preview:large, max-video-preview:-1\" \/>\n<link rel=\"canonical\" href=\"https:\/\/blog.zeit.de\/zeit-der-leser\/2012\/01\/11\/mein-wort-schatz-sekundaerrohstoffannahmestelle\/\" \/>\n<meta property=\"og:locale\" content=\"de_DE\" \/>\n<meta property=\"og:type\" content=\"article\" \/>\n<meta property=\"og:title\" content=\"Sekund\u00e4rrohstoffannahmestelle: Mein Wort-Schatz - ZEIT der Leser\" \/>\n<meta property=\"og:description\" content=\"Dieses Wort geht mir nicht aus dem Kopf: Sekund\u00e4rrohstoffannahmestelle. Tats\u00e4chlich war das in meinen Kindertagen in der damaligen DDR ein nicht nur gebr\u00e4uchliches Wort, sondern eine kleine Einnahmequelle fu\u0308r Kinder. Es war nichts anderes als eine Annahmestelle fu\u0308r Flaschen, Gl\u00e4ser und Papier. Diese wurden \u2013 soweit mir noch bekannt ist \u2013 nur an diesen Stellen [&hellip;]\" \/>\n<meta property=\"og:url\" content=\"https:\/\/blog.zeit.de\/zeit-der-leser\/2012\/01\/11\/mein-wort-schatz-sekundaerrohstoffannahmestelle\/\" \/>\n<meta property=\"og:site_name\" content=\"ZEIT der Leser\" \/>\n<meta property=\"article:published_time\" content=\"2012-01-11T09:00:51+00:00\" \/>\n<meta property=\"article:modified_time\" content=\"2015-02-24T16:25:04+00:00\" \/>\n<meta name=\"author\" content=\"&quot;Zeit der Leser&quot;-Redaktion\" \/>\n<meta name=\"twitter:card\" content=\"summary_large_image\" \/>\n<meta name=\"twitter:label1\" content=\"Geschrieben von\" \/>\n\t<meta name=\"twitter:data1\" content=\"\"Zeit der Leser\"-Redaktion\" \/>\n\t<meta name=\"twitter:label2\" content=\"Gesch\u00e4tzte Lesezeit\" \/>\n\t<meta name=\"twitter:data2\" content=\"1\u00a0Minute\" \/>\n<script type=\"application\/ld+json\" class=\"yoast-schema-graph\">{\"@context\":\"https:\/\/schema.org\",\"@graph\":[{\"@type\":\"WebPage\",\"@id\":\"https:\/\/blog.zeit.de\/zeit-der-leser\/2012\/01\/11\/mein-wort-schatz-sekundaerrohstoffannahmestelle\/\",\"url\":\"https:\/\/blog.zeit.de\/zeit-der-leser\/2012\/01\/11\/mein-wort-schatz-sekundaerrohstoffannahmestelle\/\",\"name\":\"Sekund\u00e4rrohstoffannahmestelle: Mein Wort-Schatz - ZEIT der Leser\",\"isPartOf\":{\"@id\":\"https:\/\/blog.zeit.de\/zeit-der-leser\/#website\"},\"datePublished\":\"2012-01-11T09:00:51+00:00\",\"dateModified\":\"2015-02-24T16:25:04+00:00\",\"author\":{\"@id\":\"https:\/\/blog.zeit.de\/zeit-der-leser\/#\/schema\/person\/583b14e5ad6368c23af846ecbde9f20f\"},\"breadcrumb\":{\"@id\":\"https:\/\/blog.zeit.de\/zeit-der-leser\/2012\/01\/11\/mein-wort-schatz-sekundaerrohstoffannahmestelle\/#breadcrumb\"},\"inLanguage\":\"de\",\"potentialAction\":[{\"@type\":\"ReadAction\",\"target\":[\"https:\/\/blog.zeit.de\/zeit-der-leser\/2012\/01\/11\/mein-wort-schatz-sekundaerrohstoffannahmestelle\/\"]}]},{\"@type\":\"BreadcrumbList\",\"@id\":\"https:\/\/blog.zeit.de\/zeit-der-leser\/2012\/01\/11\/mein-wort-schatz-sekundaerrohstoffannahmestelle\/#breadcrumb\",\"itemListElement\":[{\"@type\":\"ListItem\",\"position\":1,\"name\":\"Startseite\",\"item\":\"https:\/\/blog.zeit.de\/zeit-der-leser\/\"},{\"@type\":\"ListItem\",\"position\":2,\"name\":\"Sekund\u00e4rrohstoffannahmestelle: Mein Wort-Schatz\"}]},{\"@type\":\"WebSite\",\"@id\":\"https:\/\/blog.zeit.de\/zeit-der-leser\/#website\",\"url\":\"https:\/\/blog.zeit.de\/zeit-der-leser\/\",\"name\":\"ZEIT der Leser\",\"description\":\"Ein Blog mit Ihren Notizen, Gedichten und Bildern f\u00fcr die gedruckte ZEIT\",\"potentialAction\":[{\"@type\":\"SearchAction\",\"target\":{\"@type\":\"EntryPoint\",\"urlTemplate\":\"https:\/\/blog.zeit.de\/zeit-der-leser\/?s={search_term_string}\"},\"query-input\":\"required name=search_term_string\"}],\"inLanguage\":\"de\"},{\"@type\":\"Person\",\"@id\":\"https:\/\/blog.zeit.de\/zeit-der-leser\/#\/schema\/person\/583b14e5ad6368c23af846ecbde9f20f\",\"name\":\"\\\"Zeit der Leser\\\"-Redaktion\",\"image\":{\"@type\":\"ImageObject\",\"inLanguage\":\"de\",\"@id\":\"https:\/\/blog.zeit.de\/zeit-der-leser\/#\/schema\/person\/image\/\",\"url\":\"https:\/\/secure.gravatar.com\/avatar\/e801a681bd3bbf2345131a815930b48d9f8e0a94de1346b624840dc850f67ad0?s=96&d=mm&r=g\",\"contentUrl\":\"https:\/\/secure.gravatar.com\/avatar\/e801a681bd3bbf2345131a815930b48d9f8e0a94de1346b624840dc850f67ad0?s=96&d=mm&r=g\",\"caption\":\"\\\"Zeit der Leser\\\"-Redaktion\"},\"url\":\"https:\/\/blog.zeit.de\/zeit-der-leser\/author\/zeit-der-leser-redaktion\/\"}]}<\/script>\n<!-- \/ Yoast SEO plugin. -->","yoast_head_json":{"title":"Sekund\u00e4rrohstoffannahmestelle: Mein Wort-Schatz - ZEIT der Leser","robots":{"index":"index","follow":"follow","max-snippet":"max-snippet:-1","max-image-preview":"max-image-preview:large","max-video-preview":"max-video-preview:-1"},"canonical":"https:\/\/blog.zeit.de\/zeit-der-leser\/2012\/01\/11\/mein-wort-schatz-sekundaerrohstoffannahmestelle\/","og_locale":"de_DE","og_type":"article","og_title":"Sekund\u00e4rrohstoffannahmestelle: Mein Wort-Schatz - ZEIT der Leser","og_description":"Dieses Wort geht mir nicht aus dem Kopf: Sekund\u00e4rrohstoffannahmestelle. Tats\u00e4chlich war das in meinen Kindertagen in der damaligen DDR ein nicht nur gebr\u00e4uchliches Wort, sondern eine kleine Einnahmequelle fu\u0308r Kinder. Es war nichts anderes als eine Annahmestelle fu\u0308r Flaschen, Gl\u00e4ser und Papier. Diese wurden \u2013 soweit mir noch bekannt ist \u2013 nur an diesen Stellen [&hellip;]","og_url":"https:\/\/blog.zeit.de\/zeit-der-leser\/2012\/01\/11\/mein-wort-schatz-sekundaerrohstoffannahmestelle\/","og_site_name":"ZEIT der Leser","article_published_time":"2012-01-11T09:00:51+00:00","article_modified_time":"2015-02-24T16:25:04+00:00","author":"\"Zeit der Leser\"-Redaktion","twitter_card":"summary_large_image","twitter_misc":{"Geschrieben von":"\"Zeit der Leser\"-Redaktion","Gesch\u00e4tzte Lesezeit":"1\u00a0Minute"},"schema":{"@context":"https:\/\/schema.org","@graph":[{"@type":"WebPage","@id":"https:\/\/blog.zeit.de\/zeit-der-leser\/2012\/01\/11\/mein-wort-schatz-sekundaerrohstoffannahmestelle\/","url":"https:\/\/blog.zeit.de\/zeit-der-leser\/2012\/01\/11\/mein-wort-schatz-sekundaerrohstoffannahmestelle\/","name":"Sekund\u00e4rrohstoffannahmestelle: Mein Wort-Schatz - ZEIT der Leser","isPartOf":{"@id":"https:\/\/blog.zeit.de\/zeit-der-leser\/#website"},"datePublished":"2012-01-11T09:00:51+00:00","dateModified":"2015-02-24T16:25:04+00:00","author":{"@id":"https:\/\/blog.zeit.de\/zeit-der-leser\/#\/schema\/person\/583b14e5ad6368c23af846ecbde9f20f"},"breadcrumb":{"@id":"https:\/\/blog.zeit.de\/zeit-der-leser\/2012\/01\/11\/mein-wort-schatz-sekundaerrohstoffannahmestelle\/#breadcrumb"},"inLanguage":"de","potentialAction":[{"@type":"ReadAction","target":["https:\/\/blog.zeit.de\/zeit-der-leser\/2012\/01\/11\/mein-wort-schatz-sekundaerrohstoffannahmestelle\/"]}]},{"@type":"BreadcrumbList","@id":"https:\/\/blog.zeit.de\/zeit-der-leser\/2012\/01\/11\/mein-wort-schatz-sekundaerrohstoffannahmestelle\/#breadcrumb","itemListElement":[{"@type":"ListItem","position":1,"name":"Startseite","item":"https:\/\/blog.zeit.de\/zeit-der-leser\/"},{"@type":"ListItem","position":2,"name":"Sekund\u00e4rrohstoffannahmestelle: Mein Wort-Schatz"}]},{"@type":"WebSite","@id":"https:\/\/blog.zeit.de\/zeit-der-leser\/#website","url":"https:\/\/blog.zeit.de\/zeit-der-leser\/","name":"ZEIT der Leser","description":"Ein Blog mit Ihren Notizen, Gedichten und Bildern f\u00fcr die gedruckte ZEIT","potentialAction":[{"@type":"SearchAction","target":{"@type":"EntryPoint","urlTemplate":"https:\/\/blog.zeit.de\/zeit-der-leser\/?s={search_term_string}"},"query-input":"required name=search_term_string"}],"inLanguage":"de"},{"@type":"Person","@id":"https:\/\/blog.zeit.de\/zeit-der-leser\/#\/schema\/person\/583b14e5ad6368c23af846ecbde9f20f","name":"\"Zeit der Leser\"-Redaktion","image":{"@type":"ImageObject","inLanguage":"de","@id":"https:\/\/blog.zeit.de\/zeit-der-leser\/#\/schema\/person\/image\/","url":"https:\/\/secure.gravatar.com\/avatar\/e801a681bd3bbf2345131a815930b48d9f8e0a94de1346b624840dc850f67ad0?s=96&d=mm&r=g","contentUrl":"https:\/\/secure.gravatar.com\/avatar\/e801a681bd3bbf2345131a815930b48d9f8e0a94de1346b624840dc850f67ad0?s=96&d=mm&r=g","caption":"\"Zeit der Leser\"-Redaktion"},"url":"https:\/\/blog.zeit.de\/zeit-der-leser\/author\/zeit-der-leser-redaktion\/"}]}},"jetpack_featured_media_url":"","jetpack_sharing_enabled":true,"_links":{"self":[{"href":"https:\/\/blog.zeit.de\/zeit-der-leser\/wp-json\/wp\/v2\/posts\/8273","targetHints":{"allow":["GET"]}}],"collection":[{"href":"https:\/\/blog.zeit.de\/zeit-der-leser\/wp-json\/wp\/v2\/posts"}],"about":[{"href":"https:\/\/blog.zeit.de\/zeit-der-leser\/wp-json\/wp\/v2\/types\/post"}],"author":[{"embeddable":true,"href":"https:\/\/blog.zeit.de\/zeit-der-leser\/wp-json\/wp\/v2\/users\/265"}],"replies":[{"embeddable":true,"href":"https:\/\/blog.zeit.de\/zeit-der-leser\/wp-json\/wp\/v2\/comments?post=8273"}],"version-history":[{"count":5,"href":"https:\/\/blog.zeit.de\/zeit-der-leser\/wp-json\/wp\/v2\/posts\/8273\/revisions"}],"predecessor-version":[{"id":19798,"href":"https:\/\/blog.zeit.de\/zeit-der-leser\/wp-json\/wp\/v2\/posts\/8273\/revisions\/19798"}],"wp:attachment":[{"href":"https:\/\/blog.zeit.de\/zeit-der-leser\/wp-json\/wp\/v2\/media?parent=8273"}],"wp:term":[{"taxonomy":"category","embeddable":true,"href":"https:\/\/blog.zeit.de\/zeit-der-leser\/wp-json\/wp\/v2\/categories?post=8273"},{"taxonomy":"post_tag","embeddable":true,"href":"https:\/\/blog.zeit.de\/zeit-der-leser\/wp-json\/wp\/v2\/tags?post=8273"}],"curies":[{"name":"wp","href":"https:\/\/api.w.org\/{rel}","templated":true}]}}