{"id":8276,"date":"2012-01-10T18:00:26","date_gmt":"2012-01-10T17:00:26","guid":{"rendered":"http:\/\/blog.zeit.de\/zeit-der-leser\/?p=8276"},"modified":"2015-02-24T17:25:29","modified_gmt":"2015-02-24T16:25:29","slug":"mein-wort-schatz-akklimatisieren","status":"publish","type":"post","link":"https:\/\/blog.zeit.de\/zeit-der-leser\/2012\/01\/10\/mein-wort-schatz-akklimatisieren\/","title":{"rendered":"Akklimatisieren: Mein Wort-Schatz"},"content":{"rendered":"<p>Ich mag das Wort <strong>akklimatisieren<\/strong>. In den achtziger Jahren fuhr ich als Kind jedes Jahr mit meinen Gro\u00dfeltern in den Urlaub. Egal, ob im Sommer am Gardasee oder im Herbst an der Nordsee \u2013 erst mussten wir uns langsam an die ungewohnten Temperaturen, das andere Essen, die raue Luft gew\u00f6hnen. In der Hitze Italiens verlie\u00df man zur Mittagszeit den Strand, um sich in der K\u00fchle des Hotelzimmers eine Auszeit zu g\u00f6nnen, in B\u00fcsum war Barfu\u00dflaufen in den ersten Tagen tabu. K\u00f6rper und Seele mussten erst mal ankommen k\u00f6nnen. Nach drei bis vier Tagen fing der Urlaub dann so richtig an! Heute jetten wir f\u00fcr zwei N\u00e4chte zum Sightseeing oder \u00fcber Silvester in die Karibik. Mein Lieblingswort und sein Sinn spielen dabei keine Rolle mehr. Daf\u00fcr haben wir gar nicht die Zeit! Vielleicht hat man deshalb manchmal das Gef\u00fchl, gar nicht weg gewesen zu sein!<\/p>\n<p><strong>Simona Ernst<\/strong>, Hamburg<\/p>\n","protected":false},"excerpt":{"rendered":"<p>Ich mag das Wort akklimatisieren. In den achtziger Jahren fuhr ich als Kind jedes Jahr mit meinen Gro\u00dfeltern in den Urlaub. Egal, ob im Sommer am Gardasee oder im Herbst an der Nordsee \u2013 erst mussten wir uns langsam an die ungewohnten Temperaturen, das andere Essen, die raue Luft gew\u00f6hnen. In der Hitze Italiens verlie\u00df [&hellip;]<\/p>\n","protected":false},"author":265,"featured_media":0,"comment_status":"open","ping_status":"open","sticky":false,"template":"","format":"standard","meta":{"_jetpack_memberships_contains_paid_content":false,"footnotes":""},"categories":[5687],"tags":[],"class_list":["post-8276","post","type-post","status-publish","format-standard","hentry","category-mein-wort-schatz"],"yoast_head":"<!-- This site is optimized with the Yoast SEO plugin v21.0 - https:\/\/yoast.com\/wordpress\/plugins\/seo\/ -->\n<title>Akklimatisieren: Mein Wort-Schatz - ZEIT der Leser<\/title>\n<meta name=\"robots\" content=\"index, follow, max-snippet:-1, max-image-preview:large, max-video-preview:-1\" \/>\n<link rel=\"canonical\" href=\"https:\/\/blog.zeit.de\/zeit-der-leser\/2012\/01\/10\/mein-wort-schatz-akklimatisieren\/\" \/>\n<meta property=\"og:locale\" content=\"de_DE\" \/>\n<meta property=\"og:type\" content=\"article\" \/>\n<meta property=\"og:title\" content=\"Akklimatisieren: Mein Wort-Schatz - ZEIT der Leser\" \/>\n<meta property=\"og:description\" content=\"Ich mag das Wort akklimatisieren. In den achtziger Jahren fuhr ich als Kind jedes Jahr mit meinen Gro\u00dfeltern in den Urlaub. Egal, ob im Sommer am Gardasee oder im Herbst an der Nordsee \u2013 erst mussten wir uns langsam an die ungewohnten Temperaturen, das andere Essen, die raue Luft gew\u00f6hnen. In der Hitze Italiens verlie\u00df [&hellip;]\" \/>\n<meta property=\"og:url\" content=\"https:\/\/blog.zeit.de\/zeit-der-leser\/2012\/01\/10\/mein-wort-schatz-akklimatisieren\/\" \/>\n<meta property=\"og:site_name\" content=\"ZEIT der Leser\" \/>\n<meta property=\"article:published_time\" content=\"2012-01-10T17:00:26+00:00\" \/>\n<meta property=\"article:modified_time\" content=\"2015-02-24T16:25:29+00:00\" \/>\n<meta name=\"author\" content=\"&quot;Zeit der Leser&quot;-Redaktion\" \/>\n<meta name=\"twitter:card\" content=\"summary_large_image\" \/>\n<meta name=\"twitter:label1\" content=\"Geschrieben von\" \/>\n\t<meta name=\"twitter:data1\" content=\"\"Zeit der Leser\"-Redaktion\" \/>\n\t<meta name=\"twitter:label2\" content=\"Gesch\u00e4tzte Lesezeit\" \/>\n\t<meta name=\"twitter:data2\" content=\"1\u00a0Minute\" \/>\n<script type=\"application\/ld+json\" class=\"yoast-schema-graph\">{\"@context\":\"https:\/\/schema.org\",\"@graph\":[{\"@type\":\"WebPage\",\"@id\":\"https:\/\/blog.zeit.de\/zeit-der-leser\/2012\/01\/10\/mein-wort-schatz-akklimatisieren\/\",\"url\":\"https:\/\/blog.zeit.de\/zeit-der-leser\/2012\/01\/10\/mein-wort-schatz-akklimatisieren\/\",\"name\":\"Akklimatisieren: Mein Wort-Schatz - ZEIT der Leser\",\"isPartOf\":{\"@id\":\"https:\/\/blog.zeit.de\/zeit-der-leser\/#website\"},\"datePublished\":\"2012-01-10T17:00:26+00:00\",\"dateModified\":\"2015-02-24T16:25:29+00:00\",\"author\":{\"@id\":\"https:\/\/blog.zeit.de\/zeit-der-leser\/#\/schema\/person\/583b14e5ad6368c23af846ecbde9f20f\"},\"breadcrumb\":{\"@id\":\"https:\/\/blog.zeit.de\/zeit-der-leser\/2012\/01\/10\/mein-wort-schatz-akklimatisieren\/#breadcrumb\"},\"inLanguage\":\"de\",\"potentialAction\":[{\"@type\":\"ReadAction\",\"target\":[\"https:\/\/blog.zeit.de\/zeit-der-leser\/2012\/01\/10\/mein-wort-schatz-akklimatisieren\/\"]}]},{\"@type\":\"BreadcrumbList\",\"@id\":\"https:\/\/blog.zeit.de\/zeit-der-leser\/2012\/01\/10\/mein-wort-schatz-akklimatisieren\/#breadcrumb\",\"itemListElement\":[{\"@type\":\"ListItem\",\"position\":1,\"name\":\"Startseite\",\"item\":\"https:\/\/blog.zeit.de\/zeit-der-leser\/\"},{\"@type\":\"ListItem\",\"position\":2,\"name\":\"Akklimatisieren: Mein Wort-Schatz\"}]},{\"@type\":\"WebSite\",\"@id\":\"https:\/\/blog.zeit.de\/zeit-der-leser\/#website\",\"url\":\"https:\/\/blog.zeit.de\/zeit-der-leser\/\",\"name\":\"ZEIT der Leser\",\"description\":\"Ein Blog mit Ihren Notizen, Gedichten und Bildern f\u00fcr die gedruckte ZEIT\",\"potentialAction\":[{\"@type\":\"SearchAction\",\"target\":{\"@type\":\"EntryPoint\",\"urlTemplate\":\"https:\/\/blog.zeit.de\/zeit-der-leser\/?s={search_term_string}\"},\"query-input\":\"required name=search_term_string\"}],\"inLanguage\":\"de\"},{\"@type\":\"Person\",\"@id\":\"https:\/\/blog.zeit.de\/zeit-der-leser\/#\/schema\/person\/583b14e5ad6368c23af846ecbde9f20f\",\"name\":\"\\\"Zeit der Leser\\\"-Redaktion\",\"image\":{\"@type\":\"ImageObject\",\"inLanguage\":\"de\",\"@id\":\"https:\/\/blog.zeit.de\/zeit-der-leser\/#\/schema\/person\/image\/\",\"url\":\"https:\/\/secure.gravatar.com\/avatar\/e801a681bd3bbf2345131a815930b48d9f8e0a94de1346b624840dc850f67ad0?s=96&d=mm&r=g\",\"contentUrl\":\"https:\/\/secure.gravatar.com\/avatar\/e801a681bd3bbf2345131a815930b48d9f8e0a94de1346b624840dc850f67ad0?s=96&d=mm&r=g\",\"caption\":\"\\\"Zeit der Leser\\\"-Redaktion\"},\"url\":\"https:\/\/blog.zeit.de\/zeit-der-leser\/author\/zeit-der-leser-redaktion\/\"}]}<\/script>\n<!-- \/ Yoast SEO plugin. -->","yoast_head_json":{"title":"Akklimatisieren: Mein Wort-Schatz - ZEIT der Leser","robots":{"index":"index","follow":"follow","max-snippet":"max-snippet:-1","max-image-preview":"max-image-preview:large","max-video-preview":"max-video-preview:-1"},"canonical":"https:\/\/blog.zeit.de\/zeit-der-leser\/2012\/01\/10\/mein-wort-schatz-akklimatisieren\/","og_locale":"de_DE","og_type":"article","og_title":"Akklimatisieren: Mein Wort-Schatz - ZEIT der Leser","og_description":"Ich mag das Wort akklimatisieren. In den achtziger Jahren fuhr ich als Kind jedes Jahr mit meinen Gro\u00dfeltern in den Urlaub. Egal, ob im Sommer am Gardasee oder im Herbst an der Nordsee \u2013 erst mussten wir uns langsam an die ungewohnten Temperaturen, das andere Essen, die raue Luft gew\u00f6hnen. In der Hitze Italiens verlie\u00df [&hellip;]","og_url":"https:\/\/blog.zeit.de\/zeit-der-leser\/2012\/01\/10\/mein-wort-schatz-akklimatisieren\/","og_site_name":"ZEIT der Leser","article_published_time":"2012-01-10T17:00:26+00:00","article_modified_time":"2015-02-24T16:25:29+00:00","author":"\"Zeit der Leser\"-Redaktion","twitter_card":"summary_large_image","twitter_misc":{"Geschrieben von":"\"Zeit der Leser\"-Redaktion","Gesch\u00e4tzte Lesezeit":"1\u00a0Minute"},"schema":{"@context":"https:\/\/schema.org","@graph":[{"@type":"WebPage","@id":"https:\/\/blog.zeit.de\/zeit-der-leser\/2012\/01\/10\/mein-wort-schatz-akklimatisieren\/","url":"https:\/\/blog.zeit.de\/zeit-der-leser\/2012\/01\/10\/mein-wort-schatz-akklimatisieren\/","name":"Akklimatisieren: Mein Wort-Schatz - ZEIT der Leser","isPartOf":{"@id":"https:\/\/blog.zeit.de\/zeit-der-leser\/#website"},"datePublished":"2012-01-10T17:00:26+00:00","dateModified":"2015-02-24T16:25:29+00:00","author":{"@id":"https:\/\/blog.zeit.de\/zeit-der-leser\/#\/schema\/person\/583b14e5ad6368c23af846ecbde9f20f"},"breadcrumb":{"@id":"https:\/\/blog.zeit.de\/zeit-der-leser\/2012\/01\/10\/mein-wort-schatz-akklimatisieren\/#breadcrumb"},"inLanguage":"de","potentialAction":[{"@type":"ReadAction","target":["https:\/\/blog.zeit.de\/zeit-der-leser\/2012\/01\/10\/mein-wort-schatz-akklimatisieren\/"]}]},{"@type":"BreadcrumbList","@id":"https:\/\/blog.zeit.de\/zeit-der-leser\/2012\/01\/10\/mein-wort-schatz-akklimatisieren\/#breadcrumb","itemListElement":[{"@type":"ListItem","position":1,"name":"Startseite","item":"https:\/\/blog.zeit.de\/zeit-der-leser\/"},{"@type":"ListItem","position":2,"name":"Akklimatisieren: Mein Wort-Schatz"}]},{"@type":"WebSite","@id":"https:\/\/blog.zeit.de\/zeit-der-leser\/#website","url":"https:\/\/blog.zeit.de\/zeit-der-leser\/","name":"ZEIT der Leser","description":"Ein Blog mit Ihren Notizen, Gedichten und Bildern f\u00fcr die gedruckte ZEIT","potentialAction":[{"@type":"SearchAction","target":{"@type":"EntryPoint","urlTemplate":"https:\/\/blog.zeit.de\/zeit-der-leser\/?s={search_term_string}"},"query-input":"required name=search_term_string"}],"inLanguage":"de"},{"@type":"Person","@id":"https:\/\/blog.zeit.de\/zeit-der-leser\/#\/schema\/person\/583b14e5ad6368c23af846ecbde9f20f","name":"\"Zeit der Leser\"-Redaktion","image":{"@type":"ImageObject","inLanguage":"de","@id":"https:\/\/blog.zeit.de\/zeit-der-leser\/#\/schema\/person\/image\/","url":"https:\/\/secure.gravatar.com\/avatar\/e801a681bd3bbf2345131a815930b48d9f8e0a94de1346b624840dc850f67ad0?s=96&d=mm&r=g","contentUrl":"https:\/\/secure.gravatar.com\/avatar\/e801a681bd3bbf2345131a815930b48d9f8e0a94de1346b624840dc850f67ad0?s=96&d=mm&r=g","caption":"\"Zeit der Leser\"-Redaktion"},"url":"https:\/\/blog.zeit.de\/zeit-der-leser\/author\/zeit-der-leser-redaktion\/"}]}},"jetpack_featured_media_url":"","jetpack_sharing_enabled":true,"_links":{"self":[{"href":"https:\/\/blog.zeit.de\/zeit-der-leser\/wp-json\/wp\/v2\/posts\/8276","targetHints":{"allow":["GET"]}}],"collection":[{"href":"https:\/\/blog.zeit.de\/zeit-der-leser\/wp-json\/wp\/v2\/posts"}],"about":[{"href":"https:\/\/blog.zeit.de\/zeit-der-leser\/wp-json\/wp\/v2\/types\/post"}],"author":[{"embeddable":true,"href":"https:\/\/blog.zeit.de\/zeit-der-leser\/wp-json\/wp\/v2\/users\/265"}],"replies":[{"embeddable":true,"href":"https:\/\/blog.zeit.de\/zeit-der-leser\/wp-json\/wp\/v2\/comments?post=8276"}],"version-history":[{"count":4,"href":"https:\/\/blog.zeit.de\/zeit-der-leser\/wp-json\/wp\/v2\/posts\/8276\/revisions"}],"predecessor-version":[{"id":19799,"href":"https:\/\/blog.zeit.de\/zeit-der-leser\/wp-json\/wp\/v2\/posts\/8276\/revisions\/19799"}],"wp:attachment":[{"href":"https:\/\/blog.zeit.de\/zeit-der-leser\/wp-json\/wp\/v2\/media?parent=8276"}],"wp:term":[{"taxonomy":"category","embeddable":true,"href":"https:\/\/blog.zeit.de\/zeit-der-leser\/wp-json\/wp\/v2\/categories?post=8276"},{"taxonomy":"post_tag","embeddable":true,"href":"https:\/\/blog.zeit.de\/zeit-der-leser\/wp-json\/wp\/v2\/tags?post=8276"}],"curies":[{"name":"wp","href":"https:\/\/api.w.org\/{rel}","templated":true}]}}