{"id":83,"date":"2010-03-30T14:05:05","date_gmt":"2010-03-30T12:05:05","guid":{"rendered":"http:\/\/blog.zeit.de\/zeit-der-leser\/?p=83"},"modified":"2010-03-31T10:30:48","modified_gmt":"2010-03-31T08:30:48","slug":"das-regt-mich-auf-hund-klaut-wurstsemmel","status":"publish","type":"post","link":"https:\/\/blog.zeit.de\/zeit-der-leser\/2010\/03\/30\/das-regt-mich-auf-hund-klaut-wurstsemmel\/","title":{"rendered":"Das regt mich auf: Hund klaut Wurstsemmel"},"content":{"rendered":"<p><figure id=\"attachment_182\" aria-describedby=\"caption-attachment-182\" style=\"width: 540px\" class=\"wp-caption alignleft\"><a href=\"http:\/\/www.photocase.com\/de\/user.asp?u=48465\" target=\"_blank\"><img loading=\"lazy\" decoding=\"async\" class=\"size-full wp-image-182\" title=\"Hund klaut Br\u00f6tchen\" src=\"https:\/\/blog.zeit.de\/zeit-der-leser\/files\/2010\/03\/photocase4ub5pmep1klein1.jpg\" alt=\"\" width=\"540\" height=\"304\" srcset=\"https:\/\/blog.zeit.de\/zeit-der-leser\/files\/2010\/03\/photocase4ub5pmep1klein1.jpg 540w, https:\/\/blog.zeit.de\/zeit-der-leser\/files\/2010\/03\/photocase4ub5pmep1klein1-300x168.jpg 300w\" sizes=\"auto, (max-width: 540px) 100vw, 540px\" \/><\/a><figcaption id=\"caption-attachment-182\" class=\"wp-caption-text\">\u00a9 judigrafie \/ photocase.com<\/figcaption><\/figure><\/p>\n<p>Ich rege mich nie auf. Au\u00dfer ich habe einen Grund. Letzte Woche zum Beispiel:<br \/>\nGro\u00dfmutterdienst in der Innenstadt. Ich schiebe den Kinderwagen. Drin thront meine Enkelin Lea, die gerade ihre Wurstsemmel verzehren will. Auf einmal springt ein Riesenhund mit scharfen Z\u00e4hnen daher und schnappt, genau zwischen H\u00e4ndchen und offenem M\u00fcndchen des Kindes, die Wurstsemmel weg.<br \/>\nSchriller, langer, nie enden wollender Aufschrei. Tausend Alarmglocken in meinem Gro\u00dfmutterherzen: Der Hund hat die H\u00e4nde und die Zunge meiner Enkelin abge-bissen! Nein. Die H\u00e4nde sind da. Ich z\u00e4hle die Fingerchen. Zehn. Auch der br\u00fcllende Mund ist unversehrt, die Zunge und alle Z\u00e4hne sind noch drin. Die Alarmglocken werden leiser. Leas markersch\u00fctterndes Schreien nicht.<br \/>\nDer Hund und sein Besitzer sind weitergegangen. Ich schreie: &#8222;Sie, Ihr Hund hat gerade die Wurstsemmel meiner Enkelin gefressen!&#8220; Der Mann dreht sich um, schmunzelt und sagt beinahe vorwurfsvoll: &#8222;Na, Sie m\u00fcssen schon aufpassen!&#8220; Und zieht von dannen mit seinem Monster.<br \/>\nDer Hundef\u00fchrerschein, \u00fcber den bei uns in \u00d6sterreich gerade diskutiert wird, ist zwar eine gute Idee. Aber ich pl\u00e4diere f\u00fcr einen viersemestrigen Benimmkursus f\u00fcr Hundebesitzer. Mit obligatem Feingef\u00fchlseminar.<\/p>\n<p><em>Marie-Luce Er\u00f6d, Wien<\/em><\/p>\n","protected":false},"excerpt":{"rendered":"<p>Ich rege mich nie auf. Au\u00dfer ich habe einen Grund. Letzte Woche zum Beispiel: Gro\u00dfmutterdienst in der Innenstadt. Ich schiebe den Kinderwagen. Drin thront meine Enkelin Lea, die gerade ihre Wurstsemmel verzehren will. Auf einmal springt ein Riesenhund mit scharfen Z\u00e4hnen daher und schnappt, genau zwischen H\u00e4ndchen und offenem M\u00fcndchen des Kindes, die Wurstsemmel weg. [&hellip;]<\/p>\n","protected":false},"author":264,"featured_media":0,"comment_status":"open","ping_status":"open","sticky":false,"template":"","format":"standard","meta":{"_jetpack_memberships_contains_paid_content":false,"footnotes":""},"categories":[1869],"tags":[],"class_list":["post-83","post","type-post","status-publish","format-standard","hentry","category-das-regt-mich-auf"],"yoast_head":"<!-- This site is optimized with the Yoast SEO plugin v21.0 - https:\/\/yoast.com\/wordpress\/plugins\/seo\/ -->\n<title>Das regt mich auf: Hund klaut Wurstsemmel - ZEIT der Leser<\/title>\n<meta name=\"robots\" content=\"index, follow, max-snippet:-1, max-image-preview:large, max-video-preview:-1\" \/>\n<link rel=\"canonical\" href=\"https:\/\/blog.zeit.de\/zeit-der-leser\/2010\/03\/30\/das-regt-mich-auf-hund-klaut-wurstsemmel\/\" \/>\n<meta property=\"og:locale\" content=\"de_DE\" \/>\n<meta property=\"og:type\" content=\"article\" \/>\n<meta property=\"og:title\" content=\"Das regt mich auf: Hund klaut Wurstsemmel - ZEIT der Leser\" \/>\n<meta property=\"og:description\" content=\"Ich rege mich nie auf. Au\u00dfer ich habe einen Grund. Letzte Woche zum Beispiel: Gro\u00dfmutterdienst in der Innenstadt. Ich schiebe den Kinderwagen. Drin thront meine Enkelin Lea, die gerade ihre Wurstsemmel verzehren will. Auf einmal springt ein Riesenhund mit scharfen Z\u00e4hnen daher und schnappt, genau zwischen H\u00e4ndchen und offenem M\u00fcndchen des Kindes, die Wurstsemmel weg. [&hellip;]\" \/>\n<meta property=\"og:url\" content=\"https:\/\/blog.zeit.de\/zeit-der-leser\/2010\/03\/30\/das-regt-mich-auf-hund-klaut-wurstsemmel\/\" \/>\n<meta property=\"og:site_name\" content=\"ZEIT der Leser\" \/>\n<meta property=\"article:published_time\" content=\"2010-03-30T12:05:05+00:00\" \/>\n<meta property=\"article:modified_time\" content=\"2010-03-31T08:30:48+00:00\" \/>\n<meta property=\"og:image\" content=\"https:\/\/blog.zeit.de\/zeit-der-leser\/files\/2010\/03\/photocase4ub5pmep1klein1.jpg\" \/>\n<meta name=\"author\" content=\"Zeit der Leser\" \/>\n<meta name=\"twitter:card\" content=\"summary_large_image\" \/>\n<meta name=\"twitter:label1\" content=\"Geschrieben von\" \/>\n\t<meta name=\"twitter:data1\" content=\"Zeit der Leser\" \/>\n\t<meta name=\"twitter:label2\" content=\"Gesch\u00e4tzte Lesezeit\" \/>\n\t<meta name=\"twitter:data2\" content=\"1\u00a0Minute\" \/>\n<script type=\"application\/ld+json\" class=\"yoast-schema-graph\">{\"@context\":\"https:\/\/schema.org\",\"@graph\":[{\"@type\":\"WebPage\",\"@id\":\"https:\/\/blog.zeit.de\/zeit-der-leser\/2010\/03\/30\/das-regt-mich-auf-hund-klaut-wurstsemmel\/\",\"url\":\"https:\/\/blog.zeit.de\/zeit-der-leser\/2010\/03\/30\/das-regt-mich-auf-hund-klaut-wurstsemmel\/\",\"name\":\"Das regt mich auf: Hund klaut Wurstsemmel - ZEIT der Leser\",\"isPartOf\":{\"@id\":\"https:\/\/blog.zeit.de\/zeit-der-leser\/#website\"},\"datePublished\":\"2010-03-30T12:05:05+00:00\",\"dateModified\":\"2010-03-31T08:30:48+00:00\",\"author\":{\"@id\":\"https:\/\/blog.zeit.de\/zeit-der-leser\/#\/schema\/person\/e248c7ff5a10552f6a3bd5e9385b3667\"},\"breadcrumb\":{\"@id\":\"https:\/\/blog.zeit.de\/zeit-der-leser\/2010\/03\/30\/das-regt-mich-auf-hund-klaut-wurstsemmel\/#breadcrumb\"},\"inLanguage\":\"de\",\"potentialAction\":[{\"@type\":\"ReadAction\",\"target\":[\"https:\/\/blog.zeit.de\/zeit-der-leser\/2010\/03\/30\/das-regt-mich-auf-hund-klaut-wurstsemmel\/\"]}]},{\"@type\":\"BreadcrumbList\",\"@id\":\"https:\/\/blog.zeit.de\/zeit-der-leser\/2010\/03\/30\/das-regt-mich-auf-hund-klaut-wurstsemmel\/#breadcrumb\",\"itemListElement\":[{\"@type\":\"ListItem\",\"position\":1,\"name\":\"Startseite\",\"item\":\"https:\/\/blog.zeit.de\/zeit-der-leser\/\"},{\"@type\":\"ListItem\",\"position\":2,\"name\":\"Das regt mich auf: Hund klaut Wurstsemmel\"}]},{\"@type\":\"WebSite\",\"@id\":\"https:\/\/blog.zeit.de\/zeit-der-leser\/#website\",\"url\":\"https:\/\/blog.zeit.de\/zeit-der-leser\/\",\"name\":\"ZEIT der Leser\",\"description\":\"Ein Blog mit Ihren Notizen, Gedichten und Bildern f\u00fcr die gedruckte ZEIT\",\"potentialAction\":[{\"@type\":\"SearchAction\",\"target\":{\"@type\":\"EntryPoint\",\"urlTemplate\":\"https:\/\/blog.zeit.de\/zeit-der-leser\/?s={search_term_string}\"},\"query-input\":\"required name=search_term_string\"}],\"inLanguage\":\"de\"},{\"@type\":\"Person\",\"@id\":\"https:\/\/blog.zeit.de\/zeit-der-leser\/#\/schema\/person\/e248c7ff5a10552f6a3bd5e9385b3667\",\"name\":\"Zeit der Leser\",\"image\":{\"@type\":\"ImageObject\",\"inLanguage\":\"de\",\"@id\":\"https:\/\/blog.zeit.de\/zeit-der-leser\/#\/schema\/person\/image\/\",\"url\":\"https:\/\/secure.gravatar.com\/avatar\/529bb2731085995bda6c8ba0e4da7e528ea8be4e6c7abdd217f176e2309035f6?s=96&d=mm&r=g\",\"contentUrl\":\"https:\/\/secure.gravatar.com\/avatar\/529bb2731085995bda6c8ba0e4da7e528ea8be4e6c7abdd217f176e2309035f6?s=96&d=mm&r=g\",\"caption\":\"Zeit der Leser\"},\"url\":\"https:\/\/blog.zeit.de\/zeit-der-leser\/author\/zeit-der-leser\/\"}]}<\/script>\n<!-- \/ Yoast SEO plugin. -->","yoast_head_json":{"title":"Das regt mich auf: Hund klaut Wurstsemmel - ZEIT der Leser","robots":{"index":"index","follow":"follow","max-snippet":"max-snippet:-1","max-image-preview":"max-image-preview:large","max-video-preview":"max-video-preview:-1"},"canonical":"https:\/\/blog.zeit.de\/zeit-der-leser\/2010\/03\/30\/das-regt-mich-auf-hund-klaut-wurstsemmel\/","og_locale":"de_DE","og_type":"article","og_title":"Das regt mich auf: Hund klaut Wurstsemmel - ZEIT der Leser","og_description":"Ich rege mich nie auf. Au\u00dfer ich habe einen Grund. Letzte Woche zum Beispiel: Gro\u00dfmutterdienst in der Innenstadt. Ich schiebe den Kinderwagen. Drin thront meine Enkelin Lea, die gerade ihre Wurstsemmel verzehren will. Auf einmal springt ein Riesenhund mit scharfen Z\u00e4hnen daher und schnappt, genau zwischen H\u00e4ndchen und offenem M\u00fcndchen des Kindes, die Wurstsemmel weg. [&hellip;]","og_url":"https:\/\/blog.zeit.de\/zeit-der-leser\/2010\/03\/30\/das-regt-mich-auf-hund-klaut-wurstsemmel\/","og_site_name":"ZEIT der Leser","article_published_time":"2010-03-30T12:05:05+00:00","article_modified_time":"2010-03-31T08:30:48+00:00","og_image":[{"url":"https:\/\/blog.zeit.de\/zeit-der-leser\/files\/2010\/03\/photocase4ub5pmep1klein1.jpg"}],"author":"Zeit der Leser","twitter_card":"summary_large_image","twitter_misc":{"Geschrieben von":"Zeit der Leser","Gesch\u00e4tzte Lesezeit":"1\u00a0Minute"},"schema":{"@context":"https:\/\/schema.org","@graph":[{"@type":"WebPage","@id":"https:\/\/blog.zeit.de\/zeit-der-leser\/2010\/03\/30\/das-regt-mich-auf-hund-klaut-wurstsemmel\/","url":"https:\/\/blog.zeit.de\/zeit-der-leser\/2010\/03\/30\/das-regt-mich-auf-hund-klaut-wurstsemmel\/","name":"Das regt mich auf: Hund klaut Wurstsemmel - ZEIT der Leser","isPartOf":{"@id":"https:\/\/blog.zeit.de\/zeit-der-leser\/#website"},"datePublished":"2010-03-30T12:05:05+00:00","dateModified":"2010-03-31T08:30:48+00:00","author":{"@id":"https:\/\/blog.zeit.de\/zeit-der-leser\/#\/schema\/person\/e248c7ff5a10552f6a3bd5e9385b3667"},"breadcrumb":{"@id":"https:\/\/blog.zeit.de\/zeit-der-leser\/2010\/03\/30\/das-regt-mich-auf-hund-klaut-wurstsemmel\/#breadcrumb"},"inLanguage":"de","potentialAction":[{"@type":"ReadAction","target":["https:\/\/blog.zeit.de\/zeit-der-leser\/2010\/03\/30\/das-regt-mich-auf-hund-klaut-wurstsemmel\/"]}]},{"@type":"BreadcrumbList","@id":"https:\/\/blog.zeit.de\/zeit-der-leser\/2010\/03\/30\/das-regt-mich-auf-hund-klaut-wurstsemmel\/#breadcrumb","itemListElement":[{"@type":"ListItem","position":1,"name":"Startseite","item":"https:\/\/blog.zeit.de\/zeit-der-leser\/"},{"@type":"ListItem","position":2,"name":"Das regt mich auf: Hund klaut Wurstsemmel"}]},{"@type":"WebSite","@id":"https:\/\/blog.zeit.de\/zeit-der-leser\/#website","url":"https:\/\/blog.zeit.de\/zeit-der-leser\/","name":"ZEIT der Leser","description":"Ein Blog mit Ihren Notizen, Gedichten und Bildern f\u00fcr die gedruckte ZEIT","potentialAction":[{"@type":"SearchAction","target":{"@type":"EntryPoint","urlTemplate":"https:\/\/blog.zeit.de\/zeit-der-leser\/?s={search_term_string}"},"query-input":"required name=search_term_string"}],"inLanguage":"de"},{"@type":"Person","@id":"https:\/\/blog.zeit.de\/zeit-der-leser\/#\/schema\/person\/e248c7ff5a10552f6a3bd5e9385b3667","name":"Zeit der Leser","image":{"@type":"ImageObject","inLanguage":"de","@id":"https:\/\/blog.zeit.de\/zeit-der-leser\/#\/schema\/person\/image\/","url":"https:\/\/secure.gravatar.com\/avatar\/529bb2731085995bda6c8ba0e4da7e528ea8be4e6c7abdd217f176e2309035f6?s=96&d=mm&r=g","contentUrl":"https:\/\/secure.gravatar.com\/avatar\/529bb2731085995bda6c8ba0e4da7e528ea8be4e6c7abdd217f176e2309035f6?s=96&d=mm&r=g","caption":"Zeit der Leser"},"url":"https:\/\/blog.zeit.de\/zeit-der-leser\/author\/zeit-der-leser\/"}]}},"jetpack_featured_media_url":"","jetpack_sharing_enabled":true,"_links":{"self":[{"href":"https:\/\/blog.zeit.de\/zeit-der-leser\/wp-json\/wp\/v2\/posts\/83","targetHints":{"allow":["GET"]}}],"collection":[{"href":"https:\/\/blog.zeit.de\/zeit-der-leser\/wp-json\/wp\/v2\/posts"}],"about":[{"href":"https:\/\/blog.zeit.de\/zeit-der-leser\/wp-json\/wp\/v2\/types\/post"}],"author":[{"embeddable":true,"href":"https:\/\/blog.zeit.de\/zeit-der-leser\/wp-json\/wp\/v2\/users\/264"}],"replies":[{"embeddable":true,"href":"https:\/\/blog.zeit.de\/zeit-der-leser\/wp-json\/wp\/v2\/comments?post=83"}],"version-history":[{"count":0,"href":"https:\/\/blog.zeit.de\/zeit-der-leser\/wp-json\/wp\/v2\/posts\/83\/revisions"}],"wp:attachment":[{"href":"https:\/\/blog.zeit.de\/zeit-der-leser\/wp-json\/wp\/v2\/media?parent=83"}],"wp:term":[{"taxonomy":"category","embeddable":true,"href":"https:\/\/blog.zeit.de\/zeit-der-leser\/wp-json\/wp\/v2\/categories?post=83"},{"taxonomy":"post_tag","embeddable":true,"href":"https:\/\/blog.zeit.de\/zeit-der-leser\/wp-json\/wp\/v2\/tags?post=83"}],"curies":[{"name":"wp","href":"https:\/\/api.w.org\/{rel}","templated":true}]}}