{"id":8328,"date":"2012-01-17T10:00:39","date_gmt":"2012-01-17T09:00:39","guid":{"rendered":"http:\/\/blog.zeit.de\/zeit-der-leser\/?p=8328"},"modified":"2015-02-24T17:24:45","modified_gmt":"2015-02-24T16:24:45","slug":"mein-wort-schatz-glimpf","status":"publish","type":"post","link":"https:\/\/blog.zeit.de\/zeit-der-leser\/2012\/01\/17\/mein-wort-schatz-glimpf\/","title":{"rendered":"Glimpf: Mein Wort-Schatz"},"content":{"rendered":"<p>Als Liebhaber seltener und seltsamer Trouvaillen m\u00f6chte ich fu\u0308r diese Rubrik den <strong>Glimpf<\/strong> anbieten. Im heutigen Sprachgebrauch taucht nur noch das Verb \u00bbverunglimpfen \u00ab in der Bedeutung \u00bbverunstalten, besudeln, verleumden \u00ab auf. Dass in fr\u00fcheren Tagen aber auch einmal das Substantiv \u00bbGlimpf\u00ab kursierte, wei\u00df nur noch das Lexikon. \u00bbGlimpf\u00ab bedeutete \u00bbNachsicht, R\u00fccksichtnahme, Fug, Billigkeit, Schicklichkeit im Verhalten\u00ab \u2013 lauter Dinge, denen das Odium des Altmodischen anhaftet und die deshalb selbst fast aus dem heutigen Sprachgebrauch verschwunden sind. \u00bbGlimpf\u00ab bedeutete auch \u00bbZufall\u00ab oder \u00bbSchickung\u00ab. Mich fasziniert dieses Wort wegen seines offenbar ger\u00e4uschimitierenden Schalles und seines kuriosen Charakters sehr, und einmal habe ich es fu\u0308r den Offenen Kanal sogar zu einer Figur eines H\u00f6rspiels fu\u0308r Kinder gemacht: \u00bbWer ist dieser Pimpf? Es ist der Glimpf!\u00ab Ein Glimpf ist selbstverst\u00e4ndlich ein gutm\u00fctiger Kerl von zwergenhafter Statur mit knallroter M\u00fctze, der die Dinge wieder ins Lot bringt.<\/p>\n<p><strong>Volker Zobel<\/strong>, Hamburg<\/p>\n","protected":false},"excerpt":{"rendered":"<p>Als Liebhaber seltener und seltsamer Trouvaillen m\u00f6chte ich fu\u0308r diese Rubrik den Glimpf anbieten. Im heutigen Sprachgebrauch taucht nur noch das Verb \u00bbverunglimpfen \u00ab in der Bedeutung \u00bbverunstalten, besudeln, verleumden \u00ab auf. Dass in fr\u00fcheren Tagen aber auch einmal das Substantiv \u00bbGlimpf\u00ab kursierte, wei\u00df nur noch das Lexikon. \u00bbGlimpf\u00ab bedeutete \u00bbNachsicht, R\u00fccksichtnahme, Fug, Billigkeit, Schicklichkeit [&hellip;]<\/p>\n","protected":false},"author":265,"featured_media":0,"comment_status":"open","ping_status":"open","sticky":false,"template":"","format":"standard","meta":{"_jetpack_memberships_contains_paid_content":false,"footnotes":""},"categories":[5687],"tags":[],"class_list":["post-8328","post","type-post","status-publish","format-standard","hentry","category-mein-wort-schatz"],"yoast_head":"<!-- This site is optimized with the Yoast SEO plugin v21.0 - https:\/\/yoast.com\/wordpress\/plugins\/seo\/ -->\n<title>Glimpf: Mein Wort-Schatz - ZEIT der Leser<\/title>\n<meta name=\"robots\" content=\"index, follow, max-snippet:-1, max-image-preview:large, max-video-preview:-1\" \/>\n<link rel=\"canonical\" href=\"https:\/\/blog.zeit.de\/zeit-der-leser\/2012\/01\/17\/mein-wort-schatz-glimpf\/\" \/>\n<meta property=\"og:locale\" content=\"de_DE\" \/>\n<meta property=\"og:type\" content=\"article\" \/>\n<meta property=\"og:title\" content=\"Glimpf: Mein Wort-Schatz - ZEIT der Leser\" \/>\n<meta property=\"og:description\" content=\"Als Liebhaber seltener und seltsamer Trouvaillen m\u00f6chte ich fu\u0308r diese Rubrik den Glimpf anbieten. Im heutigen Sprachgebrauch taucht nur noch das Verb \u00bbverunglimpfen \u00ab in der Bedeutung \u00bbverunstalten, besudeln, verleumden \u00ab auf. Dass in fr\u00fcheren Tagen aber auch einmal das Substantiv \u00bbGlimpf\u00ab kursierte, wei\u00df nur noch das Lexikon. \u00bbGlimpf\u00ab bedeutete \u00bbNachsicht, R\u00fccksichtnahme, Fug, Billigkeit, Schicklichkeit [&hellip;]\" \/>\n<meta property=\"og:url\" content=\"https:\/\/blog.zeit.de\/zeit-der-leser\/2012\/01\/17\/mein-wort-schatz-glimpf\/\" \/>\n<meta property=\"og:site_name\" content=\"ZEIT der Leser\" \/>\n<meta property=\"article:published_time\" content=\"2012-01-17T09:00:39+00:00\" \/>\n<meta property=\"article:modified_time\" content=\"2015-02-24T16:24:45+00:00\" \/>\n<meta name=\"author\" content=\"&quot;Zeit der Leser&quot;-Redaktion\" \/>\n<meta name=\"twitter:card\" content=\"summary_large_image\" \/>\n<meta name=\"twitter:label1\" content=\"Geschrieben von\" \/>\n\t<meta name=\"twitter:data1\" content=\"\"Zeit der Leser\"-Redaktion\" \/>\n\t<meta name=\"twitter:label2\" content=\"Gesch\u00e4tzte Lesezeit\" \/>\n\t<meta name=\"twitter:data2\" content=\"1\u00a0Minute\" \/>\n<script type=\"application\/ld+json\" class=\"yoast-schema-graph\">{\"@context\":\"https:\/\/schema.org\",\"@graph\":[{\"@type\":\"WebPage\",\"@id\":\"https:\/\/blog.zeit.de\/zeit-der-leser\/2012\/01\/17\/mein-wort-schatz-glimpf\/\",\"url\":\"https:\/\/blog.zeit.de\/zeit-der-leser\/2012\/01\/17\/mein-wort-schatz-glimpf\/\",\"name\":\"Glimpf: Mein Wort-Schatz - ZEIT der Leser\",\"isPartOf\":{\"@id\":\"https:\/\/blog.zeit.de\/zeit-der-leser\/#website\"},\"datePublished\":\"2012-01-17T09:00:39+00:00\",\"dateModified\":\"2015-02-24T16:24:45+00:00\",\"author\":{\"@id\":\"https:\/\/blog.zeit.de\/zeit-der-leser\/#\/schema\/person\/583b14e5ad6368c23af846ecbde9f20f\"},\"breadcrumb\":{\"@id\":\"https:\/\/blog.zeit.de\/zeit-der-leser\/2012\/01\/17\/mein-wort-schatz-glimpf\/#breadcrumb\"},\"inLanguage\":\"de\",\"potentialAction\":[{\"@type\":\"ReadAction\",\"target\":[\"https:\/\/blog.zeit.de\/zeit-der-leser\/2012\/01\/17\/mein-wort-schatz-glimpf\/\"]}]},{\"@type\":\"BreadcrumbList\",\"@id\":\"https:\/\/blog.zeit.de\/zeit-der-leser\/2012\/01\/17\/mein-wort-schatz-glimpf\/#breadcrumb\",\"itemListElement\":[{\"@type\":\"ListItem\",\"position\":1,\"name\":\"Startseite\",\"item\":\"https:\/\/blog.zeit.de\/zeit-der-leser\/\"},{\"@type\":\"ListItem\",\"position\":2,\"name\":\"Glimpf: Mein Wort-Schatz\"}]},{\"@type\":\"WebSite\",\"@id\":\"https:\/\/blog.zeit.de\/zeit-der-leser\/#website\",\"url\":\"https:\/\/blog.zeit.de\/zeit-der-leser\/\",\"name\":\"ZEIT der Leser\",\"description\":\"Ein Blog mit Ihren Notizen, Gedichten und Bildern f\u00fcr die gedruckte ZEIT\",\"potentialAction\":[{\"@type\":\"SearchAction\",\"target\":{\"@type\":\"EntryPoint\",\"urlTemplate\":\"https:\/\/blog.zeit.de\/zeit-der-leser\/?s={search_term_string}\"},\"query-input\":\"required name=search_term_string\"}],\"inLanguage\":\"de\"},{\"@type\":\"Person\",\"@id\":\"https:\/\/blog.zeit.de\/zeit-der-leser\/#\/schema\/person\/583b14e5ad6368c23af846ecbde9f20f\",\"name\":\"\\\"Zeit der Leser\\\"-Redaktion\",\"image\":{\"@type\":\"ImageObject\",\"inLanguage\":\"de\",\"@id\":\"https:\/\/blog.zeit.de\/zeit-der-leser\/#\/schema\/person\/image\/\",\"url\":\"https:\/\/secure.gravatar.com\/avatar\/e801a681bd3bbf2345131a815930b48d9f8e0a94de1346b624840dc850f67ad0?s=96&d=mm&r=g\",\"contentUrl\":\"https:\/\/secure.gravatar.com\/avatar\/e801a681bd3bbf2345131a815930b48d9f8e0a94de1346b624840dc850f67ad0?s=96&d=mm&r=g\",\"caption\":\"\\\"Zeit der Leser\\\"-Redaktion\"},\"url\":\"https:\/\/blog.zeit.de\/zeit-der-leser\/author\/zeit-der-leser-redaktion\/\"}]}<\/script>\n<!-- \/ Yoast SEO plugin. -->","yoast_head_json":{"title":"Glimpf: Mein Wort-Schatz - ZEIT der Leser","robots":{"index":"index","follow":"follow","max-snippet":"max-snippet:-1","max-image-preview":"max-image-preview:large","max-video-preview":"max-video-preview:-1"},"canonical":"https:\/\/blog.zeit.de\/zeit-der-leser\/2012\/01\/17\/mein-wort-schatz-glimpf\/","og_locale":"de_DE","og_type":"article","og_title":"Glimpf: Mein Wort-Schatz - ZEIT der Leser","og_description":"Als Liebhaber seltener und seltsamer Trouvaillen m\u00f6chte ich fu\u0308r diese Rubrik den Glimpf anbieten. Im heutigen Sprachgebrauch taucht nur noch das Verb \u00bbverunglimpfen \u00ab in der Bedeutung \u00bbverunstalten, besudeln, verleumden \u00ab auf. Dass in fr\u00fcheren Tagen aber auch einmal das Substantiv \u00bbGlimpf\u00ab kursierte, wei\u00df nur noch das Lexikon. \u00bbGlimpf\u00ab bedeutete \u00bbNachsicht, R\u00fccksichtnahme, Fug, Billigkeit, Schicklichkeit [&hellip;]","og_url":"https:\/\/blog.zeit.de\/zeit-der-leser\/2012\/01\/17\/mein-wort-schatz-glimpf\/","og_site_name":"ZEIT der Leser","article_published_time":"2012-01-17T09:00:39+00:00","article_modified_time":"2015-02-24T16:24:45+00:00","author":"\"Zeit der Leser\"-Redaktion","twitter_card":"summary_large_image","twitter_misc":{"Geschrieben von":"\"Zeit der Leser\"-Redaktion","Gesch\u00e4tzte Lesezeit":"1\u00a0Minute"},"schema":{"@context":"https:\/\/schema.org","@graph":[{"@type":"WebPage","@id":"https:\/\/blog.zeit.de\/zeit-der-leser\/2012\/01\/17\/mein-wort-schatz-glimpf\/","url":"https:\/\/blog.zeit.de\/zeit-der-leser\/2012\/01\/17\/mein-wort-schatz-glimpf\/","name":"Glimpf: Mein Wort-Schatz - ZEIT der Leser","isPartOf":{"@id":"https:\/\/blog.zeit.de\/zeit-der-leser\/#website"},"datePublished":"2012-01-17T09:00:39+00:00","dateModified":"2015-02-24T16:24:45+00:00","author":{"@id":"https:\/\/blog.zeit.de\/zeit-der-leser\/#\/schema\/person\/583b14e5ad6368c23af846ecbde9f20f"},"breadcrumb":{"@id":"https:\/\/blog.zeit.de\/zeit-der-leser\/2012\/01\/17\/mein-wort-schatz-glimpf\/#breadcrumb"},"inLanguage":"de","potentialAction":[{"@type":"ReadAction","target":["https:\/\/blog.zeit.de\/zeit-der-leser\/2012\/01\/17\/mein-wort-schatz-glimpf\/"]}]},{"@type":"BreadcrumbList","@id":"https:\/\/blog.zeit.de\/zeit-der-leser\/2012\/01\/17\/mein-wort-schatz-glimpf\/#breadcrumb","itemListElement":[{"@type":"ListItem","position":1,"name":"Startseite","item":"https:\/\/blog.zeit.de\/zeit-der-leser\/"},{"@type":"ListItem","position":2,"name":"Glimpf: Mein Wort-Schatz"}]},{"@type":"WebSite","@id":"https:\/\/blog.zeit.de\/zeit-der-leser\/#website","url":"https:\/\/blog.zeit.de\/zeit-der-leser\/","name":"ZEIT der Leser","description":"Ein Blog mit Ihren Notizen, Gedichten und Bildern f\u00fcr die gedruckte ZEIT","potentialAction":[{"@type":"SearchAction","target":{"@type":"EntryPoint","urlTemplate":"https:\/\/blog.zeit.de\/zeit-der-leser\/?s={search_term_string}"},"query-input":"required name=search_term_string"}],"inLanguage":"de"},{"@type":"Person","@id":"https:\/\/blog.zeit.de\/zeit-der-leser\/#\/schema\/person\/583b14e5ad6368c23af846ecbde9f20f","name":"\"Zeit der Leser\"-Redaktion","image":{"@type":"ImageObject","inLanguage":"de","@id":"https:\/\/blog.zeit.de\/zeit-der-leser\/#\/schema\/person\/image\/","url":"https:\/\/secure.gravatar.com\/avatar\/e801a681bd3bbf2345131a815930b48d9f8e0a94de1346b624840dc850f67ad0?s=96&d=mm&r=g","contentUrl":"https:\/\/secure.gravatar.com\/avatar\/e801a681bd3bbf2345131a815930b48d9f8e0a94de1346b624840dc850f67ad0?s=96&d=mm&r=g","caption":"\"Zeit der Leser\"-Redaktion"},"url":"https:\/\/blog.zeit.de\/zeit-der-leser\/author\/zeit-der-leser-redaktion\/"}]}},"jetpack_featured_media_url":"","jetpack_sharing_enabled":true,"_links":{"self":[{"href":"https:\/\/blog.zeit.de\/zeit-der-leser\/wp-json\/wp\/v2\/posts\/8328","targetHints":{"allow":["GET"]}}],"collection":[{"href":"https:\/\/blog.zeit.de\/zeit-der-leser\/wp-json\/wp\/v2\/posts"}],"about":[{"href":"https:\/\/blog.zeit.de\/zeit-der-leser\/wp-json\/wp\/v2\/types\/post"}],"author":[{"embeddable":true,"href":"https:\/\/blog.zeit.de\/zeit-der-leser\/wp-json\/wp\/v2\/users\/265"}],"replies":[{"embeddable":true,"href":"https:\/\/blog.zeit.de\/zeit-der-leser\/wp-json\/wp\/v2\/comments?post=8328"}],"version-history":[{"count":4,"href":"https:\/\/blog.zeit.de\/zeit-der-leser\/wp-json\/wp\/v2\/posts\/8328\/revisions"}],"predecessor-version":[{"id":19797,"href":"https:\/\/blog.zeit.de\/zeit-der-leser\/wp-json\/wp\/v2\/posts\/8328\/revisions\/19797"}],"wp:attachment":[{"href":"https:\/\/blog.zeit.de\/zeit-der-leser\/wp-json\/wp\/v2\/media?parent=8328"}],"wp:term":[{"taxonomy":"category","embeddable":true,"href":"https:\/\/blog.zeit.de\/zeit-der-leser\/wp-json\/wp\/v2\/categories?post=8328"},{"taxonomy":"post_tag","embeddable":true,"href":"https:\/\/blog.zeit.de\/zeit-der-leser\/wp-json\/wp\/v2\/tags?post=8328"}],"curies":[{"name":"wp","href":"https:\/\/api.w.org\/{rel}","templated":true}]}}