{"id":8356,"date":"2012-01-14T18:00:56","date_gmt":"2012-01-14T17:00:56","guid":{"rendered":"http:\/\/blog.zeit.de\/zeit-der-leser\/?p=8356"},"modified":"2012-01-13T18:29:06","modified_gmt":"2012-01-13T17:29:06","slug":"abschied-von-einem-pinsel","status":"publish","type":"post","link":"https:\/\/blog.zeit.de\/zeit-der-leser\/2012\/01\/14\/abschied-von-einem-pinsel\/","title":{"rendered":"Abschied von einem Pinsel"},"content":{"rendered":"<p><a href=\"https:\/\/blog.zeit.de\/zeit-der-leser\/files\/2012\/01\/s74-mein-ding.jpg\"><img loading=\"lazy\" decoding=\"async\" src=\"https:\/\/blog.zeit.de\/zeit-der-leser\/files\/2012\/01\/s74-mein-ding.jpg\" alt=\"\" width=\"180\" height=\"308\" class=\"aligncenter size-full wp-image-8357\" srcset=\"https:\/\/blog.zeit.de\/zeit-der-leser\/files\/2012\/01\/s74-mein-ding.jpg 180w, https:\/\/blog.zeit.de\/zeit-der-leser\/files\/2012\/01\/s74-mein-ding-175x300.jpg 175w\" sizes=\"auto, (max-width: 180px) 100vw, 180px\" \/><\/a><br \/>\nNun ist das neue Jahr da. Wie soll ich ihm Halt geben? Soll auch ich den Euro retten? Dies tun viele gro\u00dfe Damen und Herren ohnehin jeden Tag. Manche von ihnen wollen in den n\u00e4chsten Jahren wiedergew\u00e4hlt werden, von mir und von den anderen S\u00f6hnen des Volkes. Des Nachts aber, wenn wir m\u00fcde schlafen, zusammen mit den T\u00f6chtern des Volkes, kopieren oder erschleichen sie sich Titel und Geld. Mein Leben ist kleiner. Meine Freunde jedoch sind vertrauenswert und treu. Und so tut es weh, Abschied zu nehmen. Gestatten Sie mir also eine kleine Nachrede \u2013 auf den Freund und auf die Freundschaft: \u00bb24 Jahre hast du mich begleitet. Und nahezu t\u00e4glich hast du den Tag mit mir begonnen. Hast mich eingeseift viele tausend Mal, bist mir um den Bart gegangen. (Das k\u00f6nnen viele Frauen nicht von sich sagen!) Viele Haare hast du im Lauf der Zeit verloren, so wie ich. Der Lack ist ab, sagen die anderen in meinem Alter. Dir geht es genauso. Durch dich bin ich jeden Tag, wieder gegl\u00e4ttet an Haut und Seele, zu meiner Arbeit gegangen. Du wirst mir fehlen. Damit du aber nicht gar so weit weg bist, werde ich dich begraben. Im Garten, unter dem Hibiskusb\u00e4umchen und neben Maximilian, dem Zebrafinken.\u00ab<\/p>\n<p><em>Norbert M\u00f6llers, Pulheim<\/em><\/p>\n","protected":false},"excerpt":{"rendered":"<p>Nun ist das neue Jahr da. Wie soll ich ihm Halt geben? Soll auch ich den Euro retten? Dies tun viele gro\u00dfe Damen und Herren ohnehin jeden Tag. Manche von ihnen wollen in den n\u00e4chsten Jahren wiedergew\u00e4hlt werden, von mir und von den anderen S\u00f6hnen des Volkes. Des Nachts aber, wenn wir m\u00fcde schlafen, zusammen [&hellip;]<\/p>\n","protected":false},"author":323,"featured_media":0,"comment_status":"open","ping_status":"open","sticky":false,"template":"","format":"standard","meta":{"_jetpack_memberships_contains_paid_content":false,"footnotes":""},"categories":[1],"tags":[],"class_list":["post-8356","post","type-post","status-publish","format-standard","hentry","category-allgemein"],"yoast_head":"<!-- This site is optimized with the Yoast SEO plugin v21.0 - https:\/\/yoast.com\/wordpress\/plugins\/seo\/ -->\n<title>Abschied von einem Pinsel - ZEIT der Leser<\/title>\n<meta name=\"robots\" content=\"index, follow, max-snippet:-1, max-image-preview:large, max-video-preview:-1\" \/>\n<link rel=\"canonical\" href=\"https:\/\/blog.zeit.de\/zeit-der-leser\/2012\/01\/14\/abschied-von-einem-pinsel\/\" \/>\n<meta property=\"og:locale\" content=\"de_DE\" \/>\n<meta property=\"og:type\" content=\"article\" \/>\n<meta property=\"og:title\" content=\"Abschied von einem Pinsel - ZEIT der Leser\" \/>\n<meta property=\"og:description\" content=\"Nun ist das neue Jahr da. Wie soll ich ihm Halt geben? Soll auch ich den Euro retten? Dies tun viele gro\u00dfe Damen und Herren ohnehin jeden Tag. Manche von ihnen wollen in den n\u00e4chsten Jahren wiedergew\u00e4hlt werden, von mir und von den anderen S\u00f6hnen des Volkes. Des Nachts aber, wenn wir m\u00fcde schlafen, zusammen [&hellip;]\" \/>\n<meta property=\"og:url\" content=\"https:\/\/blog.zeit.de\/zeit-der-leser\/2012\/01\/14\/abschied-von-einem-pinsel\/\" \/>\n<meta property=\"og:site_name\" content=\"ZEIT der Leser\" \/>\n<meta property=\"article:published_time\" content=\"2012-01-14T17:00:56+00:00\" \/>\n<meta property=\"article:modified_time\" content=\"2012-01-13T17:29:06+00:00\" \/>\n<meta property=\"og:image\" content=\"https:\/\/blog.zeit.de\/zeit-der-leser\/files\/2012\/01\/s74-mein-ding.jpg\" \/>\n<meta name=\"author\" content=\"Franziska Kelch\" \/>\n<meta name=\"twitter:card\" content=\"summary_large_image\" \/>\n<meta name=\"twitter:label1\" content=\"Geschrieben von\" \/>\n\t<meta name=\"twitter:data1\" content=\"Franziska Kelch\" \/>\n\t<meta name=\"twitter:label2\" content=\"Gesch\u00e4tzte Lesezeit\" \/>\n\t<meta name=\"twitter:data2\" content=\"1\u00a0Minute\" \/>\n<script type=\"application\/ld+json\" class=\"yoast-schema-graph\">{\"@context\":\"https:\/\/schema.org\",\"@graph\":[{\"@type\":\"WebPage\",\"@id\":\"https:\/\/blog.zeit.de\/zeit-der-leser\/2012\/01\/14\/abschied-von-einem-pinsel\/\",\"url\":\"https:\/\/blog.zeit.de\/zeit-der-leser\/2012\/01\/14\/abschied-von-einem-pinsel\/\",\"name\":\"Abschied von einem Pinsel - ZEIT der Leser\",\"isPartOf\":{\"@id\":\"https:\/\/blog.zeit.de\/zeit-der-leser\/#website\"},\"datePublished\":\"2012-01-14T17:00:56+00:00\",\"dateModified\":\"2012-01-13T17:29:06+00:00\",\"author\":{\"@id\":\"https:\/\/blog.zeit.de\/zeit-der-leser\/#\/schema\/person\/eaa3c3ed8f838c4aafcd25e9710fcc68\"},\"breadcrumb\":{\"@id\":\"https:\/\/blog.zeit.de\/zeit-der-leser\/2012\/01\/14\/abschied-von-einem-pinsel\/#breadcrumb\"},\"inLanguage\":\"de\",\"potentialAction\":[{\"@type\":\"ReadAction\",\"target\":[\"https:\/\/blog.zeit.de\/zeit-der-leser\/2012\/01\/14\/abschied-von-einem-pinsel\/\"]}]},{\"@type\":\"BreadcrumbList\",\"@id\":\"https:\/\/blog.zeit.de\/zeit-der-leser\/2012\/01\/14\/abschied-von-einem-pinsel\/#breadcrumb\",\"itemListElement\":[{\"@type\":\"ListItem\",\"position\":1,\"name\":\"Startseite\",\"item\":\"https:\/\/blog.zeit.de\/zeit-der-leser\/\"},{\"@type\":\"ListItem\",\"position\":2,\"name\":\"Abschied von einem Pinsel\"}]},{\"@type\":\"WebSite\",\"@id\":\"https:\/\/blog.zeit.de\/zeit-der-leser\/#website\",\"url\":\"https:\/\/blog.zeit.de\/zeit-der-leser\/\",\"name\":\"ZEIT der Leser\",\"description\":\"Ein Blog mit Ihren Notizen, Gedichten und Bildern f\u00fcr die gedruckte ZEIT\",\"potentialAction\":[{\"@type\":\"SearchAction\",\"target\":{\"@type\":\"EntryPoint\",\"urlTemplate\":\"https:\/\/blog.zeit.de\/zeit-der-leser\/?s={search_term_string}\"},\"query-input\":\"required name=search_term_string\"}],\"inLanguage\":\"de\"},{\"@type\":\"Person\",\"@id\":\"https:\/\/blog.zeit.de\/zeit-der-leser\/#\/schema\/person\/eaa3c3ed8f838c4aafcd25e9710fcc68\",\"name\":\"Franziska Kelch\",\"image\":{\"@type\":\"ImageObject\",\"inLanguage\":\"de\",\"@id\":\"https:\/\/blog.zeit.de\/zeit-der-leser\/#\/schema\/person\/image\/\",\"url\":\"https:\/\/secure.gravatar.com\/avatar\/d7ae2b2bfc4c5c08ed3435dc2ecf53fcb6d4234c0aa486b8b64ce6549a61a378?s=96&d=mm&r=g\",\"contentUrl\":\"https:\/\/secure.gravatar.com\/avatar\/d7ae2b2bfc4c5c08ed3435dc2ecf53fcb6d4234c0aa486b8b64ce6549a61a378?s=96&d=mm&r=g\",\"caption\":\"Franziska Kelch\"},\"url\":\"https:\/\/blog.zeit.de\/zeit-der-leser\/author\/franziska-kelch\/\"}]}<\/script>\n<!-- \/ Yoast SEO plugin. -->","yoast_head_json":{"title":"Abschied von einem Pinsel - ZEIT der Leser","robots":{"index":"index","follow":"follow","max-snippet":"max-snippet:-1","max-image-preview":"max-image-preview:large","max-video-preview":"max-video-preview:-1"},"canonical":"https:\/\/blog.zeit.de\/zeit-der-leser\/2012\/01\/14\/abschied-von-einem-pinsel\/","og_locale":"de_DE","og_type":"article","og_title":"Abschied von einem Pinsel - ZEIT der Leser","og_description":"Nun ist das neue Jahr da. Wie soll ich ihm Halt geben? Soll auch ich den Euro retten? Dies tun viele gro\u00dfe Damen und Herren ohnehin jeden Tag. Manche von ihnen wollen in den n\u00e4chsten Jahren wiedergew\u00e4hlt werden, von mir und von den anderen S\u00f6hnen des Volkes. Des Nachts aber, wenn wir m\u00fcde schlafen, zusammen [&hellip;]","og_url":"https:\/\/blog.zeit.de\/zeit-der-leser\/2012\/01\/14\/abschied-von-einem-pinsel\/","og_site_name":"ZEIT der Leser","article_published_time":"2012-01-14T17:00:56+00:00","article_modified_time":"2012-01-13T17:29:06+00:00","og_image":[{"url":"https:\/\/blog.zeit.de\/zeit-der-leser\/files\/2012\/01\/s74-mein-ding.jpg"}],"author":"Franziska Kelch","twitter_card":"summary_large_image","twitter_misc":{"Geschrieben von":"Franziska Kelch","Gesch\u00e4tzte Lesezeit":"1\u00a0Minute"},"schema":{"@context":"https:\/\/schema.org","@graph":[{"@type":"WebPage","@id":"https:\/\/blog.zeit.de\/zeit-der-leser\/2012\/01\/14\/abschied-von-einem-pinsel\/","url":"https:\/\/blog.zeit.de\/zeit-der-leser\/2012\/01\/14\/abschied-von-einem-pinsel\/","name":"Abschied von einem Pinsel - ZEIT der Leser","isPartOf":{"@id":"https:\/\/blog.zeit.de\/zeit-der-leser\/#website"},"datePublished":"2012-01-14T17:00:56+00:00","dateModified":"2012-01-13T17:29:06+00:00","author":{"@id":"https:\/\/blog.zeit.de\/zeit-der-leser\/#\/schema\/person\/eaa3c3ed8f838c4aafcd25e9710fcc68"},"breadcrumb":{"@id":"https:\/\/blog.zeit.de\/zeit-der-leser\/2012\/01\/14\/abschied-von-einem-pinsel\/#breadcrumb"},"inLanguage":"de","potentialAction":[{"@type":"ReadAction","target":["https:\/\/blog.zeit.de\/zeit-der-leser\/2012\/01\/14\/abschied-von-einem-pinsel\/"]}]},{"@type":"BreadcrumbList","@id":"https:\/\/blog.zeit.de\/zeit-der-leser\/2012\/01\/14\/abschied-von-einem-pinsel\/#breadcrumb","itemListElement":[{"@type":"ListItem","position":1,"name":"Startseite","item":"https:\/\/blog.zeit.de\/zeit-der-leser\/"},{"@type":"ListItem","position":2,"name":"Abschied von einem Pinsel"}]},{"@type":"WebSite","@id":"https:\/\/blog.zeit.de\/zeit-der-leser\/#website","url":"https:\/\/blog.zeit.de\/zeit-der-leser\/","name":"ZEIT der Leser","description":"Ein Blog mit Ihren Notizen, Gedichten und Bildern f\u00fcr die gedruckte ZEIT","potentialAction":[{"@type":"SearchAction","target":{"@type":"EntryPoint","urlTemplate":"https:\/\/blog.zeit.de\/zeit-der-leser\/?s={search_term_string}"},"query-input":"required name=search_term_string"}],"inLanguage":"de"},{"@type":"Person","@id":"https:\/\/blog.zeit.de\/zeit-der-leser\/#\/schema\/person\/eaa3c3ed8f838c4aafcd25e9710fcc68","name":"Franziska Kelch","image":{"@type":"ImageObject","inLanguage":"de","@id":"https:\/\/blog.zeit.de\/zeit-der-leser\/#\/schema\/person\/image\/","url":"https:\/\/secure.gravatar.com\/avatar\/d7ae2b2bfc4c5c08ed3435dc2ecf53fcb6d4234c0aa486b8b64ce6549a61a378?s=96&d=mm&r=g","contentUrl":"https:\/\/secure.gravatar.com\/avatar\/d7ae2b2bfc4c5c08ed3435dc2ecf53fcb6d4234c0aa486b8b64ce6549a61a378?s=96&d=mm&r=g","caption":"Franziska Kelch"},"url":"https:\/\/blog.zeit.de\/zeit-der-leser\/author\/franziska-kelch\/"}]}},"jetpack_featured_media_url":"","jetpack_sharing_enabled":true,"_links":{"self":[{"href":"https:\/\/blog.zeit.de\/zeit-der-leser\/wp-json\/wp\/v2\/posts\/8356","targetHints":{"allow":["GET"]}}],"collection":[{"href":"https:\/\/blog.zeit.de\/zeit-der-leser\/wp-json\/wp\/v2\/posts"}],"about":[{"href":"https:\/\/blog.zeit.de\/zeit-der-leser\/wp-json\/wp\/v2\/types\/post"}],"author":[{"embeddable":true,"href":"https:\/\/blog.zeit.de\/zeit-der-leser\/wp-json\/wp\/v2\/users\/323"}],"replies":[{"embeddable":true,"href":"https:\/\/blog.zeit.de\/zeit-der-leser\/wp-json\/wp\/v2\/comments?post=8356"}],"version-history":[{"count":2,"href":"https:\/\/blog.zeit.de\/zeit-der-leser\/wp-json\/wp\/v2\/posts\/8356\/revisions"}],"predecessor-version":[{"id":8359,"href":"https:\/\/blog.zeit.de\/zeit-der-leser\/wp-json\/wp\/v2\/posts\/8356\/revisions\/8359"}],"wp:attachment":[{"href":"https:\/\/blog.zeit.de\/zeit-der-leser\/wp-json\/wp\/v2\/media?parent=8356"}],"wp:term":[{"taxonomy":"category","embeddable":true,"href":"https:\/\/blog.zeit.de\/zeit-der-leser\/wp-json\/wp\/v2\/categories?post=8356"},{"taxonomy":"post_tag","embeddable":true,"href":"https:\/\/blog.zeit.de\/zeit-der-leser\/wp-json\/wp\/v2\/tags?post=8356"}],"curies":[{"name":"wp","href":"https:\/\/api.w.org\/{rel}","templated":true}]}}