{"id":836,"date":"2010-04-29T18:15:59","date_gmt":"2010-04-29T16:15:59","guid":{"rendered":"http:\/\/blog.zeit.de\/zeit-der-leser\/?p=836"},"modified":"2010-04-30T12:46:18","modified_gmt":"2010-04-30T10:46:18","slug":"hamburger-frieden","status":"publish","type":"post","link":"https:\/\/blog.zeit.de\/zeit-der-leser\/2010\/04\/29\/hamburger-frieden\/","title":{"rendered":"Hamburger Frieden"},"content":{"rendered":"<p>Sport im Kl\u00f6vensteen. Wenn ich an der Pony-Waldsch\u00e4nke in den Feldweg 90 einbiege und dann zwischen Wald und Wiese gen Hamburg-S\u00fclldorf laufe, stellt sich ein Gef\u00fchl von gro\u00dfem Frieden ein. Die Stadt mit ihren Ger\u00e4uschen weit weg. Nur V\u00f6gel, manchmal K\u00fche, immer Pferde. Wenn mir dann noch eine Herzensdame entgegenl\u00e4uft, wir gemeinsam weiterlaufen, ist das Gl\u00fcck perfekt.<\/p>\n<p><em>Michael Krause, Hamburg<\/em><\/p>\n","protected":false},"excerpt":{"rendered":"<p>Sport im Kl\u00f6vensteen. Wenn ich an der Pony-Waldsch\u00e4nke in den Feldweg 90 einbiege und dann zwischen Wald und Wiese gen Hamburg-S\u00fclldorf laufe, stellt sich ein Gef\u00fchl von gro\u00dfem Frieden ein. Die Stadt mit ihren Ger\u00e4uschen weit weg. Nur V\u00f6gel, manchmal K\u00fche, immer Pferde. Wenn mir dann noch eine Herzensdame entgegenl\u00e4uft, wir gemeinsam weiterlaufen, ist das [&hellip;]<\/p>\n","protected":false},"author":264,"featured_media":0,"comment_status":"open","ping_status":"open","sticky":false,"template":"","format":"standard","meta":{"_jetpack_memberships_contains_paid_content":false,"footnotes":""},"categories":[1871],"tags":[],"class_list":["post-836","post","type-post","status-publish","format-standard","hentry","category-was-mein-leben-reicher-macht"],"yoast_head":"<!-- This site is optimized with the Yoast SEO plugin v21.0 - https:\/\/yoast.com\/wordpress\/plugins\/seo\/ -->\n<title>Hamburger Frieden - ZEIT der Leser<\/title>\n<meta name=\"robots\" content=\"index, follow, max-snippet:-1, max-image-preview:large, max-video-preview:-1\" \/>\n<link rel=\"canonical\" href=\"https:\/\/blog.zeit.de\/zeit-der-leser\/2010\/04\/29\/hamburger-frieden\/\" \/>\n<meta property=\"og:locale\" content=\"de_DE\" \/>\n<meta property=\"og:type\" content=\"article\" \/>\n<meta property=\"og:title\" content=\"Hamburger Frieden - ZEIT der Leser\" \/>\n<meta property=\"og:description\" content=\"Sport im Kl\u00f6vensteen. Wenn ich an der Pony-Waldsch\u00e4nke in den Feldweg 90 einbiege und dann zwischen Wald und Wiese gen Hamburg-S\u00fclldorf laufe, stellt sich ein Gef\u00fchl von gro\u00dfem Frieden ein. Die Stadt mit ihren Ger\u00e4uschen weit weg. Nur V\u00f6gel, manchmal K\u00fche, immer Pferde. Wenn mir dann noch eine Herzensdame entgegenl\u00e4uft, wir gemeinsam weiterlaufen, ist das [&hellip;]\" \/>\n<meta property=\"og:url\" content=\"https:\/\/blog.zeit.de\/zeit-der-leser\/2010\/04\/29\/hamburger-frieden\/\" \/>\n<meta property=\"og:site_name\" content=\"ZEIT der Leser\" \/>\n<meta property=\"article:published_time\" content=\"2010-04-29T16:15:59+00:00\" \/>\n<meta property=\"article:modified_time\" content=\"2010-04-30T10:46:18+00:00\" \/>\n<meta name=\"author\" content=\"Zeit der Leser\" \/>\n<meta name=\"twitter:card\" content=\"summary_large_image\" \/>\n<meta name=\"twitter:label1\" content=\"Geschrieben von\" \/>\n\t<meta name=\"twitter:data1\" content=\"Zeit der Leser\" \/>\n<script type=\"application\/ld+json\" class=\"yoast-schema-graph\">{\"@context\":\"https:\/\/schema.org\",\"@graph\":[{\"@type\":\"WebPage\",\"@id\":\"https:\/\/blog.zeit.de\/zeit-der-leser\/2010\/04\/29\/hamburger-frieden\/\",\"url\":\"https:\/\/blog.zeit.de\/zeit-der-leser\/2010\/04\/29\/hamburger-frieden\/\",\"name\":\"Hamburger Frieden - ZEIT der Leser\",\"isPartOf\":{\"@id\":\"https:\/\/blog.zeit.de\/zeit-der-leser\/#website\"},\"datePublished\":\"2010-04-29T16:15:59+00:00\",\"dateModified\":\"2010-04-30T10:46:18+00:00\",\"author\":{\"@id\":\"https:\/\/blog.zeit.de\/zeit-der-leser\/#\/schema\/person\/e248c7ff5a10552f6a3bd5e9385b3667\"},\"breadcrumb\":{\"@id\":\"https:\/\/blog.zeit.de\/zeit-der-leser\/2010\/04\/29\/hamburger-frieden\/#breadcrumb\"},\"inLanguage\":\"de\",\"potentialAction\":[{\"@type\":\"ReadAction\",\"target\":[\"https:\/\/blog.zeit.de\/zeit-der-leser\/2010\/04\/29\/hamburger-frieden\/\"]}]},{\"@type\":\"BreadcrumbList\",\"@id\":\"https:\/\/blog.zeit.de\/zeit-der-leser\/2010\/04\/29\/hamburger-frieden\/#breadcrumb\",\"itemListElement\":[{\"@type\":\"ListItem\",\"position\":1,\"name\":\"Startseite\",\"item\":\"https:\/\/blog.zeit.de\/zeit-der-leser\/\"},{\"@type\":\"ListItem\",\"position\":2,\"name\":\"Hamburger Frieden\"}]},{\"@type\":\"WebSite\",\"@id\":\"https:\/\/blog.zeit.de\/zeit-der-leser\/#website\",\"url\":\"https:\/\/blog.zeit.de\/zeit-der-leser\/\",\"name\":\"ZEIT der Leser\",\"description\":\"Ein Blog mit Ihren Notizen, Gedichten und Bildern f\u00fcr die gedruckte ZEIT\",\"potentialAction\":[{\"@type\":\"SearchAction\",\"target\":{\"@type\":\"EntryPoint\",\"urlTemplate\":\"https:\/\/blog.zeit.de\/zeit-der-leser\/?s={search_term_string}\"},\"query-input\":\"required name=search_term_string\"}],\"inLanguage\":\"de\"},{\"@type\":\"Person\",\"@id\":\"https:\/\/blog.zeit.de\/zeit-der-leser\/#\/schema\/person\/e248c7ff5a10552f6a3bd5e9385b3667\",\"name\":\"Zeit der Leser\",\"image\":{\"@type\":\"ImageObject\",\"inLanguage\":\"de\",\"@id\":\"https:\/\/blog.zeit.de\/zeit-der-leser\/#\/schema\/person\/image\/\",\"url\":\"https:\/\/secure.gravatar.com\/avatar\/529bb2731085995bda6c8ba0e4da7e528ea8be4e6c7abdd217f176e2309035f6?s=96&d=mm&r=g\",\"contentUrl\":\"https:\/\/secure.gravatar.com\/avatar\/529bb2731085995bda6c8ba0e4da7e528ea8be4e6c7abdd217f176e2309035f6?s=96&d=mm&r=g\",\"caption\":\"Zeit der Leser\"},\"url\":\"https:\/\/blog.zeit.de\/zeit-der-leser\/author\/zeit-der-leser\/\"}]}<\/script>\n<!-- \/ Yoast SEO plugin. -->","yoast_head_json":{"title":"Hamburger Frieden - ZEIT der Leser","robots":{"index":"index","follow":"follow","max-snippet":"max-snippet:-1","max-image-preview":"max-image-preview:large","max-video-preview":"max-video-preview:-1"},"canonical":"https:\/\/blog.zeit.de\/zeit-der-leser\/2010\/04\/29\/hamburger-frieden\/","og_locale":"de_DE","og_type":"article","og_title":"Hamburger Frieden - ZEIT der Leser","og_description":"Sport im Kl\u00f6vensteen. Wenn ich an der Pony-Waldsch\u00e4nke in den Feldweg 90 einbiege und dann zwischen Wald und Wiese gen Hamburg-S\u00fclldorf laufe, stellt sich ein Gef\u00fchl von gro\u00dfem Frieden ein. Die Stadt mit ihren Ger\u00e4uschen weit weg. Nur V\u00f6gel, manchmal K\u00fche, immer Pferde. Wenn mir dann noch eine Herzensdame entgegenl\u00e4uft, wir gemeinsam weiterlaufen, ist das [&hellip;]","og_url":"https:\/\/blog.zeit.de\/zeit-der-leser\/2010\/04\/29\/hamburger-frieden\/","og_site_name":"ZEIT der Leser","article_published_time":"2010-04-29T16:15:59+00:00","article_modified_time":"2010-04-30T10:46:18+00:00","author":"Zeit der Leser","twitter_card":"summary_large_image","twitter_misc":{"Geschrieben von":"Zeit der Leser"},"schema":{"@context":"https:\/\/schema.org","@graph":[{"@type":"WebPage","@id":"https:\/\/blog.zeit.de\/zeit-der-leser\/2010\/04\/29\/hamburger-frieden\/","url":"https:\/\/blog.zeit.de\/zeit-der-leser\/2010\/04\/29\/hamburger-frieden\/","name":"Hamburger Frieden - ZEIT der Leser","isPartOf":{"@id":"https:\/\/blog.zeit.de\/zeit-der-leser\/#website"},"datePublished":"2010-04-29T16:15:59+00:00","dateModified":"2010-04-30T10:46:18+00:00","author":{"@id":"https:\/\/blog.zeit.de\/zeit-der-leser\/#\/schema\/person\/e248c7ff5a10552f6a3bd5e9385b3667"},"breadcrumb":{"@id":"https:\/\/blog.zeit.de\/zeit-der-leser\/2010\/04\/29\/hamburger-frieden\/#breadcrumb"},"inLanguage":"de","potentialAction":[{"@type":"ReadAction","target":["https:\/\/blog.zeit.de\/zeit-der-leser\/2010\/04\/29\/hamburger-frieden\/"]}]},{"@type":"BreadcrumbList","@id":"https:\/\/blog.zeit.de\/zeit-der-leser\/2010\/04\/29\/hamburger-frieden\/#breadcrumb","itemListElement":[{"@type":"ListItem","position":1,"name":"Startseite","item":"https:\/\/blog.zeit.de\/zeit-der-leser\/"},{"@type":"ListItem","position":2,"name":"Hamburger Frieden"}]},{"@type":"WebSite","@id":"https:\/\/blog.zeit.de\/zeit-der-leser\/#website","url":"https:\/\/blog.zeit.de\/zeit-der-leser\/","name":"ZEIT der Leser","description":"Ein Blog mit Ihren Notizen, Gedichten und Bildern f\u00fcr die gedruckte ZEIT","potentialAction":[{"@type":"SearchAction","target":{"@type":"EntryPoint","urlTemplate":"https:\/\/blog.zeit.de\/zeit-der-leser\/?s={search_term_string}"},"query-input":"required name=search_term_string"}],"inLanguage":"de"},{"@type":"Person","@id":"https:\/\/blog.zeit.de\/zeit-der-leser\/#\/schema\/person\/e248c7ff5a10552f6a3bd5e9385b3667","name":"Zeit der Leser","image":{"@type":"ImageObject","inLanguage":"de","@id":"https:\/\/blog.zeit.de\/zeit-der-leser\/#\/schema\/person\/image\/","url":"https:\/\/secure.gravatar.com\/avatar\/529bb2731085995bda6c8ba0e4da7e528ea8be4e6c7abdd217f176e2309035f6?s=96&d=mm&r=g","contentUrl":"https:\/\/secure.gravatar.com\/avatar\/529bb2731085995bda6c8ba0e4da7e528ea8be4e6c7abdd217f176e2309035f6?s=96&d=mm&r=g","caption":"Zeit der Leser"},"url":"https:\/\/blog.zeit.de\/zeit-der-leser\/author\/zeit-der-leser\/"}]}},"jetpack_featured_media_url":"","jetpack_sharing_enabled":true,"_links":{"self":[{"href":"https:\/\/blog.zeit.de\/zeit-der-leser\/wp-json\/wp\/v2\/posts\/836","targetHints":{"allow":["GET"]}}],"collection":[{"href":"https:\/\/blog.zeit.de\/zeit-der-leser\/wp-json\/wp\/v2\/posts"}],"about":[{"href":"https:\/\/blog.zeit.de\/zeit-der-leser\/wp-json\/wp\/v2\/types\/post"}],"author":[{"embeddable":true,"href":"https:\/\/blog.zeit.de\/zeit-der-leser\/wp-json\/wp\/v2\/users\/264"}],"replies":[{"embeddable":true,"href":"https:\/\/blog.zeit.de\/zeit-der-leser\/wp-json\/wp\/v2\/comments?post=836"}],"version-history":[{"count":0,"href":"https:\/\/blog.zeit.de\/zeit-der-leser\/wp-json\/wp\/v2\/posts\/836\/revisions"}],"wp:attachment":[{"href":"https:\/\/blog.zeit.de\/zeit-der-leser\/wp-json\/wp\/v2\/media?parent=836"}],"wp:term":[{"taxonomy":"category","embeddable":true,"href":"https:\/\/blog.zeit.de\/zeit-der-leser\/wp-json\/wp\/v2\/categories?post=836"},{"taxonomy":"post_tag","embeddable":true,"href":"https:\/\/blog.zeit.de\/zeit-der-leser\/wp-json\/wp\/v2\/tags?post=836"}],"curies":[{"name":"wp","href":"https:\/\/api.w.org\/{rel}","templated":true}]}}