{"id":8394,"date":"2012-01-21T10:00:48","date_gmt":"2012-01-21T09:00:48","guid":{"rendered":"http:\/\/blog.zeit.de\/zeit-der-leser\/?p=8394"},"modified":"2012-01-18T13:41:11","modified_gmt":"2012-01-18T12:41:11","slug":"vorahnung","status":"publish","type":"post","link":"https:\/\/blog.zeit.de\/zeit-der-leser\/2012\/01\/21\/vorahnung\/","title":{"rendered":"Vorahnung"},"content":{"rendered":"<p>Es ist April 2110. Die Europ\u00e4ische Presseagentur EPA meldet: \u00bbHeute hat der Erste B\u00fcrgermeister der Freien und Hansestadt Hamburg die allererste musikalische Darbietung im vorerst noch provisorischen Konzertsaal der Elbphilharmonie mit den Worten eingeleitet: \u203aGut Ding will Weile haben. Oder: Wunder dauern etwas l\u00e4nger, wie es deutsche Sprichw\u00f6rter so sch\u00f6n auf den Punkt bringen.\u2039 Auf dem Programm stand ein Rock- und Hosenkonzert, das Udo Lindenberg rechtzeitig zur geplanten Er\u00f6ffnung im Jahre 2011 geschrieben hatte. Er w\u00e4re sicherlich gern bei dieser doppelten Premiere dabei gewesen! Da an der Elbphilharmonie nur noch wenige Restarbeiten zu erledigen sind, geht man jetzt davon aus, dass die erste regul\u00e4re Konzertsaison mit Beethovens Neunter (\u00bbFreude, sch\u00f6ner G\u00f6tterfunken!\u00ab) bereits am 1. April des Jahres 2114 beginnen kann.\u00ab<\/p>\n<p><em>Hans-Ulrich Nitschke, Salzgitter<\/em><\/p>\n","protected":false},"excerpt":{"rendered":"<p>Es ist April 2110. Die Europ\u00e4ische Presseagentur EPA meldet: \u00bbHeute hat der Erste B\u00fcrgermeister der Freien und Hansestadt Hamburg die allererste musikalische Darbietung im vorerst noch provisorischen Konzertsaal der Elbphilharmonie mit den Worten eingeleitet: \u203aGut Ding will Weile haben. Oder: Wunder dauern etwas l\u00e4nger, wie es deutsche Sprichw\u00f6rter so sch\u00f6n auf den Punkt bringen.\u2039 Auf [&hellip;]<\/p>\n","protected":false},"author":323,"featured_media":0,"comment_status":"open","ping_status":"open","sticky":false,"template":"","format":"standard","meta":{"_jetpack_memberships_contains_paid_content":false,"footnotes":""},"categories":[1],"tags":[],"class_list":["post-8394","post","type-post","status-publish","format-standard","hentry","category-allgemein"],"yoast_head":"<!-- This site is optimized with the Yoast SEO plugin v21.0 - https:\/\/yoast.com\/wordpress\/plugins\/seo\/ -->\n<title>Vorahnung - ZEIT der Leser<\/title>\n<meta name=\"robots\" content=\"index, follow, max-snippet:-1, max-image-preview:large, max-video-preview:-1\" \/>\n<link rel=\"canonical\" href=\"https:\/\/blog.zeit.de\/zeit-der-leser\/2012\/01\/21\/vorahnung\/\" \/>\n<meta property=\"og:locale\" content=\"de_DE\" \/>\n<meta property=\"og:type\" content=\"article\" \/>\n<meta property=\"og:title\" content=\"Vorahnung - ZEIT der Leser\" \/>\n<meta property=\"og:description\" content=\"Es ist April 2110. Die Europ\u00e4ische Presseagentur EPA meldet: \u00bbHeute hat der Erste B\u00fcrgermeister der Freien und Hansestadt Hamburg die allererste musikalische Darbietung im vorerst noch provisorischen Konzertsaal der Elbphilharmonie mit den Worten eingeleitet: \u203aGut Ding will Weile haben. Oder: Wunder dauern etwas l\u00e4nger, wie es deutsche Sprichw\u00f6rter so sch\u00f6n auf den Punkt bringen.\u2039 Auf [&hellip;]\" \/>\n<meta property=\"og:url\" content=\"https:\/\/blog.zeit.de\/zeit-der-leser\/2012\/01\/21\/vorahnung\/\" \/>\n<meta property=\"og:site_name\" content=\"ZEIT der Leser\" \/>\n<meta property=\"article:published_time\" content=\"2012-01-21T09:00:48+00:00\" \/>\n<meta property=\"article:modified_time\" content=\"2012-01-18T12:41:11+00:00\" \/>\n<meta name=\"author\" content=\"Franziska Kelch\" \/>\n<meta name=\"twitter:card\" content=\"summary_large_image\" \/>\n<meta name=\"twitter:label1\" content=\"Geschrieben von\" \/>\n\t<meta name=\"twitter:data1\" content=\"Franziska Kelch\" \/>\n\t<meta name=\"twitter:label2\" content=\"Gesch\u00e4tzte Lesezeit\" \/>\n\t<meta name=\"twitter:data2\" content=\"1\u00a0Minute\" \/>\n<script type=\"application\/ld+json\" class=\"yoast-schema-graph\">{\"@context\":\"https:\/\/schema.org\",\"@graph\":[{\"@type\":\"WebPage\",\"@id\":\"https:\/\/blog.zeit.de\/zeit-der-leser\/2012\/01\/21\/vorahnung\/\",\"url\":\"https:\/\/blog.zeit.de\/zeit-der-leser\/2012\/01\/21\/vorahnung\/\",\"name\":\"Vorahnung - ZEIT der Leser\",\"isPartOf\":{\"@id\":\"https:\/\/blog.zeit.de\/zeit-der-leser\/#website\"},\"datePublished\":\"2012-01-21T09:00:48+00:00\",\"dateModified\":\"2012-01-18T12:41:11+00:00\",\"author\":{\"@id\":\"https:\/\/blog.zeit.de\/zeit-der-leser\/#\/schema\/person\/eaa3c3ed8f838c4aafcd25e9710fcc68\"},\"breadcrumb\":{\"@id\":\"https:\/\/blog.zeit.de\/zeit-der-leser\/2012\/01\/21\/vorahnung\/#breadcrumb\"},\"inLanguage\":\"de\",\"potentialAction\":[{\"@type\":\"ReadAction\",\"target\":[\"https:\/\/blog.zeit.de\/zeit-der-leser\/2012\/01\/21\/vorahnung\/\"]}]},{\"@type\":\"BreadcrumbList\",\"@id\":\"https:\/\/blog.zeit.de\/zeit-der-leser\/2012\/01\/21\/vorahnung\/#breadcrumb\",\"itemListElement\":[{\"@type\":\"ListItem\",\"position\":1,\"name\":\"Startseite\",\"item\":\"https:\/\/blog.zeit.de\/zeit-der-leser\/\"},{\"@type\":\"ListItem\",\"position\":2,\"name\":\"Vorahnung\"}]},{\"@type\":\"WebSite\",\"@id\":\"https:\/\/blog.zeit.de\/zeit-der-leser\/#website\",\"url\":\"https:\/\/blog.zeit.de\/zeit-der-leser\/\",\"name\":\"ZEIT der Leser\",\"description\":\"Ein Blog mit Ihren Notizen, Gedichten und Bildern f\u00fcr die gedruckte ZEIT\",\"potentialAction\":[{\"@type\":\"SearchAction\",\"target\":{\"@type\":\"EntryPoint\",\"urlTemplate\":\"https:\/\/blog.zeit.de\/zeit-der-leser\/?s={search_term_string}\"},\"query-input\":\"required name=search_term_string\"}],\"inLanguage\":\"de\"},{\"@type\":\"Person\",\"@id\":\"https:\/\/blog.zeit.de\/zeit-der-leser\/#\/schema\/person\/eaa3c3ed8f838c4aafcd25e9710fcc68\",\"name\":\"Franziska Kelch\",\"image\":{\"@type\":\"ImageObject\",\"inLanguage\":\"de\",\"@id\":\"https:\/\/blog.zeit.de\/zeit-der-leser\/#\/schema\/person\/image\/\",\"url\":\"https:\/\/secure.gravatar.com\/avatar\/d7ae2b2bfc4c5c08ed3435dc2ecf53fcb6d4234c0aa486b8b64ce6549a61a378?s=96&d=mm&r=g\",\"contentUrl\":\"https:\/\/secure.gravatar.com\/avatar\/d7ae2b2bfc4c5c08ed3435dc2ecf53fcb6d4234c0aa486b8b64ce6549a61a378?s=96&d=mm&r=g\",\"caption\":\"Franziska Kelch\"},\"url\":\"https:\/\/blog.zeit.de\/zeit-der-leser\/author\/franziska-kelch\/\"}]}<\/script>\n<!-- \/ Yoast SEO plugin. -->","yoast_head_json":{"title":"Vorahnung - ZEIT der Leser","robots":{"index":"index","follow":"follow","max-snippet":"max-snippet:-1","max-image-preview":"max-image-preview:large","max-video-preview":"max-video-preview:-1"},"canonical":"https:\/\/blog.zeit.de\/zeit-der-leser\/2012\/01\/21\/vorahnung\/","og_locale":"de_DE","og_type":"article","og_title":"Vorahnung - ZEIT der Leser","og_description":"Es ist April 2110. Die Europ\u00e4ische Presseagentur EPA meldet: \u00bbHeute hat der Erste B\u00fcrgermeister der Freien und Hansestadt Hamburg die allererste musikalische Darbietung im vorerst noch provisorischen Konzertsaal der Elbphilharmonie mit den Worten eingeleitet: \u203aGut Ding will Weile haben. Oder: Wunder dauern etwas l\u00e4nger, wie es deutsche Sprichw\u00f6rter so sch\u00f6n auf den Punkt bringen.\u2039 Auf [&hellip;]","og_url":"https:\/\/blog.zeit.de\/zeit-der-leser\/2012\/01\/21\/vorahnung\/","og_site_name":"ZEIT der Leser","article_published_time":"2012-01-21T09:00:48+00:00","article_modified_time":"2012-01-18T12:41:11+00:00","author":"Franziska Kelch","twitter_card":"summary_large_image","twitter_misc":{"Geschrieben von":"Franziska Kelch","Gesch\u00e4tzte Lesezeit":"1\u00a0Minute"},"schema":{"@context":"https:\/\/schema.org","@graph":[{"@type":"WebPage","@id":"https:\/\/blog.zeit.de\/zeit-der-leser\/2012\/01\/21\/vorahnung\/","url":"https:\/\/blog.zeit.de\/zeit-der-leser\/2012\/01\/21\/vorahnung\/","name":"Vorahnung - ZEIT der Leser","isPartOf":{"@id":"https:\/\/blog.zeit.de\/zeit-der-leser\/#website"},"datePublished":"2012-01-21T09:00:48+00:00","dateModified":"2012-01-18T12:41:11+00:00","author":{"@id":"https:\/\/blog.zeit.de\/zeit-der-leser\/#\/schema\/person\/eaa3c3ed8f838c4aafcd25e9710fcc68"},"breadcrumb":{"@id":"https:\/\/blog.zeit.de\/zeit-der-leser\/2012\/01\/21\/vorahnung\/#breadcrumb"},"inLanguage":"de","potentialAction":[{"@type":"ReadAction","target":["https:\/\/blog.zeit.de\/zeit-der-leser\/2012\/01\/21\/vorahnung\/"]}]},{"@type":"BreadcrumbList","@id":"https:\/\/blog.zeit.de\/zeit-der-leser\/2012\/01\/21\/vorahnung\/#breadcrumb","itemListElement":[{"@type":"ListItem","position":1,"name":"Startseite","item":"https:\/\/blog.zeit.de\/zeit-der-leser\/"},{"@type":"ListItem","position":2,"name":"Vorahnung"}]},{"@type":"WebSite","@id":"https:\/\/blog.zeit.de\/zeit-der-leser\/#website","url":"https:\/\/blog.zeit.de\/zeit-der-leser\/","name":"ZEIT der Leser","description":"Ein Blog mit Ihren Notizen, Gedichten und Bildern f\u00fcr die gedruckte ZEIT","potentialAction":[{"@type":"SearchAction","target":{"@type":"EntryPoint","urlTemplate":"https:\/\/blog.zeit.de\/zeit-der-leser\/?s={search_term_string}"},"query-input":"required name=search_term_string"}],"inLanguage":"de"},{"@type":"Person","@id":"https:\/\/blog.zeit.de\/zeit-der-leser\/#\/schema\/person\/eaa3c3ed8f838c4aafcd25e9710fcc68","name":"Franziska Kelch","image":{"@type":"ImageObject","inLanguage":"de","@id":"https:\/\/blog.zeit.de\/zeit-der-leser\/#\/schema\/person\/image\/","url":"https:\/\/secure.gravatar.com\/avatar\/d7ae2b2bfc4c5c08ed3435dc2ecf53fcb6d4234c0aa486b8b64ce6549a61a378?s=96&d=mm&r=g","contentUrl":"https:\/\/secure.gravatar.com\/avatar\/d7ae2b2bfc4c5c08ed3435dc2ecf53fcb6d4234c0aa486b8b64ce6549a61a378?s=96&d=mm&r=g","caption":"Franziska Kelch"},"url":"https:\/\/blog.zeit.de\/zeit-der-leser\/author\/franziska-kelch\/"}]}},"jetpack_featured_media_url":"","jetpack_sharing_enabled":true,"_links":{"self":[{"href":"https:\/\/blog.zeit.de\/zeit-der-leser\/wp-json\/wp\/v2\/posts\/8394","targetHints":{"allow":["GET"]}}],"collection":[{"href":"https:\/\/blog.zeit.de\/zeit-der-leser\/wp-json\/wp\/v2\/posts"}],"about":[{"href":"https:\/\/blog.zeit.de\/zeit-der-leser\/wp-json\/wp\/v2\/types\/post"}],"author":[{"embeddable":true,"href":"https:\/\/blog.zeit.de\/zeit-der-leser\/wp-json\/wp\/v2\/users\/323"}],"replies":[{"embeddable":true,"href":"https:\/\/blog.zeit.de\/zeit-der-leser\/wp-json\/wp\/v2\/comments?post=8394"}],"version-history":[{"count":2,"href":"https:\/\/blog.zeit.de\/zeit-der-leser\/wp-json\/wp\/v2\/posts\/8394\/revisions"}],"predecessor-version":[{"id":8396,"href":"https:\/\/blog.zeit.de\/zeit-der-leser\/wp-json\/wp\/v2\/posts\/8394\/revisions\/8396"}],"wp:attachment":[{"href":"https:\/\/blog.zeit.de\/zeit-der-leser\/wp-json\/wp\/v2\/media?parent=8394"}],"wp:term":[{"taxonomy":"category","embeddable":true,"href":"https:\/\/blog.zeit.de\/zeit-der-leser\/wp-json\/wp\/v2\/categories?post=8394"},{"taxonomy":"post_tag","embeddable":true,"href":"https:\/\/blog.zeit.de\/zeit-der-leser\/wp-json\/wp\/v2\/tags?post=8394"}],"curies":[{"name":"wp","href":"https:\/\/api.w.org\/{rel}","templated":true}]}}