{"id":841,"date":"2010-04-28T13:10:29","date_gmt":"2010-04-28T11:10:29","guid":{"rendered":"http:\/\/blog.zeit.de\/zeit-der-leser\/?p=841"},"modified":"2010-04-28T13:10:29","modified_gmt":"2010-04-28T11:10:29","slug":"weltkulturdoner","status":"publish","type":"post","link":"https:\/\/blog.zeit.de\/zeit-der-leser\/2010\/04\/28\/weltkulturdoner\/","title":{"rendered":"Weltkulturd\u00f6ner?"},"content":{"rendered":"<p><figure id=\"attachment_850\" aria-describedby=\"caption-attachment-850\" style=\"width: 540px\" class=\"wp-caption alignleft\"><a href=\"https:\/\/blog.zeit.de\/zeit-der-leser\/files\/2010\/04\/t\u00fcrckische-cammer.jpg\"><img loading=\"lazy\" decoding=\"async\" src=\"https:\/\/blog.zeit.de\/zeit-der-leser\/files\/2010\/04\/t\u00fcrckische-cammer.jpg\" alt=\"\" title=\"Die T\u00fcrckische Cammer im Dresdener Residenzschloss\" width=\"540\" height=\"354\" class=\"size-full wp-image-850\" srcset=\"https:\/\/blog.zeit.de\/zeit-der-leser\/files\/2010\/04\/t\u00fcrckische-cammer.jpg 540w, https:\/\/blog.zeit.de\/zeit-der-leser\/files\/2010\/04\/t\u00fcrckische-cammer-300x196.jpg 300w\" sizes=\"auto, (max-width: 540px) 100vw, 540px\" \/><\/a><figcaption id=\"caption-attachment-850\" class=\"wp-caption-text\">\u00a9 Ralf Hirschberger\/dpa<\/figcaption><\/figure><\/p>\n<p>Im vergangenen Jahr verlor Dresden wegen der Waldschl\u00f6sschenbru\u0308cke den Titel als Weltkulturerbe. Jetzt startete Martin Roth, der Chef der Staatlichen Kunstsammlungen, zum Gegenangriff: Mit der Er\u00f6ffnung der &#8222;T\u00fcrckischen Cammer&#8220; im Dresdner Schloss stellt er ein anderes Weltkulturerbe in die Stadt. Und damit es jeder versteht, lie\u00df Roth viereinhalb Millionen D\u00f6nert\u00fcten mit dem Slogan &#8222;Weltk\u00fclt\u00fcr&#8220; bedrucken. Was ich allerdings bedauere: Der Ministerpr\u00e4sident oder die Oberb\u00fcrgermeisterin holen sich keinen D\u00f6ner. Also wird sich nichts \u00e4ndern.<\/p>\n<p><em>Dietrich Buschbeck, Dresden<\/em><\/p>\n","protected":false},"excerpt":{"rendered":"<p>Im vergangenen Jahr verlor Dresden wegen der Waldschl\u00f6sschenbru\u0308cke den Titel als Weltkulturerbe. Jetzt startete Martin Roth, der Chef der Staatlichen Kunstsammlungen, zum Gegenangriff: Mit der Er\u00f6ffnung der &#8222;T\u00fcrckischen Cammer&#8220; im Dresdner Schloss stellt er ein anderes Weltkulturerbe in die Stadt. Und damit es jeder versteht, lie\u00df Roth viereinhalb Millionen D\u00f6nert\u00fcten mit dem Slogan &#8222;Weltk\u00fclt\u00fcr&#8220; bedrucken. [&hellip;]<\/p>\n","protected":false},"author":264,"featured_media":0,"comment_status":"open","ping_status":"open","sticky":false,"template":"","format":"standard","meta":{"_jetpack_memberships_contains_paid_content":false,"footnotes":""},"categories":[1871],"tags":[],"class_list":["post-841","post","type-post","status-publish","format-standard","hentry","category-was-mein-leben-reicher-macht"],"yoast_head":"<!-- This site is optimized with the Yoast SEO plugin v21.0 - https:\/\/yoast.com\/wordpress\/plugins\/seo\/ -->\n<title>Weltkulturd\u00f6ner? - ZEIT der Leser<\/title>\n<meta name=\"robots\" content=\"index, follow, max-snippet:-1, max-image-preview:large, max-video-preview:-1\" \/>\n<link rel=\"canonical\" href=\"https:\/\/blog.zeit.de\/zeit-der-leser\/2010\/04\/28\/weltkulturdoner\/\" \/>\n<meta property=\"og:locale\" content=\"de_DE\" \/>\n<meta property=\"og:type\" content=\"article\" \/>\n<meta property=\"og:title\" content=\"Weltkulturd\u00f6ner? - ZEIT der Leser\" \/>\n<meta property=\"og:description\" content=\"Im vergangenen Jahr verlor Dresden wegen der Waldschl\u00f6sschenbru\u0308cke den Titel als Weltkulturerbe. Jetzt startete Martin Roth, der Chef der Staatlichen Kunstsammlungen, zum Gegenangriff: Mit der Er\u00f6ffnung der &#8222;T\u00fcrckischen Cammer&#8220; im Dresdner Schloss stellt er ein anderes Weltkulturerbe in die Stadt. Und damit es jeder versteht, lie\u00df Roth viereinhalb Millionen D\u00f6nert\u00fcten mit dem Slogan &#8222;Weltk\u00fclt\u00fcr&#8220; bedrucken. [&hellip;]\" \/>\n<meta property=\"og:url\" content=\"https:\/\/blog.zeit.de\/zeit-der-leser\/2010\/04\/28\/weltkulturdoner\/\" \/>\n<meta property=\"og:site_name\" content=\"ZEIT der Leser\" \/>\n<meta property=\"article:published_time\" content=\"2010-04-28T11:10:29+00:00\" \/>\n<meta name=\"author\" content=\"Zeit der Leser\" \/>\n<meta name=\"twitter:card\" content=\"summary_large_image\" \/>\n<meta name=\"twitter:label1\" content=\"Geschrieben von\" \/>\n\t<meta name=\"twitter:data1\" content=\"Zeit der Leser\" \/>\n<script type=\"application\/ld+json\" class=\"yoast-schema-graph\">{\"@context\":\"https:\/\/schema.org\",\"@graph\":[{\"@type\":\"WebPage\",\"@id\":\"https:\/\/blog.zeit.de\/zeit-der-leser\/2010\/04\/28\/weltkulturdoner\/\",\"url\":\"https:\/\/blog.zeit.de\/zeit-der-leser\/2010\/04\/28\/weltkulturdoner\/\",\"name\":\"Weltkulturd\u00f6ner? - ZEIT der Leser\",\"isPartOf\":{\"@id\":\"https:\/\/blog.zeit.de\/zeit-der-leser\/#website\"},\"datePublished\":\"2010-04-28T11:10:29+00:00\",\"dateModified\":\"2010-04-28T11:10:29+00:00\",\"author\":{\"@id\":\"https:\/\/blog.zeit.de\/zeit-der-leser\/#\/schema\/person\/e248c7ff5a10552f6a3bd5e9385b3667\"},\"breadcrumb\":{\"@id\":\"https:\/\/blog.zeit.de\/zeit-der-leser\/2010\/04\/28\/weltkulturdoner\/#breadcrumb\"},\"inLanguage\":\"de\",\"potentialAction\":[{\"@type\":\"ReadAction\",\"target\":[\"https:\/\/blog.zeit.de\/zeit-der-leser\/2010\/04\/28\/weltkulturdoner\/\"]}]},{\"@type\":\"BreadcrumbList\",\"@id\":\"https:\/\/blog.zeit.de\/zeit-der-leser\/2010\/04\/28\/weltkulturdoner\/#breadcrumb\",\"itemListElement\":[{\"@type\":\"ListItem\",\"position\":1,\"name\":\"Startseite\",\"item\":\"https:\/\/blog.zeit.de\/zeit-der-leser\/\"},{\"@type\":\"ListItem\",\"position\":2,\"name\":\"Weltkulturd\u00f6ner?\"}]},{\"@type\":\"WebSite\",\"@id\":\"https:\/\/blog.zeit.de\/zeit-der-leser\/#website\",\"url\":\"https:\/\/blog.zeit.de\/zeit-der-leser\/\",\"name\":\"ZEIT der Leser\",\"description\":\"Ein Blog mit Ihren Notizen, Gedichten und Bildern f\u00fcr die gedruckte ZEIT\",\"potentialAction\":[{\"@type\":\"SearchAction\",\"target\":{\"@type\":\"EntryPoint\",\"urlTemplate\":\"https:\/\/blog.zeit.de\/zeit-der-leser\/?s={search_term_string}\"},\"query-input\":\"required name=search_term_string\"}],\"inLanguage\":\"de\"},{\"@type\":\"Person\",\"@id\":\"https:\/\/blog.zeit.de\/zeit-der-leser\/#\/schema\/person\/e248c7ff5a10552f6a3bd5e9385b3667\",\"name\":\"Zeit der Leser\",\"image\":{\"@type\":\"ImageObject\",\"inLanguage\":\"de\",\"@id\":\"https:\/\/blog.zeit.de\/zeit-der-leser\/#\/schema\/person\/image\/\",\"url\":\"https:\/\/secure.gravatar.com\/avatar\/529bb2731085995bda6c8ba0e4da7e528ea8be4e6c7abdd217f176e2309035f6?s=96&d=mm&r=g\",\"contentUrl\":\"https:\/\/secure.gravatar.com\/avatar\/529bb2731085995bda6c8ba0e4da7e528ea8be4e6c7abdd217f176e2309035f6?s=96&d=mm&r=g\",\"caption\":\"Zeit der Leser\"},\"url\":\"https:\/\/blog.zeit.de\/zeit-der-leser\/author\/zeit-der-leser\/\"}]}<\/script>\n<!-- \/ Yoast SEO plugin. -->","yoast_head_json":{"title":"Weltkulturd\u00f6ner? - ZEIT der Leser","robots":{"index":"index","follow":"follow","max-snippet":"max-snippet:-1","max-image-preview":"max-image-preview:large","max-video-preview":"max-video-preview:-1"},"canonical":"https:\/\/blog.zeit.de\/zeit-der-leser\/2010\/04\/28\/weltkulturdoner\/","og_locale":"de_DE","og_type":"article","og_title":"Weltkulturd\u00f6ner? - ZEIT der Leser","og_description":"Im vergangenen Jahr verlor Dresden wegen der Waldschl\u00f6sschenbru\u0308cke den Titel als Weltkulturerbe. Jetzt startete Martin Roth, der Chef der Staatlichen Kunstsammlungen, zum Gegenangriff: Mit der Er\u00f6ffnung der &#8222;T\u00fcrckischen Cammer&#8220; im Dresdner Schloss stellt er ein anderes Weltkulturerbe in die Stadt. Und damit es jeder versteht, lie\u00df Roth viereinhalb Millionen D\u00f6nert\u00fcten mit dem Slogan &#8222;Weltk\u00fclt\u00fcr&#8220; bedrucken. [&hellip;]","og_url":"https:\/\/blog.zeit.de\/zeit-der-leser\/2010\/04\/28\/weltkulturdoner\/","og_site_name":"ZEIT der Leser","article_published_time":"2010-04-28T11:10:29+00:00","author":"Zeit der Leser","twitter_card":"summary_large_image","twitter_misc":{"Geschrieben von":"Zeit der Leser"},"schema":{"@context":"https:\/\/schema.org","@graph":[{"@type":"WebPage","@id":"https:\/\/blog.zeit.de\/zeit-der-leser\/2010\/04\/28\/weltkulturdoner\/","url":"https:\/\/blog.zeit.de\/zeit-der-leser\/2010\/04\/28\/weltkulturdoner\/","name":"Weltkulturd\u00f6ner? - ZEIT der Leser","isPartOf":{"@id":"https:\/\/blog.zeit.de\/zeit-der-leser\/#website"},"datePublished":"2010-04-28T11:10:29+00:00","dateModified":"2010-04-28T11:10:29+00:00","author":{"@id":"https:\/\/blog.zeit.de\/zeit-der-leser\/#\/schema\/person\/e248c7ff5a10552f6a3bd5e9385b3667"},"breadcrumb":{"@id":"https:\/\/blog.zeit.de\/zeit-der-leser\/2010\/04\/28\/weltkulturdoner\/#breadcrumb"},"inLanguage":"de","potentialAction":[{"@type":"ReadAction","target":["https:\/\/blog.zeit.de\/zeit-der-leser\/2010\/04\/28\/weltkulturdoner\/"]}]},{"@type":"BreadcrumbList","@id":"https:\/\/blog.zeit.de\/zeit-der-leser\/2010\/04\/28\/weltkulturdoner\/#breadcrumb","itemListElement":[{"@type":"ListItem","position":1,"name":"Startseite","item":"https:\/\/blog.zeit.de\/zeit-der-leser\/"},{"@type":"ListItem","position":2,"name":"Weltkulturd\u00f6ner?"}]},{"@type":"WebSite","@id":"https:\/\/blog.zeit.de\/zeit-der-leser\/#website","url":"https:\/\/blog.zeit.de\/zeit-der-leser\/","name":"ZEIT der Leser","description":"Ein Blog mit Ihren Notizen, Gedichten und Bildern f\u00fcr die gedruckte ZEIT","potentialAction":[{"@type":"SearchAction","target":{"@type":"EntryPoint","urlTemplate":"https:\/\/blog.zeit.de\/zeit-der-leser\/?s={search_term_string}"},"query-input":"required name=search_term_string"}],"inLanguage":"de"},{"@type":"Person","@id":"https:\/\/blog.zeit.de\/zeit-der-leser\/#\/schema\/person\/e248c7ff5a10552f6a3bd5e9385b3667","name":"Zeit der Leser","image":{"@type":"ImageObject","inLanguage":"de","@id":"https:\/\/blog.zeit.de\/zeit-der-leser\/#\/schema\/person\/image\/","url":"https:\/\/secure.gravatar.com\/avatar\/529bb2731085995bda6c8ba0e4da7e528ea8be4e6c7abdd217f176e2309035f6?s=96&d=mm&r=g","contentUrl":"https:\/\/secure.gravatar.com\/avatar\/529bb2731085995bda6c8ba0e4da7e528ea8be4e6c7abdd217f176e2309035f6?s=96&d=mm&r=g","caption":"Zeit der Leser"},"url":"https:\/\/blog.zeit.de\/zeit-der-leser\/author\/zeit-der-leser\/"}]}},"jetpack_featured_media_url":"","jetpack_sharing_enabled":true,"_links":{"self":[{"href":"https:\/\/blog.zeit.de\/zeit-der-leser\/wp-json\/wp\/v2\/posts\/841","targetHints":{"allow":["GET"]}}],"collection":[{"href":"https:\/\/blog.zeit.de\/zeit-der-leser\/wp-json\/wp\/v2\/posts"}],"about":[{"href":"https:\/\/blog.zeit.de\/zeit-der-leser\/wp-json\/wp\/v2\/types\/post"}],"author":[{"embeddable":true,"href":"https:\/\/blog.zeit.de\/zeit-der-leser\/wp-json\/wp\/v2\/users\/264"}],"replies":[{"embeddable":true,"href":"https:\/\/blog.zeit.de\/zeit-der-leser\/wp-json\/wp\/v2\/comments?post=841"}],"version-history":[{"count":0,"href":"https:\/\/blog.zeit.de\/zeit-der-leser\/wp-json\/wp\/v2\/posts\/841\/revisions"}],"wp:attachment":[{"href":"https:\/\/blog.zeit.de\/zeit-der-leser\/wp-json\/wp\/v2\/media?parent=841"}],"wp:term":[{"taxonomy":"category","embeddable":true,"href":"https:\/\/blog.zeit.de\/zeit-der-leser\/wp-json\/wp\/v2\/categories?post=841"},{"taxonomy":"post_tag","embeddable":true,"href":"https:\/\/blog.zeit.de\/zeit-der-leser\/wp-json\/wp\/v2\/tags?post=841"}],"curies":[{"name":"wp","href":"https:\/\/api.w.org\/{rel}","templated":true}]}}