{"id":8430,"date":"2012-01-25T10:00:52","date_gmt":"2012-01-25T09:00:52","guid":{"rendered":"http:\/\/blog.zeit.de\/zeit-der-leser\/?p=8430"},"modified":"2012-01-18T13:59:00","modified_gmt":"2012-01-18T12:59:00","slug":"zeitsprung-43","status":"publish","type":"post","link":"https:\/\/blog.zeit.de\/zeit-der-leser\/2012\/01\/25\/zeitsprung-43\/","title":{"rendered":"Zeitsprung"},"content":{"rendered":"<p><figure id=\"attachment_8431\" aria-describedby=\"caption-attachment-8431\" style=\"width: 180px\" class=\"wp-caption aligncenter\"><a href=\"https:\/\/blog.zeit.de\/zeit-der-leser\/files\/2012\/01\/zeitsprung-1.jpg\"><img loading=\"lazy\" decoding=\"async\" class=\"size-full wp-image-8431\" src=\"https:\/\/blog.zeit.de\/zeit-der-leser\/files\/2012\/01\/zeitsprung-1.jpg\" alt=\"\" width=\"180\" height=\"223\" \/><\/a><figcaption id=\"caption-attachment-8431\" class=\"wp-caption-text\">1950<\/figcaption><\/figure><\/p>\n<p><figure id=\"attachment_8432\" aria-describedby=\"caption-attachment-8432\" style=\"width: 180px\" class=\"wp-caption aligncenter\"><a href=\"https:\/\/blog.zeit.de\/zeit-der-leser\/files\/2012\/01\/zeitsprung-2.jpg\"><img loading=\"lazy\" decoding=\"async\" class=\"size-full wp-image-8432\" src=\"https:\/\/blog.zeit.de\/zeit-der-leser\/files\/2012\/01\/zeitsprung-2.jpg\" alt=\"\" width=\"180\" height=\"223\" \/><\/a><figcaption id=\"caption-attachment-8432\" class=\"wp-caption-text\">2009<\/figcaption><\/figure><\/p>\n<p>1950 lebte ich als Erstkl\u00e4sslerin mit meinen Eltern in Berlin. Ein gro\u00dfes Ereignis in diesem Jahr war unser Familienurlaub in Oberhof, Th\u00fcringen. Als wir fast 60 Jahre sp\u00e4ter auf einer Fahrt nach Berlin u\u0308berraschend eine neue Route w\u00e4hlten und das Ortsschild \u00bbOberhof\u00ab auftauchte, stand mir sofort wieder das Bild vor Augen, wie ich damals auf einem Bronze-Hirsch in der Ortsmitte reiten durfte. Wir fuhren nach Oberhof hinein und fanden das Denkmal unver\u00e4ndert vor. Ich wagte es nicht mehr, mich auf den R\u00fccken des Tieres zu setzen, aber die Erinnerung an gl\u00fcckliche Kinderferien vor fast sechzig Jahren war sehr sch\u00f6n!<\/p>\n<p><em>Sabine Enders, T\u00fcbingen<\/em><\/p>\n","protected":false},"excerpt":{"rendered":"<p>1950 lebte ich als Erstkl\u00e4sslerin mit meinen Eltern in Berlin. Ein gro\u00dfes Ereignis in diesem Jahr war unser Familienurlaub in Oberhof, Th\u00fcringen. Als wir fast 60 Jahre sp\u00e4ter auf einer Fahrt nach Berlin u\u0308berraschend eine neue Route w\u00e4hlten und das Ortsschild \u00bbOberhof\u00ab auftauchte, stand mir sofort wieder das Bild vor Augen, wie ich damals auf [&hellip;]<\/p>\n","protected":false},"author":265,"featured_media":0,"comment_status":"open","ping_status":"open","sticky":false,"template":"","format":"standard","meta":{"_jetpack_memberships_contains_paid_content":false,"footnotes":""},"categories":[1878],"tags":[],"class_list":["post-8430","post","type-post","status-publish","format-standard","hentry","category-zeitsprung"],"yoast_head":"<!-- This site is optimized with the Yoast SEO plugin v21.0 - https:\/\/yoast.com\/wordpress\/plugins\/seo\/ -->\n<title>Zeitsprung - ZEIT der Leser<\/title>\n<meta name=\"robots\" content=\"index, follow, max-snippet:-1, max-image-preview:large, max-video-preview:-1\" \/>\n<link rel=\"canonical\" href=\"https:\/\/blog.zeit.de\/zeit-der-leser\/2012\/01\/25\/zeitsprung-43\/\" \/>\n<meta property=\"og:locale\" content=\"de_DE\" \/>\n<meta property=\"og:type\" content=\"article\" \/>\n<meta property=\"og:title\" content=\"Zeitsprung - ZEIT der Leser\" \/>\n<meta property=\"og:description\" content=\"1950 lebte ich als Erstkl\u00e4sslerin mit meinen Eltern in Berlin. Ein gro\u00dfes Ereignis in diesem Jahr war unser Familienurlaub in Oberhof, Th\u00fcringen. Als wir fast 60 Jahre sp\u00e4ter auf einer Fahrt nach Berlin u\u0308berraschend eine neue Route w\u00e4hlten und das Ortsschild \u00bbOberhof\u00ab auftauchte, stand mir sofort wieder das Bild vor Augen, wie ich damals auf [&hellip;]\" \/>\n<meta property=\"og:url\" content=\"https:\/\/blog.zeit.de\/zeit-der-leser\/2012\/01\/25\/zeitsprung-43\/\" \/>\n<meta property=\"og:site_name\" content=\"ZEIT der Leser\" \/>\n<meta property=\"article:published_time\" content=\"2012-01-25T09:00:52+00:00\" \/>\n<meta property=\"article:modified_time\" content=\"2012-01-18T12:59:00+00:00\" \/>\n<meta property=\"og:image\" content=\"https:\/\/blog.zeit.de\/zeit-der-leser\/files\/2012\/01\/zeitsprung-1.jpg\" \/>\n<meta name=\"author\" content=\"&quot;Zeit der Leser&quot;-Redaktion\" \/>\n<meta name=\"twitter:card\" content=\"summary_large_image\" \/>\n<meta name=\"twitter:label1\" content=\"Geschrieben von\" \/>\n\t<meta name=\"twitter:data1\" content=\"\"Zeit der Leser\"-Redaktion\" \/>\n\t<meta name=\"twitter:label2\" content=\"Gesch\u00e4tzte Lesezeit\" \/>\n\t<meta name=\"twitter:data2\" content=\"1\u00a0Minute\" \/>\n<script type=\"application\/ld+json\" class=\"yoast-schema-graph\">{\"@context\":\"https:\/\/schema.org\",\"@graph\":[{\"@type\":\"WebPage\",\"@id\":\"https:\/\/blog.zeit.de\/zeit-der-leser\/2012\/01\/25\/zeitsprung-43\/\",\"url\":\"https:\/\/blog.zeit.de\/zeit-der-leser\/2012\/01\/25\/zeitsprung-43\/\",\"name\":\"Zeitsprung - ZEIT der Leser\",\"isPartOf\":{\"@id\":\"https:\/\/blog.zeit.de\/zeit-der-leser\/#website\"},\"datePublished\":\"2012-01-25T09:00:52+00:00\",\"dateModified\":\"2012-01-18T12:59:00+00:00\",\"author\":{\"@id\":\"https:\/\/blog.zeit.de\/zeit-der-leser\/#\/schema\/person\/583b14e5ad6368c23af846ecbde9f20f\"},\"breadcrumb\":{\"@id\":\"https:\/\/blog.zeit.de\/zeit-der-leser\/2012\/01\/25\/zeitsprung-43\/#breadcrumb\"},\"inLanguage\":\"de\",\"potentialAction\":[{\"@type\":\"ReadAction\",\"target\":[\"https:\/\/blog.zeit.de\/zeit-der-leser\/2012\/01\/25\/zeitsprung-43\/\"]}]},{\"@type\":\"BreadcrumbList\",\"@id\":\"https:\/\/blog.zeit.de\/zeit-der-leser\/2012\/01\/25\/zeitsprung-43\/#breadcrumb\",\"itemListElement\":[{\"@type\":\"ListItem\",\"position\":1,\"name\":\"Startseite\",\"item\":\"https:\/\/blog.zeit.de\/zeit-der-leser\/\"},{\"@type\":\"ListItem\",\"position\":2,\"name\":\"Zeitsprung\"}]},{\"@type\":\"WebSite\",\"@id\":\"https:\/\/blog.zeit.de\/zeit-der-leser\/#website\",\"url\":\"https:\/\/blog.zeit.de\/zeit-der-leser\/\",\"name\":\"ZEIT der Leser\",\"description\":\"Ein Blog mit Ihren Notizen, Gedichten und Bildern f\u00fcr die gedruckte ZEIT\",\"potentialAction\":[{\"@type\":\"SearchAction\",\"target\":{\"@type\":\"EntryPoint\",\"urlTemplate\":\"https:\/\/blog.zeit.de\/zeit-der-leser\/?s={search_term_string}\"},\"query-input\":\"required name=search_term_string\"}],\"inLanguage\":\"de\"},{\"@type\":\"Person\",\"@id\":\"https:\/\/blog.zeit.de\/zeit-der-leser\/#\/schema\/person\/583b14e5ad6368c23af846ecbde9f20f\",\"name\":\"\\\"Zeit der Leser\\\"-Redaktion\",\"image\":{\"@type\":\"ImageObject\",\"inLanguage\":\"de\",\"@id\":\"https:\/\/blog.zeit.de\/zeit-der-leser\/#\/schema\/person\/image\/\",\"url\":\"https:\/\/secure.gravatar.com\/avatar\/e801a681bd3bbf2345131a815930b48d9f8e0a94de1346b624840dc850f67ad0?s=96&d=mm&r=g\",\"contentUrl\":\"https:\/\/secure.gravatar.com\/avatar\/e801a681bd3bbf2345131a815930b48d9f8e0a94de1346b624840dc850f67ad0?s=96&d=mm&r=g\",\"caption\":\"\\\"Zeit der Leser\\\"-Redaktion\"},\"url\":\"https:\/\/blog.zeit.de\/zeit-der-leser\/author\/zeit-der-leser-redaktion\/\"}]}<\/script>\n<!-- \/ Yoast SEO plugin. -->","yoast_head_json":{"title":"Zeitsprung - ZEIT der Leser","robots":{"index":"index","follow":"follow","max-snippet":"max-snippet:-1","max-image-preview":"max-image-preview:large","max-video-preview":"max-video-preview:-1"},"canonical":"https:\/\/blog.zeit.de\/zeit-der-leser\/2012\/01\/25\/zeitsprung-43\/","og_locale":"de_DE","og_type":"article","og_title":"Zeitsprung - ZEIT der Leser","og_description":"1950 lebte ich als Erstkl\u00e4sslerin mit meinen Eltern in Berlin. Ein gro\u00dfes Ereignis in diesem Jahr war unser Familienurlaub in Oberhof, Th\u00fcringen. Als wir fast 60 Jahre sp\u00e4ter auf einer Fahrt nach Berlin u\u0308berraschend eine neue Route w\u00e4hlten und das Ortsschild \u00bbOberhof\u00ab auftauchte, stand mir sofort wieder das Bild vor Augen, wie ich damals auf [&hellip;]","og_url":"https:\/\/blog.zeit.de\/zeit-der-leser\/2012\/01\/25\/zeitsprung-43\/","og_site_name":"ZEIT der Leser","article_published_time":"2012-01-25T09:00:52+00:00","article_modified_time":"2012-01-18T12:59:00+00:00","og_image":[{"url":"https:\/\/blog.zeit.de\/zeit-der-leser\/files\/2012\/01\/zeitsprung-1.jpg"}],"author":"\"Zeit der Leser\"-Redaktion","twitter_card":"summary_large_image","twitter_misc":{"Geschrieben von":"\"Zeit der Leser\"-Redaktion","Gesch\u00e4tzte Lesezeit":"1\u00a0Minute"},"schema":{"@context":"https:\/\/schema.org","@graph":[{"@type":"WebPage","@id":"https:\/\/blog.zeit.de\/zeit-der-leser\/2012\/01\/25\/zeitsprung-43\/","url":"https:\/\/blog.zeit.de\/zeit-der-leser\/2012\/01\/25\/zeitsprung-43\/","name":"Zeitsprung - ZEIT der Leser","isPartOf":{"@id":"https:\/\/blog.zeit.de\/zeit-der-leser\/#website"},"datePublished":"2012-01-25T09:00:52+00:00","dateModified":"2012-01-18T12:59:00+00:00","author":{"@id":"https:\/\/blog.zeit.de\/zeit-der-leser\/#\/schema\/person\/583b14e5ad6368c23af846ecbde9f20f"},"breadcrumb":{"@id":"https:\/\/blog.zeit.de\/zeit-der-leser\/2012\/01\/25\/zeitsprung-43\/#breadcrumb"},"inLanguage":"de","potentialAction":[{"@type":"ReadAction","target":["https:\/\/blog.zeit.de\/zeit-der-leser\/2012\/01\/25\/zeitsprung-43\/"]}]},{"@type":"BreadcrumbList","@id":"https:\/\/blog.zeit.de\/zeit-der-leser\/2012\/01\/25\/zeitsprung-43\/#breadcrumb","itemListElement":[{"@type":"ListItem","position":1,"name":"Startseite","item":"https:\/\/blog.zeit.de\/zeit-der-leser\/"},{"@type":"ListItem","position":2,"name":"Zeitsprung"}]},{"@type":"WebSite","@id":"https:\/\/blog.zeit.de\/zeit-der-leser\/#website","url":"https:\/\/blog.zeit.de\/zeit-der-leser\/","name":"ZEIT der Leser","description":"Ein Blog mit Ihren Notizen, Gedichten und Bildern f\u00fcr die gedruckte ZEIT","potentialAction":[{"@type":"SearchAction","target":{"@type":"EntryPoint","urlTemplate":"https:\/\/blog.zeit.de\/zeit-der-leser\/?s={search_term_string}"},"query-input":"required name=search_term_string"}],"inLanguage":"de"},{"@type":"Person","@id":"https:\/\/blog.zeit.de\/zeit-der-leser\/#\/schema\/person\/583b14e5ad6368c23af846ecbde9f20f","name":"\"Zeit der Leser\"-Redaktion","image":{"@type":"ImageObject","inLanguage":"de","@id":"https:\/\/blog.zeit.de\/zeit-der-leser\/#\/schema\/person\/image\/","url":"https:\/\/secure.gravatar.com\/avatar\/e801a681bd3bbf2345131a815930b48d9f8e0a94de1346b624840dc850f67ad0?s=96&d=mm&r=g","contentUrl":"https:\/\/secure.gravatar.com\/avatar\/e801a681bd3bbf2345131a815930b48d9f8e0a94de1346b624840dc850f67ad0?s=96&d=mm&r=g","caption":"\"Zeit der Leser\"-Redaktion"},"url":"https:\/\/blog.zeit.de\/zeit-der-leser\/author\/zeit-der-leser-redaktion\/"}]}},"jetpack_featured_media_url":"","jetpack_sharing_enabled":true,"_links":{"self":[{"href":"https:\/\/blog.zeit.de\/zeit-der-leser\/wp-json\/wp\/v2\/posts\/8430","targetHints":{"allow":["GET"]}}],"collection":[{"href":"https:\/\/blog.zeit.de\/zeit-der-leser\/wp-json\/wp\/v2\/posts"}],"about":[{"href":"https:\/\/blog.zeit.de\/zeit-der-leser\/wp-json\/wp\/v2\/types\/post"}],"author":[{"embeddable":true,"href":"https:\/\/blog.zeit.de\/zeit-der-leser\/wp-json\/wp\/v2\/users\/265"}],"replies":[{"embeddable":true,"href":"https:\/\/blog.zeit.de\/zeit-der-leser\/wp-json\/wp\/v2\/comments?post=8430"}],"version-history":[{"count":3,"href":"https:\/\/blog.zeit.de\/zeit-der-leser\/wp-json\/wp\/v2\/posts\/8430\/revisions"}],"predecessor-version":[{"id":8435,"href":"https:\/\/blog.zeit.de\/zeit-der-leser\/wp-json\/wp\/v2\/posts\/8430\/revisions\/8435"}],"wp:attachment":[{"href":"https:\/\/blog.zeit.de\/zeit-der-leser\/wp-json\/wp\/v2\/media?parent=8430"}],"wp:term":[{"taxonomy":"category","embeddable":true,"href":"https:\/\/blog.zeit.de\/zeit-der-leser\/wp-json\/wp\/v2\/categories?post=8430"},{"taxonomy":"post_tag","embeddable":true,"href":"https:\/\/blog.zeit.de\/zeit-der-leser\/wp-json\/wp\/v2\/tags?post=8430"}],"curies":[{"name":"wp","href":"https:\/\/api.w.org\/{rel}","templated":true}]}}