{"id":8448,"date":"2012-01-28T10:00:11","date_gmt":"2012-01-28T09:00:11","guid":{"rendered":"http:\/\/blog.zeit.de\/zeit-der-leser\/?p=8448"},"modified":"2012-01-26T13:39:47","modified_gmt":"2012-01-26T12:39:47","slug":"mein-ding","status":"publish","type":"post","link":"https:\/\/blog.zeit.de\/zeit-der-leser\/2012\/01\/28\/mein-ding\/","title":{"rendered":"Mein Ding"},"content":{"rendered":"<p><a href=\"https:\/\/blog.zeit.de\/zeit-der-leser\/files\/2012\/01\/mein-ding.jpg\"><img loading=\"lazy\" decoding=\"async\" class=\"aligncenter size-full wp-image-8449\" src=\"https:\/\/blog.zeit.de\/zeit-der-leser\/files\/2012\/01\/mein-ding.jpg\" alt=\"\" width=\"369\" height=\"405\" srcset=\"https:\/\/blog.zeit.de\/zeit-der-leser\/files\/2012\/01\/mein-ding.jpg 369w, https:\/\/blog.zeit.de\/zeit-der-leser\/files\/2012\/01\/mein-ding-273x300.jpg 273w\" sizes=\"auto, (max-width: 369px) 100vw, 369px\" \/><\/a><br \/>\nDer alte Stuhl ist mein Lieblingsgegenstand. Er wurde Anfang der sechziger Jahre in der Fabrik ausgemustert, in der mein Vater arbeitete. Der Stuhl sei \u00bbvon oben\u00ab, erkl\u00e4rte er uns. \u00bbOben\u00ab, das waren die B\u00fcros der Angestellten. In meiner Erinnerung war die Hierarchie zwischen B\u00fcroarbeitern und den M\u00e4nnern in der Fabrikhalle noch eklatant. Dieses M\u00f6bel begleitet mich seither durch alle Stationen meines Lebens und passt sich der jeweiligen Einrichtung wunderbar an. Allerdings h\u00e4lt es gerade noch das Gewicht meines Katers aus &#8230;<\/p>\n<p><em>Elisabeth Weber-Strobel, Heidenheim<\/em><\/p>\n","protected":false},"excerpt":{"rendered":"<p>Der alte Stuhl ist mein Lieblingsgegenstand. Er wurde Anfang der sechziger Jahre in der Fabrik ausgemustert, in der mein Vater arbeitete. Der Stuhl sei \u00bbvon oben\u00ab, erkl\u00e4rte er uns. \u00bbOben\u00ab, das waren die B\u00fcros der Angestellten. In meiner Erinnerung war die Hierarchie zwischen B\u00fcroarbeitern und den M\u00e4nnern in der Fabrikhalle noch eklatant. Dieses M\u00f6bel begleitet [&hellip;]<\/p>\n","protected":false},"author":265,"featured_media":0,"comment_status":"open","ping_status":"open","sticky":false,"template":"","format":"standard","meta":{"_jetpack_memberships_contains_paid_content":false,"footnotes":""},"categories":[5689],"tags":[],"class_list":["post-8448","post","type-post","status-publish","format-standard","hentry","category-mein-ding"],"yoast_head":"<!-- This site is optimized with the Yoast SEO plugin v21.0 - https:\/\/yoast.com\/wordpress\/plugins\/seo\/ -->\n<title>Mein Ding - ZEIT der Leser<\/title>\n<meta name=\"robots\" content=\"index, follow, max-snippet:-1, max-image-preview:large, max-video-preview:-1\" \/>\n<link rel=\"canonical\" href=\"https:\/\/blog.zeit.de\/zeit-der-leser\/2012\/01\/28\/mein-ding\/\" \/>\n<meta property=\"og:locale\" content=\"de_DE\" \/>\n<meta property=\"og:type\" content=\"article\" \/>\n<meta property=\"og:title\" content=\"Mein Ding - ZEIT der Leser\" \/>\n<meta property=\"og:description\" content=\"Der alte Stuhl ist mein Lieblingsgegenstand. Er wurde Anfang der sechziger Jahre in der Fabrik ausgemustert, in der mein Vater arbeitete. Der Stuhl sei \u00bbvon oben\u00ab, erkl\u00e4rte er uns. \u00bbOben\u00ab, das waren die B\u00fcros der Angestellten. In meiner Erinnerung war die Hierarchie zwischen B\u00fcroarbeitern und den M\u00e4nnern in der Fabrikhalle noch eklatant. Dieses M\u00f6bel begleitet [&hellip;]\" \/>\n<meta property=\"og:url\" content=\"https:\/\/blog.zeit.de\/zeit-der-leser\/2012\/01\/28\/mein-ding\/\" \/>\n<meta property=\"og:site_name\" content=\"ZEIT der Leser\" \/>\n<meta property=\"article:published_time\" content=\"2012-01-28T09:00:11+00:00\" \/>\n<meta property=\"article:modified_time\" content=\"2012-01-26T12:39:47+00:00\" \/>\n<meta property=\"og:image\" content=\"https:\/\/blog.zeit.de\/zeit-der-leser\/files\/2012\/01\/mein-ding.jpg\" \/>\n<meta name=\"author\" content=\"&quot;Zeit der Leser&quot;-Redaktion\" \/>\n<meta name=\"twitter:card\" content=\"summary_large_image\" \/>\n<meta name=\"twitter:label1\" content=\"Geschrieben von\" \/>\n\t<meta name=\"twitter:data1\" content=\"\"Zeit der Leser\"-Redaktion\" \/>\n<script type=\"application\/ld+json\" class=\"yoast-schema-graph\">{\"@context\":\"https:\/\/schema.org\",\"@graph\":[{\"@type\":\"WebPage\",\"@id\":\"https:\/\/blog.zeit.de\/zeit-der-leser\/2012\/01\/28\/mein-ding\/\",\"url\":\"https:\/\/blog.zeit.de\/zeit-der-leser\/2012\/01\/28\/mein-ding\/\",\"name\":\"Mein Ding - ZEIT der Leser\",\"isPartOf\":{\"@id\":\"https:\/\/blog.zeit.de\/zeit-der-leser\/#website\"},\"datePublished\":\"2012-01-28T09:00:11+00:00\",\"dateModified\":\"2012-01-26T12:39:47+00:00\",\"author\":{\"@id\":\"https:\/\/blog.zeit.de\/zeit-der-leser\/#\/schema\/person\/583b14e5ad6368c23af846ecbde9f20f\"},\"breadcrumb\":{\"@id\":\"https:\/\/blog.zeit.de\/zeit-der-leser\/2012\/01\/28\/mein-ding\/#breadcrumb\"},\"inLanguage\":\"de\",\"potentialAction\":[{\"@type\":\"ReadAction\",\"target\":[\"https:\/\/blog.zeit.de\/zeit-der-leser\/2012\/01\/28\/mein-ding\/\"]}]},{\"@type\":\"BreadcrumbList\",\"@id\":\"https:\/\/blog.zeit.de\/zeit-der-leser\/2012\/01\/28\/mein-ding\/#breadcrumb\",\"itemListElement\":[{\"@type\":\"ListItem\",\"position\":1,\"name\":\"Startseite\",\"item\":\"https:\/\/blog.zeit.de\/zeit-der-leser\/\"},{\"@type\":\"ListItem\",\"position\":2,\"name\":\"Mein Ding\"}]},{\"@type\":\"WebSite\",\"@id\":\"https:\/\/blog.zeit.de\/zeit-der-leser\/#website\",\"url\":\"https:\/\/blog.zeit.de\/zeit-der-leser\/\",\"name\":\"ZEIT der Leser\",\"description\":\"Ein Blog mit Ihren Notizen, Gedichten und Bildern f\u00fcr die gedruckte ZEIT\",\"potentialAction\":[{\"@type\":\"SearchAction\",\"target\":{\"@type\":\"EntryPoint\",\"urlTemplate\":\"https:\/\/blog.zeit.de\/zeit-der-leser\/?s={search_term_string}\"},\"query-input\":\"required name=search_term_string\"}],\"inLanguage\":\"de\"},{\"@type\":\"Person\",\"@id\":\"https:\/\/blog.zeit.de\/zeit-der-leser\/#\/schema\/person\/583b14e5ad6368c23af846ecbde9f20f\",\"name\":\"\\\"Zeit der Leser\\\"-Redaktion\",\"image\":{\"@type\":\"ImageObject\",\"inLanguage\":\"de\",\"@id\":\"https:\/\/blog.zeit.de\/zeit-der-leser\/#\/schema\/person\/image\/\",\"url\":\"https:\/\/secure.gravatar.com\/avatar\/e801a681bd3bbf2345131a815930b48d9f8e0a94de1346b624840dc850f67ad0?s=96&d=mm&r=g\",\"contentUrl\":\"https:\/\/secure.gravatar.com\/avatar\/e801a681bd3bbf2345131a815930b48d9f8e0a94de1346b624840dc850f67ad0?s=96&d=mm&r=g\",\"caption\":\"\\\"Zeit der Leser\\\"-Redaktion\"},\"url\":\"https:\/\/blog.zeit.de\/zeit-der-leser\/author\/zeit-der-leser-redaktion\/\"}]}<\/script>\n<!-- \/ Yoast SEO plugin. -->","yoast_head_json":{"title":"Mein Ding - ZEIT der Leser","robots":{"index":"index","follow":"follow","max-snippet":"max-snippet:-1","max-image-preview":"max-image-preview:large","max-video-preview":"max-video-preview:-1"},"canonical":"https:\/\/blog.zeit.de\/zeit-der-leser\/2012\/01\/28\/mein-ding\/","og_locale":"de_DE","og_type":"article","og_title":"Mein Ding - ZEIT der Leser","og_description":"Der alte Stuhl ist mein Lieblingsgegenstand. Er wurde Anfang der sechziger Jahre in der Fabrik ausgemustert, in der mein Vater arbeitete. Der Stuhl sei \u00bbvon oben\u00ab, erkl\u00e4rte er uns. \u00bbOben\u00ab, das waren die B\u00fcros der Angestellten. In meiner Erinnerung war die Hierarchie zwischen B\u00fcroarbeitern und den M\u00e4nnern in der Fabrikhalle noch eklatant. Dieses M\u00f6bel begleitet [&hellip;]","og_url":"https:\/\/blog.zeit.de\/zeit-der-leser\/2012\/01\/28\/mein-ding\/","og_site_name":"ZEIT der Leser","article_published_time":"2012-01-28T09:00:11+00:00","article_modified_time":"2012-01-26T12:39:47+00:00","og_image":[{"url":"https:\/\/blog.zeit.de\/zeit-der-leser\/files\/2012\/01\/mein-ding.jpg"}],"author":"\"Zeit der Leser\"-Redaktion","twitter_card":"summary_large_image","twitter_misc":{"Geschrieben von":"\"Zeit der Leser\"-Redaktion"},"schema":{"@context":"https:\/\/schema.org","@graph":[{"@type":"WebPage","@id":"https:\/\/blog.zeit.de\/zeit-der-leser\/2012\/01\/28\/mein-ding\/","url":"https:\/\/blog.zeit.de\/zeit-der-leser\/2012\/01\/28\/mein-ding\/","name":"Mein Ding - ZEIT der Leser","isPartOf":{"@id":"https:\/\/blog.zeit.de\/zeit-der-leser\/#website"},"datePublished":"2012-01-28T09:00:11+00:00","dateModified":"2012-01-26T12:39:47+00:00","author":{"@id":"https:\/\/blog.zeit.de\/zeit-der-leser\/#\/schema\/person\/583b14e5ad6368c23af846ecbde9f20f"},"breadcrumb":{"@id":"https:\/\/blog.zeit.de\/zeit-der-leser\/2012\/01\/28\/mein-ding\/#breadcrumb"},"inLanguage":"de","potentialAction":[{"@type":"ReadAction","target":["https:\/\/blog.zeit.de\/zeit-der-leser\/2012\/01\/28\/mein-ding\/"]}]},{"@type":"BreadcrumbList","@id":"https:\/\/blog.zeit.de\/zeit-der-leser\/2012\/01\/28\/mein-ding\/#breadcrumb","itemListElement":[{"@type":"ListItem","position":1,"name":"Startseite","item":"https:\/\/blog.zeit.de\/zeit-der-leser\/"},{"@type":"ListItem","position":2,"name":"Mein Ding"}]},{"@type":"WebSite","@id":"https:\/\/blog.zeit.de\/zeit-der-leser\/#website","url":"https:\/\/blog.zeit.de\/zeit-der-leser\/","name":"ZEIT der Leser","description":"Ein Blog mit Ihren Notizen, Gedichten und Bildern f\u00fcr die gedruckte ZEIT","potentialAction":[{"@type":"SearchAction","target":{"@type":"EntryPoint","urlTemplate":"https:\/\/blog.zeit.de\/zeit-der-leser\/?s={search_term_string}"},"query-input":"required name=search_term_string"}],"inLanguage":"de"},{"@type":"Person","@id":"https:\/\/blog.zeit.de\/zeit-der-leser\/#\/schema\/person\/583b14e5ad6368c23af846ecbde9f20f","name":"\"Zeit der Leser\"-Redaktion","image":{"@type":"ImageObject","inLanguage":"de","@id":"https:\/\/blog.zeit.de\/zeit-der-leser\/#\/schema\/person\/image\/","url":"https:\/\/secure.gravatar.com\/avatar\/e801a681bd3bbf2345131a815930b48d9f8e0a94de1346b624840dc850f67ad0?s=96&d=mm&r=g","contentUrl":"https:\/\/secure.gravatar.com\/avatar\/e801a681bd3bbf2345131a815930b48d9f8e0a94de1346b624840dc850f67ad0?s=96&d=mm&r=g","caption":"\"Zeit der Leser\"-Redaktion"},"url":"https:\/\/blog.zeit.de\/zeit-der-leser\/author\/zeit-der-leser-redaktion\/"}]}},"jetpack_featured_media_url":"","jetpack_sharing_enabled":true,"_links":{"self":[{"href":"https:\/\/blog.zeit.de\/zeit-der-leser\/wp-json\/wp\/v2\/posts\/8448","targetHints":{"allow":["GET"]}}],"collection":[{"href":"https:\/\/blog.zeit.de\/zeit-der-leser\/wp-json\/wp\/v2\/posts"}],"about":[{"href":"https:\/\/blog.zeit.de\/zeit-der-leser\/wp-json\/wp\/v2\/types\/post"}],"author":[{"embeddable":true,"href":"https:\/\/blog.zeit.de\/zeit-der-leser\/wp-json\/wp\/v2\/users\/265"}],"replies":[{"embeddable":true,"href":"https:\/\/blog.zeit.de\/zeit-der-leser\/wp-json\/wp\/v2\/comments?post=8448"}],"version-history":[{"count":4,"href":"https:\/\/blog.zeit.de\/zeit-der-leser\/wp-json\/wp\/v2\/posts\/8448\/revisions"}],"predecessor-version":[{"id":8453,"href":"https:\/\/blog.zeit.de\/zeit-der-leser\/wp-json\/wp\/v2\/posts\/8448\/revisions\/8453"}],"wp:attachment":[{"href":"https:\/\/blog.zeit.de\/zeit-der-leser\/wp-json\/wp\/v2\/media?parent=8448"}],"wp:term":[{"taxonomy":"category","embeddable":true,"href":"https:\/\/blog.zeit.de\/zeit-der-leser\/wp-json\/wp\/v2\/categories?post=8448"},{"taxonomy":"post_tag","embeddable":true,"href":"https:\/\/blog.zeit.de\/zeit-der-leser\/wp-json\/wp\/v2\/tags?post=8448"}],"curies":[{"name":"wp","href":"https:\/\/api.w.org\/{rel}","templated":true}]}}