{"id":8467,"date":"2012-01-29T18:00:37","date_gmt":"2012-01-29T17:00:37","guid":{"rendered":"http:\/\/blog.zeit.de\/zeit-der-leser\/?p=8467"},"modified":"2015-02-24T17:18:32","modified_gmt":"2015-02-24T16:18:32","slug":"mein-wort-schatz-stillvergnuegt","status":"publish","type":"post","link":"https:\/\/blog.zeit.de\/zeit-der-leser\/2012\/01\/29\/mein-wort-schatz-stillvergnuegt\/","title":{"rendered":"Stillvergn\u00fcgt: Mein Wort-Schatz"},"content":{"rendered":"<p>In Zeiten einer immer lauter werdenden Event-Kultur sagt mir <strong>stillvergn\u00fcgt<\/strong>: Man kann auch ganz alleine fu\u0308r sich ein stilles Vergn\u00fcgen finden. Man braucht dazu nicht viel: Nach einem langen Arbeitstag die F\u00fc\u00dfe hochlegen, etwas K\u00e4se und ein Glas Wein. Den Gedanken nachh\u00e4ngen und sonst nichts tun. In Zeiten h\u00f6chster Effizienz und eines lauernden Freizeitstresses ein wahrer Luxus. Klein und unscheinbar wie auch dieses sch\u00f6ne Wort, fu\u0308r das ich unserer Sprache danke!<\/p>\n<p><strong>Michael Schlageter<\/strong>, Frickingen<\/p>\n","protected":false},"excerpt":{"rendered":"<p>In Zeiten einer immer lauter werdenden Event-Kultur sagt mir stillvergn\u00fcgt: Man kann auch ganz alleine fu\u0308r sich ein stilles Vergn\u00fcgen finden. Man braucht dazu nicht viel: Nach einem langen Arbeitstag die F\u00fc\u00dfe hochlegen, etwas K\u00e4se und ein Glas Wein. Den Gedanken nachh\u00e4ngen und sonst nichts tun. In Zeiten h\u00f6chster Effizienz und eines lauernden Freizeitstresses ein [&hellip;]<\/p>\n","protected":false},"author":265,"featured_media":0,"comment_status":"open","ping_status":"open","sticky":false,"template":"","format":"standard","meta":{"_jetpack_memberships_contains_paid_content":false,"footnotes":""},"categories":[5687],"tags":[],"class_list":["post-8467","post","type-post","status-publish","format-standard","hentry","category-mein-wort-schatz"],"yoast_head":"<!-- This site is optimized with the Yoast SEO plugin v21.0 - https:\/\/yoast.com\/wordpress\/plugins\/seo\/ -->\n<title>Stillvergn\u00fcgt: Mein Wort-Schatz - ZEIT der Leser<\/title>\n<meta name=\"robots\" content=\"index, follow, max-snippet:-1, max-image-preview:large, max-video-preview:-1\" \/>\n<link rel=\"canonical\" href=\"https:\/\/blog.zeit.de\/zeit-der-leser\/2012\/01\/29\/mein-wort-schatz-stillvergnuegt\/\" \/>\n<meta property=\"og:locale\" content=\"de_DE\" \/>\n<meta property=\"og:type\" content=\"article\" \/>\n<meta property=\"og:title\" content=\"Stillvergn\u00fcgt: Mein Wort-Schatz - ZEIT der Leser\" \/>\n<meta property=\"og:description\" content=\"In Zeiten einer immer lauter werdenden Event-Kultur sagt mir stillvergn\u00fcgt: Man kann auch ganz alleine fu\u0308r sich ein stilles Vergn\u00fcgen finden. Man braucht dazu nicht viel: Nach einem langen Arbeitstag die F\u00fc\u00dfe hochlegen, etwas K\u00e4se und ein Glas Wein. Den Gedanken nachh\u00e4ngen und sonst nichts tun. In Zeiten h\u00f6chster Effizienz und eines lauernden Freizeitstresses ein [&hellip;]\" \/>\n<meta property=\"og:url\" content=\"https:\/\/blog.zeit.de\/zeit-der-leser\/2012\/01\/29\/mein-wort-schatz-stillvergnuegt\/\" \/>\n<meta property=\"og:site_name\" content=\"ZEIT der Leser\" \/>\n<meta property=\"article:published_time\" content=\"2012-01-29T17:00:37+00:00\" \/>\n<meta property=\"article:modified_time\" content=\"2015-02-24T16:18:32+00:00\" \/>\n<meta name=\"author\" content=\"&quot;Zeit der Leser&quot;-Redaktion\" \/>\n<meta name=\"twitter:card\" content=\"summary_large_image\" \/>\n<meta name=\"twitter:label1\" content=\"Geschrieben von\" \/>\n\t<meta name=\"twitter:data1\" content=\"\"Zeit der Leser\"-Redaktion\" \/>\n<script type=\"application\/ld+json\" class=\"yoast-schema-graph\">{\"@context\":\"https:\/\/schema.org\",\"@graph\":[{\"@type\":\"WebPage\",\"@id\":\"https:\/\/blog.zeit.de\/zeit-der-leser\/2012\/01\/29\/mein-wort-schatz-stillvergnuegt\/\",\"url\":\"https:\/\/blog.zeit.de\/zeit-der-leser\/2012\/01\/29\/mein-wort-schatz-stillvergnuegt\/\",\"name\":\"Stillvergn\u00fcgt: Mein Wort-Schatz - ZEIT der Leser\",\"isPartOf\":{\"@id\":\"https:\/\/blog.zeit.de\/zeit-der-leser\/#website\"},\"datePublished\":\"2012-01-29T17:00:37+00:00\",\"dateModified\":\"2015-02-24T16:18:32+00:00\",\"author\":{\"@id\":\"https:\/\/blog.zeit.de\/zeit-der-leser\/#\/schema\/person\/583b14e5ad6368c23af846ecbde9f20f\"},\"breadcrumb\":{\"@id\":\"https:\/\/blog.zeit.de\/zeit-der-leser\/2012\/01\/29\/mein-wort-schatz-stillvergnuegt\/#breadcrumb\"},\"inLanguage\":\"de\",\"potentialAction\":[{\"@type\":\"ReadAction\",\"target\":[\"https:\/\/blog.zeit.de\/zeit-der-leser\/2012\/01\/29\/mein-wort-schatz-stillvergnuegt\/\"]}]},{\"@type\":\"BreadcrumbList\",\"@id\":\"https:\/\/blog.zeit.de\/zeit-der-leser\/2012\/01\/29\/mein-wort-schatz-stillvergnuegt\/#breadcrumb\",\"itemListElement\":[{\"@type\":\"ListItem\",\"position\":1,\"name\":\"Startseite\",\"item\":\"https:\/\/blog.zeit.de\/zeit-der-leser\/\"},{\"@type\":\"ListItem\",\"position\":2,\"name\":\"Stillvergn\u00fcgt: Mein Wort-Schatz\"}]},{\"@type\":\"WebSite\",\"@id\":\"https:\/\/blog.zeit.de\/zeit-der-leser\/#website\",\"url\":\"https:\/\/blog.zeit.de\/zeit-der-leser\/\",\"name\":\"ZEIT der Leser\",\"description\":\"Ein Blog mit Ihren Notizen, Gedichten und Bildern f\u00fcr die gedruckte ZEIT\",\"potentialAction\":[{\"@type\":\"SearchAction\",\"target\":{\"@type\":\"EntryPoint\",\"urlTemplate\":\"https:\/\/blog.zeit.de\/zeit-der-leser\/?s={search_term_string}\"},\"query-input\":\"required name=search_term_string\"}],\"inLanguage\":\"de\"},{\"@type\":\"Person\",\"@id\":\"https:\/\/blog.zeit.de\/zeit-der-leser\/#\/schema\/person\/583b14e5ad6368c23af846ecbde9f20f\",\"name\":\"\\\"Zeit der Leser\\\"-Redaktion\",\"image\":{\"@type\":\"ImageObject\",\"inLanguage\":\"de\",\"@id\":\"https:\/\/blog.zeit.de\/zeit-der-leser\/#\/schema\/person\/image\/\",\"url\":\"https:\/\/secure.gravatar.com\/avatar\/e801a681bd3bbf2345131a815930b48d9f8e0a94de1346b624840dc850f67ad0?s=96&d=mm&r=g\",\"contentUrl\":\"https:\/\/secure.gravatar.com\/avatar\/e801a681bd3bbf2345131a815930b48d9f8e0a94de1346b624840dc850f67ad0?s=96&d=mm&r=g\",\"caption\":\"\\\"Zeit der Leser\\\"-Redaktion\"},\"url\":\"https:\/\/blog.zeit.de\/zeit-der-leser\/author\/zeit-der-leser-redaktion\/\"}]}<\/script>\n<!-- \/ Yoast SEO plugin. -->","yoast_head_json":{"title":"Stillvergn\u00fcgt: Mein Wort-Schatz - ZEIT der Leser","robots":{"index":"index","follow":"follow","max-snippet":"max-snippet:-1","max-image-preview":"max-image-preview:large","max-video-preview":"max-video-preview:-1"},"canonical":"https:\/\/blog.zeit.de\/zeit-der-leser\/2012\/01\/29\/mein-wort-schatz-stillvergnuegt\/","og_locale":"de_DE","og_type":"article","og_title":"Stillvergn\u00fcgt: Mein Wort-Schatz - ZEIT der Leser","og_description":"In Zeiten einer immer lauter werdenden Event-Kultur sagt mir stillvergn\u00fcgt: Man kann auch ganz alleine fu\u0308r sich ein stilles Vergn\u00fcgen finden. Man braucht dazu nicht viel: Nach einem langen Arbeitstag die F\u00fc\u00dfe hochlegen, etwas K\u00e4se und ein Glas Wein. Den Gedanken nachh\u00e4ngen und sonst nichts tun. In Zeiten h\u00f6chster Effizienz und eines lauernden Freizeitstresses ein [&hellip;]","og_url":"https:\/\/blog.zeit.de\/zeit-der-leser\/2012\/01\/29\/mein-wort-schatz-stillvergnuegt\/","og_site_name":"ZEIT der Leser","article_published_time":"2012-01-29T17:00:37+00:00","article_modified_time":"2015-02-24T16:18:32+00:00","author":"\"Zeit der Leser\"-Redaktion","twitter_card":"summary_large_image","twitter_misc":{"Geschrieben von":"\"Zeit der Leser\"-Redaktion"},"schema":{"@context":"https:\/\/schema.org","@graph":[{"@type":"WebPage","@id":"https:\/\/blog.zeit.de\/zeit-der-leser\/2012\/01\/29\/mein-wort-schatz-stillvergnuegt\/","url":"https:\/\/blog.zeit.de\/zeit-der-leser\/2012\/01\/29\/mein-wort-schatz-stillvergnuegt\/","name":"Stillvergn\u00fcgt: Mein Wort-Schatz - ZEIT der Leser","isPartOf":{"@id":"https:\/\/blog.zeit.de\/zeit-der-leser\/#website"},"datePublished":"2012-01-29T17:00:37+00:00","dateModified":"2015-02-24T16:18:32+00:00","author":{"@id":"https:\/\/blog.zeit.de\/zeit-der-leser\/#\/schema\/person\/583b14e5ad6368c23af846ecbde9f20f"},"breadcrumb":{"@id":"https:\/\/blog.zeit.de\/zeit-der-leser\/2012\/01\/29\/mein-wort-schatz-stillvergnuegt\/#breadcrumb"},"inLanguage":"de","potentialAction":[{"@type":"ReadAction","target":["https:\/\/blog.zeit.de\/zeit-der-leser\/2012\/01\/29\/mein-wort-schatz-stillvergnuegt\/"]}]},{"@type":"BreadcrumbList","@id":"https:\/\/blog.zeit.de\/zeit-der-leser\/2012\/01\/29\/mein-wort-schatz-stillvergnuegt\/#breadcrumb","itemListElement":[{"@type":"ListItem","position":1,"name":"Startseite","item":"https:\/\/blog.zeit.de\/zeit-der-leser\/"},{"@type":"ListItem","position":2,"name":"Stillvergn\u00fcgt: Mein Wort-Schatz"}]},{"@type":"WebSite","@id":"https:\/\/blog.zeit.de\/zeit-der-leser\/#website","url":"https:\/\/blog.zeit.de\/zeit-der-leser\/","name":"ZEIT der Leser","description":"Ein Blog mit Ihren Notizen, Gedichten und Bildern f\u00fcr die gedruckte ZEIT","potentialAction":[{"@type":"SearchAction","target":{"@type":"EntryPoint","urlTemplate":"https:\/\/blog.zeit.de\/zeit-der-leser\/?s={search_term_string}"},"query-input":"required name=search_term_string"}],"inLanguage":"de"},{"@type":"Person","@id":"https:\/\/blog.zeit.de\/zeit-der-leser\/#\/schema\/person\/583b14e5ad6368c23af846ecbde9f20f","name":"\"Zeit der Leser\"-Redaktion","image":{"@type":"ImageObject","inLanguage":"de","@id":"https:\/\/blog.zeit.de\/zeit-der-leser\/#\/schema\/person\/image\/","url":"https:\/\/secure.gravatar.com\/avatar\/e801a681bd3bbf2345131a815930b48d9f8e0a94de1346b624840dc850f67ad0?s=96&d=mm&r=g","contentUrl":"https:\/\/secure.gravatar.com\/avatar\/e801a681bd3bbf2345131a815930b48d9f8e0a94de1346b624840dc850f67ad0?s=96&d=mm&r=g","caption":"\"Zeit der Leser\"-Redaktion"},"url":"https:\/\/blog.zeit.de\/zeit-der-leser\/author\/zeit-der-leser-redaktion\/"}]}},"jetpack_featured_media_url":"","jetpack_sharing_enabled":true,"_links":{"self":[{"href":"https:\/\/blog.zeit.de\/zeit-der-leser\/wp-json\/wp\/v2\/posts\/8467","targetHints":{"allow":["GET"]}}],"collection":[{"href":"https:\/\/blog.zeit.de\/zeit-der-leser\/wp-json\/wp\/v2\/posts"}],"about":[{"href":"https:\/\/blog.zeit.de\/zeit-der-leser\/wp-json\/wp\/v2\/types\/post"}],"author":[{"embeddable":true,"href":"https:\/\/blog.zeit.de\/zeit-der-leser\/wp-json\/wp\/v2\/users\/265"}],"replies":[{"embeddable":true,"href":"https:\/\/blog.zeit.de\/zeit-der-leser\/wp-json\/wp\/v2\/comments?post=8467"}],"version-history":[{"count":4,"href":"https:\/\/blog.zeit.de\/zeit-der-leser\/wp-json\/wp\/v2\/posts\/8467\/revisions"}],"predecessor-version":[{"id":19789,"href":"https:\/\/blog.zeit.de\/zeit-der-leser\/wp-json\/wp\/v2\/posts\/8467\/revisions\/19789"}],"wp:attachment":[{"href":"https:\/\/blog.zeit.de\/zeit-der-leser\/wp-json\/wp\/v2\/media?parent=8467"}],"wp:term":[{"taxonomy":"category","embeddable":true,"href":"https:\/\/blog.zeit.de\/zeit-der-leser\/wp-json\/wp\/v2\/categories?post=8467"},{"taxonomy":"post_tag","embeddable":true,"href":"https:\/\/blog.zeit.de\/zeit-der-leser\/wp-json\/wp\/v2\/tags?post=8467"}],"curies":[{"name":"wp","href":"https:\/\/api.w.org\/{rel}","templated":true}]}}