{"id":8496,"date":"2012-02-01T10:00:25","date_gmt":"2012-02-01T09:00:25","guid":{"rendered":"http:\/\/blog.zeit.de\/zeit-der-leser\/?p=8496"},"modified":"2015-02-24T17:17:57","modified_gmt":"2015-02-24T16:17:57","slug":"mein-wort-schatz-schnurstracks","status":"publish","type":"post","link":"https:\/\/blog.zeit.de\/zeit-der-leser\/2012\/02\/01\/mein-wort-schatz-schnurstracks\/","title":{"rendered":"Schnurstracks: Mein Wort-Schatz"},"content":{"rendered":"<p><strong>Schnurstracks<\/strong>. Ich mag dieses Wort. Es bringt seine Bedeutung zum Klingen: \u00bbSchnur\u00ab, das ist gerade, ohne Umwege, auf k\u00fcrzester Strecke. \u00bbStracks\u00ab, kommt das von \u00bbStrecke\u00ab?, frage ich mich jetzt eben. Egal! Das \u00bba\u00ab mit anschlie\u00dfendem \u00bbck\u00ab bringt einen kleinen entschlossenen Knall und ist gleichzeitig der gr\u00f6\u00dftm\u00f6gliche Kontrast zum dunklen \u00bbu\u00ab in der ersten Silbe. Das sehe ich bei \u00bbschnurstracks\u00ab vor mir: Jemand geht aufrecht und z\u00fcgig, aber nicht \u00fcberhastet, in eine Situation, um sie zu kl\u00e4ren. \u00bbSchnurstracks\u00ab ist in Bild und Klang sehr viel anschaulicher als \u00bbdirekt\u00ab oder \u00bbstraight\u00ab.<\/p>\n<p><strong>Margit Bergmann<\/strong>, Flein, Baden-Wu\u0308rttemberg<\/p>\n","protected":false},"excerpt":{"rendered":"<p>Schnurstracks. Ich mag dieses Wort. Es bringt seine Bedeutung zum Klingen: \u00bbSchnur\u00ab, das ist gerade, ohne Umwege, auf k\u00fcrzester Strecke. \u00bbStracks\u00ab, kommt das von \u00bbStrecke\u00ab?, frage ich mich jetzt eben. Egal! Das \u00bba\u00ab mit anschlie\u00dfendem \u00bbck\u00ab bringt einen kleinen entschlossenen Knall und ist gleichzeitig der gr\u00f6\u00dftm\u00f6gliche Kontrast zum dunklen \u00bbu\u00ab in der ersten Silbe. Das [&hellip;]<\/p>\n","protected":false},"author":265,"featured_media":0,"comment_status":"open","ping_status":"open","sticky":false,"template":"","format":"standard","meta":{"_jetpack_memberships_contains_paid_content":false,"footnotes":""},"categories":[5687],"tags":[],"class_list":["post-8496","post","type-post","status-publish","format-standard","hentry","category-mein-wort-schatz"],"yoast_head":"<!-- This site is optimized with the Yoast SEO plugin v21.0 - https:\/\/yoast.com\/wordpress\/plugins\/seo\/ -->\n<title>Schnurstracks: Mein Wort-Schatz - ZEIT der Leser<\/title>\n<meta name=\"robots\" content=\"index, follow, max-snippet:-1, max-image-preview:large, max-video-preview:-1\" \/>\n<link rel=\"canonical\" href=\"https:\/\/blog.zeit.de\/zeit-der-leser\/2012\/02\/01\/mein-wort-schatz-schnurstracks\/\" \/>\n<meta property=\"og:locale\" content=\"de_DE\" \/>\n<meta property=\"og:type\" content=\"article\" \/>\n<meta property=\"og:title\" content=\"Schnurstracks: Mein Wort-Schatz - ZEIT der Leser\" \/>\n<meta property=\"og:description\" content=\"Schnurstracks. Ich mag dieses Wort. Es bringt seine Bedeutung zum Klingen: \u00bbSchnur\u00ab, das ist gerade, ohne Umwege, auf k\u00fcrzester Strecke. \u00bbStracks\u00ab, kommt das von \u00bbStrecke\u00ab?, frage ich mich jetzt eben. Egal! Das \u00bba\u00ab mit anschlie\u00dfendem \u00bbck\u00ab bringt einen kleinen entschlossenen Knall und ist gleichzeitig der gr\u00f6\u00dftm\u00f6gliche Kontrast zum dunklen \u00bbu\u00ab in der ersten Silbe. Das [&hellip;]\" \/>\n<meta property=\"og:url\" content=\"https:\/\/blog.zeit.de\/zeit-der-leser\/2012\/02\/01\/mein-wort-schatz-schnurstracks\/\" \/>\n<meta property=\"og:site_name\" content=\"ZEIT der Leser\" \/>\n<meta property=\"article:published_time\" content=\"2012-02-01T09:00:25+00:00\" \/>\n<meta property=\"article:modified_time\" content=\"2015-02-24T16:17:57+00:00\" \/>\n<meta name=\"author\" content=\"&quot;Zeit der Leser&quot;-Redaktion\" \/>\n<meta name=\"twitter:card\" content=\"summary_large_image\" \/>\n<meta name=\"twitter:label1\" content=\"Geschrieben von\" \/>\n\t<meta name=\"twitter:data1\" content=\"\"Zeit der Leser\"-Redaktion\" \/>\n\t<meta name=\"twitter:label2\" content=\"Gesch\u00e4tzte Lesezeit\" \/>\n\t<meta name=\"twitter:data2\" content=\"1\u00a0Minute\" \/>\n<script type=\"application\/ld+json\" class=\"yoast-schema-graph\">{\"@context\":\"https:\/\/schema.org\",\"@graph\":[{\"@type\":\"WebPage\",\"@id\":\"https:\/\/blog.zeit.de\/zeit-der-leser\/2012\/02\/01\/mein-wort-schatz-schnurstracks\/\",\"url\":\"https:\/\/blog.zeit.de\/zeit-der-leser\/2012\/02\/01\/mein-wort-schatz-schnurstracks\/\",\"name\":\"Schnurstracks: Mein Wort-Schatz - ZEIT der Leser\",\"isPartOf\":{\"@id\":\"https:\/\/blog.zeit.de\/zeit-der-leser\/#website\"},\"datePublished\":\"2012-02-01T09:00:25+00:00\",\"dateModified\":\"2015-02-24T16:17:57+00:00\",\"author\":{\"@id\":\"https:\/\/blog.zeit.de\/zeit-der-leser\/#\/schema\/person\/583b14e5ad6368c23af846ecbde9f20f\"},\"breadcrumb\":{\"@id\":\"https:\/\/blog.zeit.de\/zeit-der-leser\/2012\/02\/01\/mein-wort-schatz-schnurstracks\/#breadcrumb\"},\"inLanguage\":\"de\",\"potentialAction\":[{\"@type\":\"ReadAction\",\"target\":[\"https:\/\/blog.zeit.de\/zeit-der-leser\/2012\/02\/01\/mein-wort-schatz-schnurstracks\/\"]}]},{\"@type\":\"BreadcrumbList\",\"@id\":\"https:\/\/blog.zeit.de\/zeit-der-leser\/2012\/02\/01\/mein-wort-schatz-schnurstracks\/#breadcrumb\",\"itemListElement\":[{\"@type\":\"ListItem\",\"position\":1,\"name\":\"Startseite\",\"item\":\"https:\/\/blog.zeit.de\/zeit-der-leser\/\"},{\"@type\":\"ListItem\",\"position\":2,\"name\":\"Schnurstracks: Mein Wort-Schatz\"}]},{\"@type\":\"WebSite\",\"@id\":\"https:\/\/blog.zeit.de\/zeit-der-leser\/#website\",\"url\":\"https:\/\/blog.zeit.de\/zeit-der-leser\/\",\"name\":\"ZEIT der Leser\",\"description\":\"Ein Blog mit Ihren Notizen, Gedichten und Bildern f\u00fcr die gedruckte ZEIT\",\"potentialAction\":[{\"@type\":\"SearchAction\",\"target\":{\"@type\":\"EntryPoint\",\"urlTemplate\":\"https:\/\/blog.zeit.de\/zeit-der-leser\/?s={search_term_string}\"},\"query-input\":\"required name=search_term_string\"}],\"inLanguage\":\"de\"},{\"@type\":\"Person\",\"@id\":\"https:\/\/blog.zeit.de\/zeit-der-leser\/#\/schema\/person\/583b14e5ad6368c23af846ecbde9f20f\",\"name\":\"\\\"Zeit der Leser\\\"-Redaktion\",\"image\":{\"@type\":\"ImageObject\",\"inLanguage\":\"de\",\"@id\":\"https:\/\/blog.zeit.de\/zeit-der-leser\/#\/schema\/person\/image\/\",\"url\":\"https:\/\/secure.gravatar.com\/avatar\/e801a681bd3bbf2345131a815930b48d9f8e0a94de1346b624840dc850f67ad0?s=96&d=mm&r=g\",\"contentUrl\":\"https:\/\/secure.gravatar.com\/avatar\/e801a681bd3bbf2345131a815930b48d9f8e0a94de1346b624840dc850f67ad0?s=96&d=mm&r=g\",\"caption\":\"\\\"Zeit der Leser\\\"-Redaktion\"},\"url\":\"https:\/\/blog.zeit.de\/zeit-der-leser\/author\/zeit-der-leser-redaktion\/\"}]}<\/script>\n<!-- \/ Yoast SEO plugin. -->","yoast_head_json":{"title":"Schnurstracks: Mein Wort-Schatz - ZEIT der Leser","robots":{"index":"index","follow":"follow","max-snippet":"max-snippet:-1","max-image-preview":"max-image-preview:large","max-video-preview":"max-video-preview:-1"},"canonical":"https:\/\/blog.zeit.de\/zeit-der-leser\/2012\/02\/01\/mein-wort-schatz-schnurstracks\/","og_locale":"de_DE","og_type":"article","og_title":"Schnurstracks: Mein Wort-Schatz - ZEIT der Leser","og_description":"Schnurstracks. Ich mag dieses Wort. Es bringt seine Bedeutung zum Klingen: \u00bbSchnur\u00ab, das ist gerade, ohne Umwege, auf k\u00fcrzester Strecke. \u00bbStracks\u00ab, kommt das von \u00bbStrecke\u00ab?, frage ich mich jetzt eben. Egal! Das \u00bba\u00ab mit anschlie\u00dfendem \u00bbck\u00ab bringt einen kleinen entschlossenen Knall und ist gleichzeitig der gr\u00f6\u00dftm\u00f6gliche Kontrast zum dunklen \u00bbu\u00ab in der ersten Silbe. Das [&hellip;]","og_url":"https:\/\/blog.zeit.de\/zeit-der-leser\/2012\/02\/01\/mein-wort-schatz-schnurstracks\/","og_site_name":"ZEIT der Leser","article_published_time":"2012-02-01T09:00:25+00:00","article_modified_time":"2015-02-24T16:17:57+00:00","author":"\"Zeit der Leser\"-Redaktion","twitter_card":"summary_large_image","twitter_misc":{"Geschrieben von":"\"Zeit der Leser\"-Redaktion","Gesch\u00e4tzte Lesezeit":"1\u00a0Minute"},"schema":{"@context":"https:\/\/schema.org","@graph":[{"@type":"WebPage","@id":"https:\/\/blog.zeit.de\/zeit-der-leser\/2012\/02\/01\/mein-wort-schatz-schnurstracks\/","url":"https:\/\/blog.zeit.de\/zeit-der-leser\/2012\/02\/01\/mein-wort-schatz-schnurstracks\/","name":"Schnurstracks: Mein Wort-Schatz - ZEIT der Leser","isPartOf":{"@id":"https:\/\/blog.zeit.de\/zeit-der-leser\/#website"},"datePublished":"2012-02-01T09:00:25+00:00","dateModified":"2015-02-24T16:17:57+00:00","author":{"@id":"https:\/\/blog.zeit.de\/zeit-der-leser\/#\/schema\/person\/583b14e5ad6368c23af846ecbde9f20f"},"breadcrumb":{"@id":"https:\/\/blog.zeit.de\/zeit-der-leser\/2012\/02\/01\/mein-wort-schatz-schnurstracks\/#breadcrumb"},"inLanguage":"de","potentialAction":[{"@type":"ReadAction","target":["https:\/\/blog.zeit.de\/zeit-der-leser\/2012\/02\/01\/mein-wort-schatz-schnurstracks\/"]}]},{"@type":"BreadcrumbList","@id":"https:\/\/blog.zeit.de\/zeit-der-leser\/2012\/02\/01\/mein-wort-schatz-schnurstracks\/#breadcrumb","itemListElement":[{"@type":"ListItem","position":1,"name":"Startseite","item":"https:\/\/blog.zeit.de\/zeit-der-leser\/"},{"@type":"ListItem","position":2,"name":"Schnurstracks: Mein Wort-Schatz"}]},{"@type":"WebSite","@id":"https:\/\/blog.zeit.de\/zeit-der-leser\/#website","url":"https:\/\/blog.zeit.de\/zeit-der-leser\/","name":"ZEIT der Leser","description":"Ein Blog mit Ihren Notizen, Gedichten und Bildern f\u00fcr die gedruckte ZEIT","potentialAction":[{"@type":"SearchAction","target":{"@type":"EntryPoint","urlTemplate":"https:\/\/blog.zeit.de\/zeit-der-leser\/?s={search_term_string}"},"query-input":"required name=search_term_string"}],"inLanguage":"de"},{"@type":"Person","@id":"https:\/\/blog.zeit.de\/zeit-der-leser\/#\/schema\/person\/583b14e5ad6368c23af846ecbde9f20f","name":"\"Zeit der Leser\"-Redaktion","image":{"@type":"ImageObject","inLanguage":"de","@id":"https:\/\/blog.zeit.de\/zeit-der-leser\/#\/schema\/person\/image\/","url":"https:\/\/secure.gravatar.com\/avatar\/e801a681bd3bbf2345131a815930b48d9f8e0a94de1346b624840dc850f67ad0?s=96&d=mm&r=g","contentUrl":"https:\/\/secure.gravatar.com\/avatar\/e801a681bd3bbf2345131a815930b48d9f8e0a94de1346b624840dc850f67ad0?s=96&d=mm&r=g","caption":"\"Zeit der Leser\"-Redaktion"},"url":"https:\/\/blog.zeit.de\/zeit-der-leser\/author\/zeit-der-leser-redaktion\/"}]}},"jetpack_featured_media_url":"","jetpack_sharing_enabled":true,"_links":{"self":[{"href":"https:\/\/blog.zeit.de\/zeit-der-leser\/wp-json\/wp\/v2\/posts\/8496","targetHints":{"allow":["GET"]}}],"collection":[{"href":"https:\/\/blog.zeit.de\/zeit-der-leser\/wp-json\/wp\/v2\/posts"}],"about":[{"href":"https:\/\/blog.zeit.de\/zeit-der-leser\/wp-json\/wp\/v2\/types\/post"}],"author":[{"embeddable":true,"href":"https:\/\/blog.zeit.de\/zeit-der-leser\/wp-json\/wp\/v2\/users\/265"}],"replies":[{"embeddable":true,"href":"https:\/\/blog.zeit.de\/zeit-der-leser\/wp-json\/wp\/v2\/comments?post=8496"}],"version-history":[{"count":4,"href":"https:\/\/blog.zeit.de\/zeit-der-leser\/wp-json\/wp\/v2\/posts\/8496\/revisions"}],"predecessor-version":[{"id":19788,"href":"https:\/\/blog.zeit.de\/zeit-der-leser\/wp-json\/wp\/v2\/posts\/8496\/revisions\/19788"}],"wp:attachment":[{"href":"https:\/\/blog.zeit.de\/zeit-der-leser\/wp-json\/wp\/v2\/media?parent=8496"}],"wp:term":[{"taxonomy":"category","embeddable":true,"href":"https:\/\/blog.zeit.de\/zeit-der-leser\/wp-json\/wp\/v2\/categories?post=8496"},{"taxonomy":"post_tag","embeddable":true,"href":"https:\/\/blog.zeit.de\/zeit-der-leser\/wp-json\/wp\/v2\/tags?post=8496"}],"curies":[{"name":"wp","href":"https:\/\/api.w.org\/{rel}","templated":true}]}}