{"id":8528,"date":"2012-02-04T10:00:46","date_gmt":"2012-02-04T09:00:46","guid":{"rendered":"http:\/\/blog.zeit.de\/zeit-der-leser\/?p=8528"},"modified":"2015-02-24T17:17:33","modified_gmt":"2015-02-24T16:17:33","slug":"mein-wort-schatz-poehler","status":"publish","type":"post","link":"https:\/\/blog.zeit.de\/zeit-der-leser\/2012\/02\/04\/mein-wort-schatz-poehler\/","title":{"rendered":"P\u00f6hler: Mein Wort-Schatz"},"content":{"rendered":"<p>\u00bb<strong>P\u00f6hler<\/strong>\u00ab stand ku\u0308rzlich auf der Schirmmu\u0308tze von J\u00fcrgen Klopp, dem Trainer von Borussia Dortmund. Und da war sie wieder, die Erinnerung an meine Kinder- und Jugendjahre in Westfalen: Nach Schule und Hausaufgaben ging\u2019s raus auf die Konsumwiese, zum P\u00f6hlen (vulgo: Fu\u00dfballspielen) mit den Jungs aus der Nachbarschaft. Da machte es nichts, dass die Wiese bucklig und absch\u00fcssig war \u2013 Hauptsache, der Lederball war im Spiel! Und wenn die Blase (des Balls) mal platzte, wurde eine neue eingezogen und weiter gep\u00f6hlt. Inzwischen allerdings zwicken Bandscheiben und Knie, und es wird ein Wunschtraum bleiben: Noch einmal so richtig p\u00f6hlen (zu k\u00f6nnen)!<\/p>\n<p><strong>Gerd Heimann<\/strong>, Zossen<\/p>\n","protected":false},"excerpt":{"rendered":"<p>\u00bbP\u00f6hler\u00ab stand ku\u0308rzlich auf der Schirmmu\u0308tze von J\u00fcrgen Klopp, dem Trainer von Borussia Dortmund. Und da war sie wieder, die Erinnerung an meine Kinder- und Jugendjahre in Westfalen: Nach Schule und Hausaufgaben ging\u2019s raus auf die Konsumwiese, zum P\u00f6hlen (vulgo: Fu\u00dfballspielen) mit den Jungs aus der Nachbarschaft. Da machte es nichts, dass die Wiese bucklig [&hellip;]<\/p>\n","protected":false},"author":265,"featured_media":0,"comment_status":"open","ping_status":"open","sticky":false,"template":"","format":"standard","meta":{"_jetpack_memberships_contains_paid_content":false,"footnotes":""},"categories":[5687],"tags":[],"class_list":["post-8528","post","type-post","status-publish","format-standard","hentry","category-mein-wort-schatz"],"yoast_head":"<!-- This site is optimized with the Yoast SEO plugin v21.0 - https:\/\/yoast.com\/wordpress\/plugins\/seo\/ -->\n<title>P\u00f6hler: Mein Wort-Schatz - ZEIT der Leser<\/title>\n<meta name=\"robots\" content=\"index, follow, max-snippet:-1, max-image-preview:large, max-video-preview:-1\" \/>\n<link rel=\"canonical\" href=\"https:\/\/blog.zeit.de\/zeit-der-leser\/2012\/02\/04\/mein-wort-schatz-poehler\/\" \/>\n<meta property=\"og:locale\" content=\"de_DE\" \/>\n<meta property=\"og:type\" content=\"article\" \/>\n<meta property=\"og:title\" content=\"P\u00f6hler: Mein Wort-Schatz - ZEIT der Leser\" \/>\n<meta property=\"og:description\" content=\"\u00bbP\u00f6hler\u00ab stand ku\u0308rzlich auf der Schirmmu\u0308tze von J\u00fcrgen Klopp, dem Trainer von Borussia Dortmund. Und da war sie wieder, die Erinnerung an meine Kinder- und Jugendjahre in Westfalen: Nach Schule und Hausaufgaben ging\u2019s raus auf die Konsumwiese, zum P\u00f6hlen (vulgo: Fu\u00dfballspielen) mit den Jungs aus der Nachbarschaft. Da machte es nichts, dass die Wiese bucklig [&hellip;]\" \/>\n<meta property=\"og:url\" content=\"https:\/\/blog.zeit.de\/zeit-der-leser\/2012\/02\/04\/mein-wort-schatz-poehler\/\" \/>\n<meta property=\"og:site_name\" content=\"ZEIT der Leser\" \/>\n<meta property=\"article:published_time\" content=\"2012-02-04T09:00:46+00:00\" \/>\n<meta property=\"article:modified_time\" content=\"2015-02-24T16:17:33+00:00\" \/>\n<meta name=\"author\" content=\"&quot;Zeit der Leser&quot;-Redaktion\" \/>\n<meta name=\"twitter:card\" content=\"summary_large_image\" \/>\n<meta name=\"twitter:label1\" content=\"Geschrieben von\" \/>\n\t<meta name=\"twitter:data1\" content=\"\"Zeit der Leser\"-Redaktion\" \/>\n\t<meta name=\"twitter:label2\" content=\"Gesch\u00e4tzte Lesezeit\" \/>\n\t<meta name=\"twitter:data2\" content=\"1\u00a0Minute\" \/>\n<script type=\"application\/ld+json\" class=\"yoast-schema-graph\">{\"@context\":\"https:\/\/schema.org\",\"@graph\":[{\"@type\":\"WebPage\",\"@id\":\"https:\/\/blog.zeit.de\/zeit-der-leser\/2012\/02\/04\/mein-wort-schatz-poehler\/\",\"url\":\"https:\/\/blog.zeit.de\/zeit-der-leser\/2012\/02\/04\/mein-wort-schatz-poehler\/\",\"name\":\"P\u00f6hler: Mein Wort-Schatz - ZEIT der Leser\",\"isPartOf\":{\"@id\":\"https:\/\/blog.zeit.de\/zeit-der-leser\/#website\"},\"datePublished\":\"2012-02-04T09:00:46+00:00\",\"dateModified\":\"2015-02-24T16:17:33+00:00\",\"author\":{\"@id\":\"https:\/\/blog.zeit.de\/zeit-der-leser\/#\/schema\/person\/583b14e5ad6368c23af846ecbde9f20f\"},\"breadcrumb\":{\"@id\":\"https:\/\/blog.zeit.de\/zeit-der-leser\/2012\/02\/04\/mein-wort-schatz-poehler\/#breadcrumb\"},\"inLanguage\":\"de\",\"potentialAction\":[{\"@type\":\"ReadAction\",\"target\":[\"https:\/\/blog.zeit.de\/zeit-der-leser\/2012\/02\/04\/mein-wort-schatz-poehler\/\"]}]},{\"@type\":\"BreadcrumbList\",\"@id\":\"https:\/\/blog.zeit.de\/zeit-der-leser\/2012\/02\/04\/mein-wort-schatz-poehler\/#breadcrumb\",\"itemListElement\":[{\"@type\":\"ListItem\",\"position\":1,\"name\":\"Startseite\",\"item\":\"https:\/\/blog.zeit.de\/zeit-der-leser\/\"},{\"@type\":\"ListItem\",\"position\":2,\"name\":\"P\u00f6hler: Mein Wort-Schatz\"}]},{\"@type\":\"WebSite\",\"@id\":\"https:\/\/blog.zeit.de\/zeit-der-leser\/#website\",\"url\":\"https:\/\/blog.zeit.de\/zeit-der-leser\/\",\"name\":\"ZEIT der Leser\",\"description\":\"Ein Blog mit Ihren Notizen, Gedichten und Bildern f\u00fcr die gedruckte ZEIT\",\"potentialAction\":[{\"@type\":\"SearchAction\",\"target\":{\"@type\":\"EntryPoint\",\"urlTemplate\":\"https:\/\/blog.zeit.de\/zeit-der-leser\/?s={search_term_string}\"},\"query-input\":\"required name=search_term_string\"}],\"inLanguage\":\"de\"},{\"@type\":\"Person\",\"@id\":\"https:\/\/blog.zeit.de\/zeit-der-leser\/#\/schema\/person\/583b14e5ad6368c23af846ecbde9f20f\",\"name\":\"\\\"Zeit der Leser\\\"-Redaktion\",\"image\":{\"@type\":\"ImageObject\",\"inLanguage\":\"de\",\"@id\":\"https:\/\/blog.zeit.de\/zeit-der-leser\/#\/schema\/person\/image\/\",\"url\":\"https:\/\/secure.gravatar.com\/avatar\/e801a681bd3bbf2345131a815930b48d9f8e0a94de1346b624840dc850f67ad0?s=96&d=mm&r=g\",\"contentUrl\":\"https:\/\/secure.gravatar.com\/avatar\/e801a681bd3bbf2345131a815930b48d9f8e0a94de1346b624840dc850f67ad0?s=96&d=mm&r=g\",\"caption\":\"\\\"Zeit der Leser\\\"-Redaktion\"},\"url\":\"https:\/\/blog.zeit.de\/zeit-der-leser\/author\/zeit-der-leser-redaktion\/\"}]}<\/script>\n<!-- \/ Yoast SEO plugin. -->","yoast_head_json":{"title":"P\u00f6hler: Mein Wort-Schatz - ZEIT der Leser","robots":{"index":"index","follow":"follow","max-snippet":"max-snippet:-1","max-image-preview":"max-image-preview:large","max-video-preview":"max-video-preview:-1"},"canonical":"https:\/\/blog.zeit.de\/zeit-der-leser\/2012\/02\/04\/mein-wort-schatz-poehler\/","og_locale":"de_DE","og_type":"article","og_title":"P\u00f6hler: Mein Wort-Schatz - ZEIT der Leser","og_description":"\u00bbP\u00f6hler\u00ab stand ku\u0308rzlich auf der Schirmmu\u0308tze von J\u00fcrgen Klopp, dem Trainer von Borussia Dortmund. Und da war sie wieder, die Erinnerung an meine Kinder- und Jugendjahre in Westfalen: Nach Schule und Hausaufgaben ging\u2019s raus auf die Konsumwiese, zum P\u00f6hlen (vulgo: Fu\u00dfballspielen) mit den Jungs aus der Nachbarschaft. Da machte es nichts, dass die Wiese bucklig [&hellip;]","og_url":"https:\/\/blog.zeit.de\/zeit-der-leser\/2012\/02\/04\/mein-wort-schatz-poehler\/","og_site_name":"ZEIT der Leser","article_published_time":"2012-02-04T09:00:46+00:00","article_modified_time":"2015-02-24T16:17:33+00:00","author":"\"Zeit der Leser\"-Redaktion","twitter_card":"summary_large_image","twitter_misc":{"Geschrieben von":"\"Zeit der Leser\"-Redaktion","Gesch\u00e4tzte Lesezeit":"1\u00a0Minute"},"schema":{"@context":"https:\/\/schema.org","@graph":[{"@type":"WebPage","@id":"https:\/\/blog.zeit.de\/zeit-der-leser\/2012\/02\/04\/mein-wort-schatz-poehler\/","url":"https:\/\/blog.zeit.de\/zeit-der-leser\/2012\/02\/04\/mein-wort-schatz-poehler\/","name":"P\u00f6hler: Mein Wort-Schatz - ZEIT der Leser","isPartOf":{"@id":"https:\/\/blog.zeit.de\/zeit-der-leser\/#website"},"datePublished":"2012-02-04T09:00:46+00:00","dateModified":"2015-02-24T16:17:33+00:00","author":{"@id":"https:\/\/blog.zeit.de\/zeit-der-leser\/#\/schema\/person\/583b14e5ad6368c23af846ecbde9f20f"},"breadcrumb":{"@id":"https:\/\/blog.zeit.de\/zeit-der-leser\/2012\/02\/04\/mein-wort-schatz-poehler\/#breadcrumb"},"inLanguage":"de","potentialAction":[{"@type":"ReadAction","target":["https:\/\/blog.zeit.de\/zeit-der-leser\/2012\/02\/04\/mein-wort-schatz-poehler\/"]}]},{"@type":"BreadcrumbList","@id":"https:\/\/blog.zeit.de\/zeit-der-leser\/2012\/02\/04\/mein-wort-schatz-poehler\/#breadcrumb","itemListElement":[{"@type":"ListItem","position":1,"name":"Startseite","item":"https:\/\/blog.zeit.de\/zeit-der-leser\/"},{"@type":"ListItem","position":2,"name":"P\u00f6hler: Mein Wort-Schatz"}]},{"@type":"WebSite","@id":"https:\/\/blog.zeit.de\/zeit-der-leser\/#website","url":"https:\/\/blog.zeit.de\/zeit-der-leser\/","name":"ZEIT der Leser","description":"Ein Blog mit Ihren Notizen, Gedichten und Bildern f\u00fcr die gedruckte ZEIT","potentialAction":[{"@type":"SearchAction","target":{"@type":"EntryPoint","urlTemplate":"https:\/\/blog.zeit.de\/zeit-der-leser\/?s={search_term_string}"},"query-input":"required name=search_term_string"}],"inLanguage":"de"},{"@type":"Person","@id":"https:\/\/blog.zeit.de\/zeit-der-leser\/#\/schema\/person\/583b14e5ad6368c23af846ecbde9f20f","name":"\"Zeit der Leser\"-Redaktion","image":{"@type":"ImageObject","inLanguage":"de","@id":"https:\/\/blog.zeit.de\/zeit-der-leser\/#\/schema\/person\/image\/","url":"https:\/\/secure.gravatar.com\/avatar\/e801a681bd3bbf2345131a815930b48d9f8e0a94de1346b624840dc850f67ad0?s=96&d=mm&r=g","contentUrl":"https:\/\/secure.gravatar.com\/avatar\/e801a681bd3bbf2345131a815930b48d9f8e0a94de1346b624840dc850f67ad0?s=96&d=mm&r=g","caption":"\"Zeit der Leser\"-Redaktion"},"url":"https:\/\/blog.zeit.de\/zeit-der-leser\/author\/zeit-der-leser-redaktion\/"}]}},"jetpack_featured_media_url":"","jetpack_sharing_enabled":true,"_links":{"self":[{"href":"https:\/\/blog.zeit.de\/zeit-der-leser\/wp-json\/wp\/v2\/posts\/8528","targetHints":{"allow":["GET"]}}],"collection":[{"href":"https:\/\/blog.zeit.de\/zeit-der-leser\/wp-json\/wp\/v2\/posts"}],"about":[{"href":"https:\/\/blog.zeit.de\/zeit-der-leser\/wp-json\/wp\/v2\/types\/post"}],"author":[{"embeddable":true,"href":"https:\/\/blog.zeit.de\/zeit-der-leser\/wp-json\/wp\/v2\/users\/265"}],"replies":[{"embeddable":true,"href":"https:\/\/blog.zeit.de\/zeit-der-leser\/wp-json\/wp\/v2\/comments?post=8528"}],"version-history":[{"count":4,"href":"https:\/\/blog.zeit.de\/zeit-der-leser\/wp-json\/wp\/v2\/posts\/8528\/revisions"}],"predecessor-version":[{"id":19787,"href":"https:\/\/blog.zeit.de\/zeit-der-leser\/wp-json\/wp\/v2\/posts\/8528\/revisions\/19787"}],"wp:attachment":[{"href":"https:\/\/blog.zeit.de\/zeit-der-leser\/wp-json\/wp\/v2\/media?parent=8528"}],"wp:term":[{"taxonomy":"category","embeddable":true,"href":"https:\/\/blog.zeit.de\/zeit-der-leser\/wp-json\/wp\/v2\/categories?post=8528"},{"taxonomy":"post_tag","embeddable":true,"href":"https:\/\/blog.zeit.de\/zeit-der-leser\/wp-json\/wp\/v2\/tags?post=8528"}],"curies":[{"name":"wp","href":"https:\/\/api.w.org\/{rel}","templated":true}]}}