{"id":8566,"date":"2012-02-08T10:00:31","date_gmt":"2012-02-08T09:00:31","guid":{"rendered":"http:\/\/blog.zeit.de\/zeit-der-leser\/?p=8566"},"modified":"2015-02-24T17:17:10","modified_gmt":"2015-02-24T16:17:10","slug":"mein-wort-schatz-schmaus","status":"publish","type":"post","link":"https:\/\/blog.zeit.de\/zeit-der-leser\/2012\/02\/08\/mein-wort-schatz-schmaus\/","title":{"rendered":"Schmaus: Mein Wort-Schatz"},"content":{"rendered":"<p>Zu den W\u00f6rtern, die ich besonders mag, geh\u00f6rt der Schmaus. Es ist nicht nur ein altes Wort, sondern es l\u00e4sst sich kaum durch eine moderne Bezeichnung ersetzen. Alles, was uns zum Thema Mahlzeit einf\u00e4llt \u2013 Festessen, Imbiss, Men\u00fc, Grillparty, Buffet \u2013, dr\u00fcckt h\u00f6chstens teilweise aus, was der \u00bb<strong>Schmaus<\/strong>\u00ab umfasst: \u00bbmit Genuss und Behagen viel und gut essen und trinken\u00ab (Etymologisches W\u00f6rterbuch des Deutschen, dtv). Ludwig Uhland hat dem Schmaus ein lyrisches Denkmal gesetzt: In seinem Gedicht Einkehr wird ein Apfelbaum zum Sinnbild der freigebigen Natur. Die dritte Strophe lautet:<\/p>\n<p>Es kamen in sein gr\u00fcnes Haus<br \/>\nViel leichtbeschwingte G\u00e4ste;<br \/>\nSie sprangen frei und hielten\u00a0Schmaus<br \/>\nUnd sangen auf das beste.<\/p>\n<p>Wenn wir am gro\u00dfen Familien-Esstisch Platz genommen haben, wartet die Freundin unseres Sohnes jedes Mal auf meine Frage: \u00bbWie hei\u00dft der Spruch?\u00ab ihre Antwort: \u00bbFr\u00f6hlich sei der Schmaus \u2013 in diesem Haus!\u00ab<\/p>\n<p><strong>Hans-Otto Seinsche<\/strong>, Betzdorf<\/p>\n","protected":false},"excerpt":{"rendered":"<p>Zu den W\u00f6rtern, die ich besonders mag, geh\u00f6rt der Schmaus. Es ist nicht nur ein altes Wort, sondern es l\u00e4sst sich kaum durch eine moderne Bezeichnung ersetzen. Alles, was uns zum Thema Mahlzeit einf\u00e4llt \u2013 Festessen, Imbiss, Men\u00fc, Grillparty, Buffet \u2013, dr\u00fcckt h\u00f6chstens teilweise aus, was der \u00bbSchmaus\u00ab umfasst: \u00bbmit Genuss und Behagen viel und [&hellip;]<\/p>\n","protected":false},"author":265,"featured_media":0,"comment_status":"open","ping_status":"open","sticky":false,"template":"","format":"standard","meta":{"_jetpack_memberships_contains_paid_content":false,"footnotes":""},"categories":[5687],"tags":[],"class_list":["post-8566","post","type-post","status-publish","format-standard","hentry","category-mein-wort-schatz"],"yoast_head":"<!-- This site is optimized with the Yoast SEO plugin v21.0 - https:\/\/yoast.com\/wordpress\/plugins\/seo\/ -->\n<title>Schmaus: Mein Wort-Schatz - ZEIT der Leser<\/title>\n<meta name=\"robots\" content=\"index, follow, max-snippet:-1, max-image-preview:large, max-video-preview:-1\" \/>\n<link rel=\"canonical\" href=\"https:\/\/blog.zeit.de\/zeit-der-leser\/2012\/02\/08\/mein-wort-schatz-schmaus\/\" \/>\n<meta property=\"og:locale\" content=\"de_DE\" \/>\n<meta property=\"og:type\" content=\"article\" \/>\n<meta property=\"og:title\" content=\"Schmaus: Mein Wort-Schatz - ZEIT der Leser\" \/>\n<meta property=\"og:description\" content=\"Zu den W\u00f6rtern, die ich besonders mag, geh\u00f6rt der Schmaus. Es ist nicht nur ein altes Wort, sondern es l\u00e4sst sich kaum durch eine moderne Bezeichnung ersetzen. Alles, was uns zum Thema Mahlzeit einf\u00e4llt \u2013 Festessen, Imbiss, Men\u00fc, Grillparty, Buffet \u2013, dr\u00fcckt h\u00f6chstens teilweise aus, was der \u00bbSchmaus\u00ab umfasst: \u00bbmit Genuss und Behagen viel und [&hellip;]\" \/>\n<meta property=\"og:url\" content=\"https:\/\/blog.zeit.de\/zeit-der-leser\/2012\/02\/08\/mein-wort-schatz-schmaus\/\" \/>\n<meta property=\"og:site_name\" content=\"ZEIT der Leser\" \/>\n<meta property=\"article:published_time\" content=\"2012-02-08T09:00:31+00:00\" \/>\n<meta property=\"article:modified_time\" content=\"2015-02-24T16:17:10+00:00\" \/>\n<meta name=\"author\" content=\"&quot;Zeit der Leser&quot;-Redaktion\" \/>\n<meta name=\"twitter:card\" content=\"summary_large_image\" \/>\n<meta name=\"twitter:label1\" content=\"Geschrieben von\" \/>\n\t<meta name=\"twitter:data1\" content=\"\"Zeit der Leser\"-Redaktion\" \/>\n\t<meta name=\"twitter:label2\" content=\"Gesch\u00e4tzte Lesezeit\" \/>\n\t<meta name=\"twitter:data2\" content=\"1\u00a0Minute\" \/>\n<script type=\"application\/ld+json\" class=\"yoast-schema-graph\">{\"@context\":\"https:\/\/schema.org\",\"@graph\":[{\"@type\":\"WebPage\",\"@id\":\"https:\/\/blog.zeit.de\/zeit-der-leser\/2012\/02\/08\/mein-wort-schatz-schmaus\/\",\"url\":\"https:\/\/blog.zeit.de\/zeit-der-leser\/2012\/02\/08\/mein-wort-schatz-schmaus\/\",\"name\":\"Schmaus: Mein Wort-Schatz - ZEIT der Leser\",\"isPartOf\":{\"@id\":\"https:\/\/blog.zeit.de\/zeit-der-leser\/#website\"},\"datePublished\":\"2012-02-08T09:00:31+00:00\",\"dateModified\":\"2015-02-24T16:17:10+00:00\",\"author\":{\"@id\":\"https:\/\/blog.zeit.de\/zeit-der-leser\/#\/schema\/person\/583b14e5ad6368c23af846ecbde9f20f\"},\"breadcrumb\":{\"@id\":\"https:\/\/blog.zeit.de\/zeit-der-leser\/2012\/02\/08\/mein-wort-schatz-schmaus\/#breadcrumb\"},\"inLanguage\":\"de\",\"potentialAction\":[{\"@type\":\"ReadAction\",\"target\":[\"https:\/\/blog.zeit.de\/zeit-der-leser\/2012\/02\/08\/mein-wort-schatz-schmaus\/\"]}]},{\"@type\":\"BreadcrumbList\",\"@id\":\"https:\/\/blog.zeit.de\/zeit-der-leser\/2012\/02\/08\/mein-wort-schatz-schmaus\/#breadcrumb\",\"itemListElement\":[{\"@type\":\"ListItem\",\"position\":1,\"name\":\"Startseite\",\"item\":\"https:\/\/blog.zeit.de\/zeit-der-leser\/\"},{\"@type\":\"ListItem\",\"position\":2,\"name\":\"Schmaus: Mein Wort-Schatz\"}]},{\"@type\":\"WebSite\",\"@id\":\"https:\/\/blog.zeit.de\/zeit-der-leser\/#website\",\"url\":\"https:\/\/blog.zeit.de\/zeit-der-leser\/\",\"name\":\"ZEIT der Leser\",\"description\":\"Ein Blog mit Ihren Notizen, Gedichten und Bildern f\u00fcr die gedruckte ZEIT\",\"potentialAction\":[{\"@type\":\"SearchAction\",\"target\":{\"@type\":\"EntryPoint\",\"urlTemplate\":\"https:\/\/blog.zeit.de\/zeit-der-leser\/?s={search_term_string}\"},\"query-input\":\"required name=search_term_string\"}],\"inLanguage\":\"de\"},{\"@type\":\"Person\",\"@id\":\"https:\/\/blog.zeit.de\/zeit-der-leser\/#\/schema\/person\/583b14e5ad6368c23af846ecbde9f20f\",\"name\":\"\\\"Zeit der Leser\\\"-Redaktion\",\"image\":{\"@type\":\"ImageObject\",\"inLanguage\":\"de\",\"@id\":\"https:\/\/blog.zeit.de\/zeit-der-leser\/#\/schema\/person\/image\/\",\"url\":\"https:\/\/secure.gravatar.com\/avatar\/e801a681bd3bbf2345131a815930b48d9f8e0a94de1346b624840dc850f67ad0?s=96&d=mm&r=g\",\"contentUrl\":\"https:\/\/secure.gravatar.com\/avatar\/e801a681bd3bbf2345131a815930b48d9f8e0a94de1346b624840dc850f67ad0?s=96&d=mm&r=g\",\"caption\":\"\\\"Zeit der Leser\\\"-Redaktion\"},\"url\":\"https:\/\/blog.zeit.de\/zeit-der-leser\/author\/zeit-der-leser-redaktion\/\"}]}<\/script>\n<!-- \/ Yoast SEO plugin. -->","yoast_head_json":{"title":"Schmaus: Mein Wort-Schatz - ZEIT der Leser","robots":{"index":"index","follow":"follow","max-snippet":"max-snippet:-1","max-image-preview":"max-image-preview:large","max-video-preview":"max-video-preview:-1"},"canonical":"https:\/\/blog.zeit.de\/zeit-der-leser\/2012\/02\/08\/mein-wort-schatz-schmaus\/","og_locale":"de_DE","og_type":"article","og_title":"Schmaus: Mein Wort-Schatz - ZEIT der Leser","og_description":"Zu den W\u00f6rtern, die ich besonders mag, geh\u00f6rt der Schmaus. Es ist nicht nur ein altes Wort, sondern es l\u00e4sst sich kaum durch eine moderne Bezeichnung ersetzen. Alles, was uns zum Thema Mahlzeit einf\u00e4llt \u2013 Festessen, Imbiss, Men\u00fc, Grillparty, Buffet \u2013, dr\u00fcckt h\u00f6chstens teilweise aus, was der \u00bbSchmaus\u00ab umfasst: \u00bbmit Genuss und Behagen viel und [&hellip;]","og_url":"https:\/\/blog.zeit.de\/zeit-der-leser\/2012\/02\/08\/mein-wort-schatz-schmaus\/","og_site_name":"ZEIT der Leser","article_published_time":"2012-02-08T09:00:31+00:00","article_modified_time":"2015-02-24T16:17:10+00:00","author":"\"Zeit der Leser\"-Redaktion","twitter_card":"summary_large_image","twitter_misc":{"Geschrieben von":"\"Zeit der Leser\"-Redaktion","Gesch\u00e4tzte Lesezeit":"1\u00a0Minute"},"schema":{"@context":"https:\/\/schema.org","@graph":[{"@type":"WebPage","@id":"https:\/\/blog.zeit.de\/zeit-der-leser\/2012\/02\/08\/mein-wort-schatz-schmaus\/","url":"https:\/\/blog.zeit.de\/zeit-der-leser\/2012\/02\/08\/mein-wort-schatz-schmaus\/","name":"Schmaus: Mein Wort-Schatz - ZEIT der Leser","isPartOf":{"@id":"https:\/\/blog.zeit.de\/zeit-der-leser\/#website"},"datePublished":"2012-02-08T09:00:31+00:00","dateModified":"2015-02-24T16:17:10+00:00","author":{"@id":"https:\/\/blog.zeit.de\/zeit-der-leser\/#\/schema\/person\/583b14e5ad6368c23af846ecbde9f20f"},"breadcrumb":{"@id":"https:\/\/blog.zeit.de\/zeit-der-leser\/2012\/02\/08\/mein-wort-schatz-schmaus\/#breadcrumb"},"inLanguage":"de","potentialAction":[{"@type":"ReadAction","target":["https:\/\/blog.zeit.de\/zeit-der-leser\/2012\/02\/08\/mein-wort-schatz-schmaus\/"]}]},{"@type":"BreadcrumbList","@id":"https:\/\/blog.zeit.de\/zeit-der-leser\/2012\/02\/08\/mein-wort-schatz-schmaus\/#breadcrumb","itemListElement":[{"@type":"ListItem","position":1,"name":"Startseite","item":"https:\/\/blog.zeit.de\/zeit-der-leser\/"},{"@type":"ListItem","position":2,"name":"Schmaus: Mein Wort-Schatz"}]},{"@type":"WebSite","@id":"https:\/\/blog.zeit.de\/zeit-der-leser\/#website","url":"https:\/\/blog.zeit.de\/zeit-der-leser\/","name":"ZEIT der Leser","description":"Ein Blog mit Ihren Notizen, Gedichten und Bildern f\u00fcr die gedruckte ZEIT","potentialAction":[{"@type":"SearchAction","target":{"@type":"EntryPoint","urlTemplate":"https:\/\/blog.zeit.de\/zeit-der-leser\/?s={search_term_string}"},"query-input":"required name=search_term_string"}],"inLanguage":"de"},{"@type":"Person","@id":"https:\/\/blog.zeit.de\/zeit-der-leser\/#\/schema\/person\/583b14e5ad6368c23af846ecbde9f20f","name":"\"Zeit der Leser\"-Redaktion","image":{"@type":"ImageObject","inLanguage":"de","@id":"https:\/\/blog.zeit.de\/zeit-der-leser\/#\/schema\/person\/image\/","url":"https:\/\/secure.gravatar.com\/avatar\/e801a681bd3bbf2345131a815930b48d9f8e0a94de1346b624840dc850f67ad0?s=96&d=mm&r=g","contentUrl":"https:\/\/secure.gravatar.com\/avatar\/e801a681bd3bbf2345131a815930b48d9f8e0a94de1346b624840dc850f67ad0?s=96&d=mm&r=g","caption":"\"Zeit der Leser\"-Redaktion"},"url":"https:\/\/blog.zeit.de\/zeit-der-leser\/author\/zeit-der-leser-redaktion\/"}]}},"jetpack_featured_media_url":"","jetpack_sharing_enabled":true,"_links":{"self":[{"href":"https:\/\/blog.zeit.de\/zeit-der-leser\/wp-json\/wp\/v2\/posts\/8566","targetHints":{"allow":["GET"]}}],"collection":[{"href":"https:\/\/blog.zeit.de\/zeit-der-leser\/wp-json\/wp\/v2\/posts"}],"about":[{"href":"https:\/\/blog.zeit.de\/zeit-der-leser\/wp-json\/wp\/v2\/types\/post"}],"author":[{"embeddable":true,"href":"https:\/\/blog.zeit.de\/zeit-der-leser\/wp-json\/wp\/v2\/users\/265"}],"replies":[{"embeddable":true,"href":"https:\/\/blog.zeit.de\/zeit-der-leser\/wp-json\/wp\/v2\/comments?post=8566"}],"version-history":[{"count":6,"href":"https:\/\/blog.zeit.de\/zeit-der-leser\/wp-json\/wp\/v2\/posts\/8566\/revisions"}],"predecessor-version":[{"id":19786,"href":"https:\/\/blog.zeit.de\/zeit-der-leser\/wp-json\/wp\/v2\/posts\/8566\/revisions\/19786"}],"wp:attachment":[{"href":"https:\/\/blog.zeit.de\/zeit-der-leser\/wp-json\/wp\/v2\/media?parent=8566"}],"wp:term":[{"taxonomy":"category","embeddable":true,"href":"https:\/\/blog.zeit.de\/zeit-der-leser\/wp-json\/wp\/v2\/categories?post=8566"},{"taxonomy":"post_tag","embeddable":true,"href":"https:\/\/blog.zeit.de\/zeit-der-leser\/wp-json\/wp\/v2\/tags?post=8566"}],"curies":[{"name":"wp","href":"https:\/\/api.w.org\/{rel}","templated":true}]}}