{"id":8637,"date":"2012-02-13T18:00:26","date_gmt":"2012-02-13T17:00:26","guid":{"rendered":"http:\/\/blog.zeit.de\/zeit-der-leser\/?p=8637"},"modified":"2012-02-08T17:08:17","modified_gmt":"2012-02-08T16:08:17","slug":"zeitsprung-46","status":"publish","type":"post","link":"https:\/\/blog.zeit.de\/zeit-der-leser\/2012\/02\/13\/zeitsprung-46\/","title":{"rendered":"Zeitsprung"},"content":{"rendered":"<p><figure id=\"attachment_8638\" aria-describedby=\"caption-attachment-8638\" style=\"width: 540px\" class=\"wp-caption aligncenter\"><a href=\"https:\/\/blog.zeit.de\/zeit-der-leser\/files\/2012\/02\/s86-zeitsprung-1-1.jpg\"><img loading=\"lazy\" decoding=\"async\" class=\"size-full wp-image-8638\" src=\"https:\/\/blog.zeit.de\/zeit-der-leser\/files\/2012\/02\/s86-zeitsprung-1-1.jpg\" alt=\"\" width=\"540\" height=\"352\" srcset=\"https:\/\/blog.zeit.de\/zeit-der-leser\/files\/2012\/02\/s86-zeitsprung-1-1.jpg 540w, https:\/\/blog.zeit.de\/zeit-der-leser\/files\/2012\/02\/s86-zeitsprung-1-1-300x195.jpg 300w\" sizes=\"auto, (max-width: 540px) 100vw, 540px\" \/><\/a><figcaption id=\"caption-attachment-8638\" class=\"wp-caption-text\">1970<\/figcaption><\/figure><\/p>\n<p><figure id=\"attachment_8640\" aria-describedby=\"caption-attachment-8640\" style=\"width: 540px\" class=\"wp-caption aligncenter\"><a href=\"https:\/\/blog.zeit.de\/zeit-der-leser\/files\/2012\/02\/s86-zeitsprung-2-11.jpg\"><img loading=\"lazy\" decoding=\"async\" class=\"size-full wp-image-8640\" src=\"https:\/\/blog.zeit.de\/zeit-der-leser\/files\/2012\/02\/s86-zeitsprung-2-11.jpg\" alt=\"\" width=\"540\" height=\"352\" srcset=\"https:\/\/blog.zeit.de\/zeit-der-leser\/files\/2012\/02\/s86-zeitsprung-2-11.jpg 540w, https:\/\/blog.zeit.de\/zeit-der-leser\/files\/2012\/02\/s86-zeitsprung-2-11-300x195.jpg 300w\" sizes=\"auto, (max-width: 540px) 100vw, 540px\" \/><\/a><figcaption id=\"caption-attachment-8640\" class=\"wp-caption-text\">2011<\/figcaption><\/figure><\/p>\n<p>Eine lange Zeit ist vergangen. Aber wir haben es geschafft: Nach 41 Jahren haben wir Sch\u00fclerinnen der Klasse 10a der Essener Elsa-Br\u00e4ndstr\u00f6m-Schule aus den Jahren 1965 bis 1970 uns wiedergesehen. Das hei\u00dft, nat\u00fcrlich nicht alle, denn es ist gar nicht so einfach, Ehemalige zu finden. Und wir hatten uns tats\u00e4chlich 41 Jahre lang nicht gesehen. Als wir dann alte Fotos anschauten, entdecken wir ein Bild aus dem Jahr 1970. Es zeigt Rita, Marina, Helga und Elke bei unserer Abschlussklassenfahrt nach Tauberbischofsheim. Nat\u00fcrlich h\u00e4tten wir die vier nicht mehr an demselben Ort aufnehmen k\u00f6nnen. Aber die Freude u\u0308ber das Miteinander konnten wir wiederaufleben lassen. Nach 41 Jahren also sitzen Rita, Marina, Helga und Elke wieder nebeneinander. Das Foto zeigt unser aller Freude, uns wiederzusehen, \u00fcber alte Zeiten zu sprechen, Erinnerungen aufleben zu lassen und viel zu lachen \u2013 so wie in alten Zeiten. Vielleicht finden wir auf diesem Weg ja weitere \u00bbM\u00e4dchen \u00ab aus der \u00bbElsa\u00ab \u2013 Abschlussjahrgang 1970!<\/p>\n<p><em>Gabriele Zeisberg-Viroli, Waldkirch<\/em><\/p>\n","protected":false},"excerpt":{"rendered":"<p>Eine lange Zeit ist vergangen. Aber wir haben es geschafft: Nach 41 Jahren haben wir Sch\u00fclerinnen der Klasse 10a der Essener Elsa-Br\u00e4ndstr\u00f6m-Schule aus den Jahren 1965 bis 1970 uns wiedergesehen. Das hei\u00dft, nat\u00fcrlich nicht alle, denn es ist gar nicht so einfach, Ehemalige zu finden. Und wir hatten uns tats\u00e4chlich 41 Jahre lang nicht gesehen. [&hellip;]<\/p>\n","protected":false},"author":265,"featured_media":0,"comment_status":"open","ping_status":"open","sticky":false,"template":"","format":"standard","meta":{"_jetpack_memberships_contains_paid_content":false,"footnotes":""},"categories":[1878],"tags":[],"class_list":["post-8637","post","type-post","status-publish","format-standard","hentry","category-zeitsprung"],"yoast_head":"<!-- This site is optimized with the Yoast SEO plugin v21.0 - https:\/\/yoast.com\/wordpress\/plugins\/seo\/ -->\n<title>Zeitsprung - ZEIT der Leser<\/title>\n<meta name=\"robots\" content=\"index, follow, max-snippet:-1, max-image-preview:large, max-video-preview:-1\" \/>\n<link rel=\"canonical\" href=\"https:\/\/blog.zeit.de\/zeit-der-leser\/2012\/02\/13\/zeitsprung-46\/\" \/>\n<meta property=\"og:locale\" content=\"de_DE\" \/>\n<meta property=\"og:type\" content=\"article\" \/>\n<meta property=\"og:title\" content=\"Zeitsprung - ZEIT der Leser\" \/>\n<meta property=\"og:description\" content=\"Eine lange Zeit ist vergangen. Aber wir haben es geschafft: Nach 41 Jahren haben wir Sch\u00fclerinnen der Klasse 10a der Essener Elsa-Br\u00e4ndstr\u00f6m-Schule aus den Jahren 1965 bis 1970 uns wiedergesehen. Das hei\u00dft, nat\u00fcrlich nicht alle, denn es ist gar nicht so einfach, Ehemalige zu finden. Und wir hatten uns tats\u00e4chlich 41 Jahre lang nicht gesehen. [&hellip;]\" \/>\n<meta property=\"og:url\" content=\"https:\/\/blog.zeit.de\/zeit-der-leser\/2012\/02\/13\/zeitsprung-46\/\" \/>\n<meta property=\"og:site_name\" content=\"ZEIT der Leser\" \/>\n<meta property=\"article:published_time\" content=\"2012-02-13T17:00:26+00:00\" \/>\n<meta property=\"article:modified_time\" content=\"2012-02-08T16:08:17+00:00\" \/>\n<meta property=\"og:image\" content=\"https:\/\/blog.zeit.de\/zeit-der-leser\/files\/2012\/02\/s86-zeitsprung-1-1.jpg\" \/>\n<meta name=\"author\" content=\"&quot;Zeit der Leser&quot;-Redaktion\" \/>\n<meta name=\"twitter:card\" content=\"summary_large_image\" \/>\n<meta name=\"twitter:label1\" content=\"Geschrieben von\" \/>\n\t<meta name=\"twitter:data1\" content=\"\"Zeit der Leser\"-Redaktion\" \/>\n\t<meta name=\"twitter:label2\" content=\"Gesch\u00e4tzte Lesezeit\" \/>\n\t<meta name=\"twitter:data2\" content=\"1\u00a0Minute\" \/>\n<script type=\"application\/ld+json\" class=\"yoast-schema-graph\">{\"@context\":\"https:\/\/schema.org\",\"@graph\":[{\"@type\":\"WebPage\",\"@id\":\"https:\/\/blog.zeit.de\/zeit-der-leser\/2012\/02\/13\/zeitsprung-46\/\",\"url\":\"https:\/\/blog.zeit.de\/zeit-der-leser\/2012\/02\/13\/zeitsprung-46\/\",\"name\":\"Zeitsprung - ZEIT der Leser\",\"isPartOf\":{\"@id\":\"https:\/\/blog.zeit.de\/zeit-der-leser\/#website\"},\"datePublished\":\"2012-02-13T17:00:26+00:00\",\"dateModified\":\"2012-02-08T16:08:17+00:00\",\"author\":{\"@id\":\"https:\/\/blog.zeit.de\/zeit-der-leser\/#\/schema\/person\/583b14e5ad6368c23af846ecbde9f20f\"},\"breadcrumb\":{\"@id\":\"https:\/\/blog.zeit.de\/zeit-der-leser\/2012\/02\/13\/zeitsprung-46\/#breadcrumb\"},\"inLanguage\":\"de\",\"potentialAction\":[{\"@type\":\"ReadAction\",\"target\":[\"https:\/\/blog.zeit.de\/zeit-der-leser\/2012\/02\/13\/zeitsprung-46\/\"]}]},{\"@type\":\"BreadcrumbList\",\"@id\":\"https:\/\/blog.zeit.de\/zeit-der-leser\/2012\/02\/13\/zeitsprung-46\/#breadcrumb\",\"itemListElement\":[{\"@type\":\"ListItem\",\"position\":1,\"name\":\"Startseite\",\"item\":\"https:\/\/blog.zeit.de\/zeit-der-leser\/\"},{\"@type\":\"ListItem\",\"position\":2,\"name\":\"Zeitsprung\"}]},{\"@type\":\"WebSite\",\"@id\":\"https:\/\/blog.zeit.de\/zeit-der-leser\/#website\",\"url\":\"https:\/\/blog.zeit.de\/zeit-der-leser\/\",\"name\":\"ZEIT der Leser\",\"description\":\"Ein Blog mit Ihren Notizen, Gedichten und Bildern f\u00fcr die gedruckte ZEIT\",\"potentialAction\":[{\"@type\":\"SearchAction\",\"target\":{\"@type\":\"EntryPoint\",\"urlTemplate\":\"https:\/\/blog.zeit.de\/zeit-der-leser\/?s={search_term_string}\"},\"query-input\":\"required name=search_term_string\"}],\"inLanguage\":\"de\"},{\"@type\":\"Person\",\"@id\":\"https:\/\/blog.zeit.de\/zeit-der-leser\/#\/schema\/person\/583b14e5ad6368c23af846ecbde9f20f\",\"name\":\"\\\"Zeit der Leser\\\"-Redaktion\",\"image\":{\"@type\":\"ImageObject\",\"inLanguage\":\"de\",\"@id\":\"https:\/\/blog.zeit.de\/zeit-der-leser\/#\/schema\/person\/image\/\",\"url\":\"https:\/\/secure.gravatar.com\/avatar\/e801a681bd3bbf2345131a815930b48d9f8e0a94de1346b624840dc850f67ad0?s=96&d=mm&r=g\",\"contentUrl\":\"https:\/\/secure.gravatar.com\/avatar\/e801a681bd3bbf2345131a815930b48d9f8e0a94de1346b624840dc850f67ad0?s=96&d=mm&r=g\",\"caption\":\"\\\"Zeit der Leser\\\"-Redaktion\"},\"url\":\"https:\/\/blog.zeit.de\/zeit-der-leser\/author\/zeit-der-leser-redaktion\/\"}]}<\/script>\n<!-- \/ Yoast SEO plugin. -->","yoast_head_json":{"title":"Zeitsprung - ZEIT der Leser","robots":{"index":"index","follow":"follow","max-snippet":"max-snippet:-1","max-image-preview":"max-image-preview:large","max-video-preview":"max-video-preview:-1"},"canonical":"https:\/\/blog.zeit.de\/zeit-der-leser\/2012\/02\/13\/zeitsprung-46\/","og_locale":"de_DE","og_type":"article","og_title":"Zeitsprung - ZEIT der Leser","og_description":"Eine lange Zeit ist vergangen. Aber wir haben es geschafft: Nach 41 Jahren haben wir Sch\u00fclerinnen der Klasse 10a der Essener Elsa-Br\u00e4ndstr\u00f6m-Schule aus den Jahren 1965 bis 1970 uns wiedergesehen. Das hei\u00dft, nat\u00fcrlich nicht alle, denn es ist gar nicht so einfach, Ehemalige zu finden. Und wir hatten uns tats\u00e4chlich 41 Jahre lang nicht gesehen. [&hellip;]","og_url":"https:\/\/blog.zeit.de\/zeit-der-leser\/2012\/02\/13\/zeitsprung-46\/","og_site_name":"ZEIT der Leser","article_published_time":"2012-02-13T17:00:26+00:00","article_modified_time":"2012-02-08T16:08:17+00:00","og_image":[{"url":"https:\/\/blog.zeit.de\/zeit-der-leser\/files\/2012\/02\/s86-zeitsprung-1-1.jpg"}],"author":"\"Zeit der Leser\"-Redaktion","twitter_card":"summary_large_image","twitter_misc":{"Geschrieben von":"\"Zeit der Leser\"-Redaktion","Gesch\u00e4tzte Lesezeit":"1\u00a0Minute"},"schema":{"@context":"https:\/\/schema.org","@graph":[{"@type":"WebPage","@id":"https:\/\/blog.zeit.de\/zeit-der-leser\/2012\/02\/13\/zeitsprung-46\/","url":"https:\/\/blog.zeit.de\/zeit-der-leser\/2012\/02\/13\/zeitsprung-46\/","name":"Zeitsprung - ZEIT der Leser","isPartOf":{"@id":"https:\/\/blog.zeit.de\/zeit-der-leser\/#website"},"datePublished":"2012-02-13T17:00:26+00:00","dateModified":"2012-02-08T16:08:17+00:00","author":{"@id":"https:\/\/blog.zeit.de\/zeit-der-leser\/#\/schema\/person\/583b14e5ad6368c23af846ecbde9f20f"},"breadcrumb":{"@id":"https:\/\/blog.zeit.de\/zeit-der-leser\/2012\/02\/13\/zeitsprung-46\/#breadcrumb"},"inLanguage":"de","potentialAction":[{"@type":"ReadAction","target":["https:\/\/blog.zeit.de\/zeit-der-leser\/2012\/02\/13\/zeitsprung-46\/"]}]},{"@type":"BreadcrumbList","@id":"https:\/\/blog.zeit.de\/zeit-der-leser\/2012\/02\/13\/zeitsprung-46\/#breadcrumb","itemListElement":[{"@type":"ListItem","position":1,"name":"Startseite","item":"https:\/\/blog.zeit.de\/zeit-der-leser\/"},{"@type":"ListItem","position":2,"name":"Zeitsprung"}]},{"@type":"WebSite","@id":"https:\/\/blog.zeit.de\/zeit-der-leser\/#website","url":"https:\/\/blog.zeit.de\/zeit-der-leser\/","name":"ZEIT der Leser","description":"Ein Blog mit Ihren Notizen, Gedichten und Bildern f\u00fcr die gedruckte ZEIT","potentialAction":[{"@type":"SearchAction","target":{"@type":"EntryPoint","urlTemplate":"https:\/\/blog.zeit.de\/zeit-der-leser\/?s={search_term_string}"},"query-input":"required name=search_term_string"}],"inLanguage":"de"},{"@type":"Person","@id":"https:\/\/blog.zeit.de\/zeit-der-leser\/#\/schema\/person\/583b14e5ad6368c23af846ecbde9f20f","name":"\"Zeit der Leser\"-Redaktion","image":{"@type":"ImageObject","inLanguage":"de","@id":"https:\/\/blog.zeit.de\/zeit-der-leser\/#\/schema\/person\/image\/","url":"https:\/\/secure.gravatar.com\/avatar\/e801a681bd3bbf2345131a815930b48d9f8e0a94de1346b624840dc850f67ad0?s=96&d=mm&r=g","contentUrl":"https:\/\/secure.gravatar.com\/avatar\/e801a681bd3bbf2345131a815930b48d9f8e0a94de1346b624840dc850f67ad0?s=96&d=mm&r=g","caption":"\"Zeit der Leser\"-Redaktion"},"url":"https:\/\/blog.zeit.de\/zeit-der-leser\/author\/zeit-der-leser-redaktion\/"}]}},"jetpack_featured_media_url":"","jetpack_sharing_enabled":true,"_links":{"self":[{"href":"https:\/\/blog.zeit.de\/zeit-der-leser\/wp-json\/wp\/v2\/posts\/8637","targetHints":{"allow":["GET"]}}],"collection":[{"href":"https:\/\/blog.zeit.de\/zeit-der-leser\/wp-json\/wp\/v2\/posts"}],"about":[{"href":"https:\/\/blog.zeit.de\/zeit-der-leser\/wp-json\/wp\/v2\/types\/post"}],"author":[{"embeddable":true,"href":"https:\/\/blog.zeit.de\/zeit-der-leser\/wp-json\/wp\/v2\/users\/265"}],"replies":[{"embeddable":true,"href":"https:\/\/blog.zeit.de\/zeit-der-leser\/wp-json\/wp\/v2\/comments?post=8637"}],"version-history":[{"count":3,"href":"https:\/\/blog.zeit.de\/zeit-der-leser\/wp-json\/wp\/v2\/posts\/8637\/revisions"}],"predecessor-version":[{"id":8643,"href":"https:\/\/blog.zeit.de\/zeit-der-leser\/wp-json\/wp\/v2\/posts\/8637\/revisions\/8643"}],"wp:attachment":[{"href":"https:\/\/blog.zeit.de\/zeit-der-leser\/wp-json\/wp\/v2\/media?parent=8637"}],"wp:term":[{"taxonomy":"category","embeddable":true,"href":"https:\/\/blog.zeit.de\/zeit-der-leser\/wp-json\/wp\/v2\/categories?post=8637"},{"taxonomy":"post_tag","embeddable":true,"href":"https:\/\/blog.zeit.de\/zeit-der-leser\/wp-json\/wp\/v2\/tags?post=8637"}],"curies":[{"name":"wp","href":"https:\/\/api.w.org\/{rel}","templated":true}]}}