{"id":8655,"date":"2012-02-17T10:00:32","date_gmt":"2012-02-17T09:00:32","guid":{"rendered":"http:\/\/blog.zeit.de\/zeit-der-leser\/?p=8655"},"modified":"2012-02-15T16:29:25","modified_gmt":"2012-02-15T15:29:25","slug":"das-ist-mein-ding","status":"publish","type":"post","link":"https:\/\/blog.zeit.de\/zeit-der-leser\/2012\/02\/17\/das-ist-mein-ding\/","title":{"rendered":"Das ist mein Ding"},"content":{"rendered":"<p><a href=\"https:\/\/blog.zeit.de\/zeit-der-leser\/files\/2012\/02\/s100-nikkormat.jpg\"><img loading=\"lazy\" decoding=\"async\" src=\"https:\/\/blog.zeit.de\/zeit-der-leser\/files\/2012\/02\/s100-nikkormat.jpg\" alt=\"\" width=\"540\" height=\"304\" class=\"aligncenter size-full wp-image-8656\" srcset=\"https:\/\/blog.zeit.de\/zeit-der-leser\/files\/2012\/02\/s100-nikkormat.jpg 540w, https:\/\/blog.zeit.de\/zeit-der-leser\/files\/2012\/02\/s100-nikkormat-300x168.jpg 300w\" sizes=\"auto, (max-width: 540px) 100vw, 540px\" \/><\/a><br \/>\nMeine Nikkormat stammt aus dem Jahr 1972. Wir waren frisch verheiratet, und mein Mann erbte von seinem Gro\u00dfvater eine Briefmarkensammlung, die durch einen Wasserschaden allerdings zu einem gro\u00dfen Klumpen zusammengebacken war. Wochenlang l\u00f6sten wir Marke um Marke mithilfe von Schw\u00e4mmchen und Pinzette aus dem unf\u00f6rmigen Gebilde, wochenlang also roch es in unserer Wohnung nach nassem Papier. Dann trugen wir die Ausbeute zu einem H\u00e4ndler, der sie fu\u0308r uns auf einer Auktion versteigerte. Vom Erl\u00f6s kauften wir uns die Kamera. Bis heute, vierzig Jahre lang, hat sie das Leben unserer Familie begleitet und dokumentiert. Und m\u00fcsste ich je entscheiden, welche drei Dinge ich auf die ber\u00fchmte einsame Insel mitnehmen w\u00fcrde: Neben meinem Mann und Thomas Manns Josephs-Roman w\u00e4re die Nikkormat dabei.<\/p>\n<p><em>Monika Weymann, Stuttgart<\/em><\/p>\n","protected":false},"excerpt":{"rendered":"<p>Meine Nikkormat stammt aus dem Jahr 1972. Wir waren frisch verheiratet, und mein Mann erbte von seinem Gro\u00dfvater eine Briefmarkensammlung, die durch einen Wasserschaden allerdings zu einem gro\u00dfen Klumpen zusammengebacken war. Wochenlang l\u00f6sten wir Marke um Marke mithilfe von Schw\u00e4mmchen und Pinzette aus dem unf\u00f6rmigen Gebilde, wochenlang also roch es in unserer Wohnung nach nassem [&hellip;]<\/p>\n","protected":false},"author":265,"featured_media":0,"comment_status":"open","ping_status":"open","sticky":false,"template":"","format":"standard","meta":{"_jetpack_memberships_contains_paid_content":false,"footnotes":""},"categories":[5689],"tags":[],"class_list":["post-8655","post","type-post","status-publish","format-standard","hentry","category-mein-ding"],"yoast_head":"<!-- This site is optimized with the Yoast SEO plugin v21.0 - https:\/\/yoast.com\/wordpress\/plugins\/seo\/ -->\n<title>Das ist mein Ding - ZEIT der Leser<\/title>\n<meta name=\"robots\" content=\"index, follow, max-snippet:-1, max-image-preview:large, max-video-preview:-1\" \/>\n<link rel=\"canonical\" href=\"https:\/\/blog.zeit.de\/zeit-der-leser\/2012\/02\/17\/das-ist-mein-ding\/\" \/>\n<meta property=\"og:locale\" content=\"de_DE\" \/>\n<meta property=\"og:type\" content=\"article\" \/>\n<meta property=\"og:title\" content=\"Das ist mein Ding - ZEIT der Leser\" \/>\n<meta property=\"og:description\" content=\"Meine Nikkormat stammt aus dem Jahr 1972. Wir waren frisch verheiratet, und mein Mann erbte von seinem Gro\u00dfvater eine Briefmarkensammlung, die durch einen Wasserschaden allerdings zu einem gro\u00dfen Klumpen zusammengebacken war. Wochenlang l\u00f6sten wir Marke um Marke mithilfe von Schw\u00e4mmchen und Pinzette aus dem unf\u00f6rmigen Gebilde, wochenlang also roch es in unserer Wohnung nach nassem [&hellip;]\" \/>\n<meta property=\"og:url\" content=\"https:\/\/blog.zeit.de\/zeit-der-leser\/2012\/02\/17\/das-ist-mein-ding\/\" \/>\n<meta property=\"og:site_name\" content=\"ZEIT der Leser\" \/>\n<meta property=\"article:published_time\" content=\"2012-02-17T09:00:32+00:00\" \/>\n<meta property=\"article:modified_time\" content=\"2012-02-15T15:29:25+00:00\" \/>\n<meta property=\"og:image\" content=\"https:\/\/blog.zeit.de\/zeit-der-leser\/files\/2012\/02\/s100-nikkormat.jpg\" \/>\n<meta name=\"author\" content=\"&quot;Zeit der Leser&quot;-Redaktion\" \/>\n<meta name=\"twitter:card\" content=\"summary_large_image\" \/>\n<meta name=\"twitter:label1\" content=\"Geschrieben von\" \/>\n\t<meta name=\"twitter:data1\" content=\"\"Zeit der Leser\"-Redaktion\" \/>\n\t<meta name=\"twitter:label2\" content=\"Gesch\u00e4tzte Lesezeit\" \/>\n\t<meta name=\"twitter:data2\" content=\"1\u00a0Minute\" \/>\n<script type=\"application\/ld+json\" class=\"yoast-schema-graph\">{\"@context\":\"https:\/\/schema.org\",\"@graph\":[{\"@type\":\"WebPage\",\"@id\":\"https:\/\/blog.zeit.de\/zeit-der-leser\/2012\/02\/17\/das-ist-mein-ding\/\",\"url\":\"https:\/\/blog.zeit.de\/zeit-der-leser\/2012\/02\/17\/das-ist-mein-ding\/\",\"name\":\"Das ist mein Ding - ZEIT der Leser\",\"isPartOf\":{\"@id\":\"https:\/\/blog.zeit.de\/zeit-der-leser\/#website\"},\"datePublished\":\"2012-02-17T09:00:32+00:00\",\"dateModified\":\"2012-02-15T15:29:25+00:00\",\"author\":{\"@id\":\"https:\/\/blog.zeit.de\/zeit-der-leser\/#\/schema\/person\/583b14e5ad6368c23af846ecbde9f20f\"},\"breadcrumb\":{\"@id\":\"https:\/\/blog.zeit.de\/zeit-der-leser\/2012\/02\/17\/das-ist-mein-ding\/#breadcrumb\"},\"inLanguage\":\"de\",\"potentialAction\":[{\"@type\":\"ReadAction\",\"target\":[\"https:\/\/blog.zeit.de\/zeit-der-leser\/2012\/02\/17\/das-ist-mein-ding\/\"]}]},{\"@type\":\"BreadcrumbList\",\"@id\":\"https:\/\/blog.zeit.de\/zeit-der-leser\/2012\/02\/17\/das-ist-mein-ding\/#breadcrumb\",\"itemListElement\":[{\"@type\":\"ListItem\",\"position\":1,\"name\":\"Startseite\",\"item\":\"https:\/\/blog.zeit.de\/zeit-der-leser\/\"},{\"@type\":\"ListItem\",\"position\":2,\"name\":\"Das ist mein Ding\"}]},{\"@type\":\"WebSite\",\"@id\":\"https:\/\/blog.zeit.de\/zeit-der-leser\/#website\",\"url\":\"https:\/\/blog.zeit.de\/zeit-der-leser\/\",\"name\":\"ZEIT der Leser\",\"description\":\"Ein Blog mit Ihren Notizen, Gedichten und Bildern f\u00fcr die gedruckte ZEIT\",\"potentialAction\":[{\"@type\":\"SearchAction\",\"target\":{\"@type\":\"EntryPoint\",\"urlTemplate\":\"https:\/\/blog.zeit.de\/zeit-der-leser\/?s={search_term_string}\"},\"query-input\":\"required name=search_term_string\"}],\"inLanguage\":\"de\"},{\"@type\":\"Person\",\"@id\":\"https:\/\/blog.zeit.de\/zeit-der-leser\/#\/schema\/person\/583b14e5ad6368c23af846ecbde9f20f\",\"name\":\"\\\"Zeit der Leser\\\"-Redaktion\",\"image\":{\"@type\":\"ImageObject\",\"inLanguage\":\"de\",\"@id\":\"https:\/\/blog.zeit.de\/zeit-der-leser\/#\/schema\/person\/image\/\",\"url\":\"https:\/\/secure.gravatar.com\/avatar\/e801a681bd3bbf2345131a815930b48d9f8e0a94de1346b624840dc850f67ad0?s=96&d=mm&r=g\",\"contentUrl\":\"https:\/\/secure.gravatar.com\/avatar\/e801a681bd3bbf2345131a815930b48d9f8e0a94de1346b624840dc850f67ad0?s=96&d=mm&r=g\",\"caption\":\"\\\"Zeit der Leser\\\"-Redaktion\"},\"url\":\"https:\/\/blog.zeit.de\/zeit-der-leser\/author\/zeit-der-leser-redaktion\/\"}]}<\/script>\n<!-- \/ Yoast SEO plugin. -->","yoast_head_json":{"title":"Das ist mein Ding - ZEIT der Leser","robots":{"index":"index","follow":"follow","max-snippet":"max-snippet:-1","max-image-preview":"max-image-preview:large","max-video-preview":"max-video-preview:-1"},"canonical":"https:\/\/blog.zeit.de\/zeit-der-leser\/2012\/02\/17\/das-ist-mein-ding\/","og_locale":"de_DE","og_type":"article","og_title":"Das ist mein Ding - ZEIT der Leser","og_description":"Meine Nikkormat stammt aus dem Jahr 1972. Wir waren frisch verheiratet, und mein Mann erbte von seinem Gro\u00dfvater eine Briefmarkensammlung, die durch einen Wasserschaden allerdings zu einem gro\u00dfen Klumpen zusammengebacken war. Wochenlang l\u00f6sten wir Marke um Marke mithilfe von Schw\u00e4mmchen und Pinzette aus dem unf\u00f6rmigen Gebilde, wochenlang also roch es in unserer Wohnung nach nassem [&hellip;]","og_url":"https:\/\/blog.zeit.de\/zeit-der-leser\/2012\/02\/17\/das-ist-mein-ding\/","og_site_name":"ZEIT der Leser","article_published_time":"2012-02-17T09:00:32+00:00","article_modified_time":"2012-02-15T15:29:25+00:00","og_image":[{"url":"https:\/\/blog.zeit.de\/zeit-der-leser\/files\/2012\/02\/s100-nikkormat.jpg"}],"author":"\"Zeit der Leser\"-Redaktion","twitter_card":"summary_large_image","twitter_misc":{"Geschrieben von":"\"Zeit der Leser\"-Redaktion","Gesch\u00e4tzte Lesezeit":"1\u00a0Minute"},"schema":{"@context":"https:\/\/schema.org","@graph":[{"@type":"WebPage","@id":"https:\/\/blog.zeit.de\/zeit-der-leser\/2012\/02\/17\/das-ist-mein-ding\/","url":"https:\/\/blog.zeit.de\/zeit-der-leser\/2012\/02\/17\/das-ist-mein-ding\/","name":"Das ist mein Ding - ZEIT der Leser","isPartOf":{"@id":"https:\/\/blog.zeit.de\/zeit-der-leser\/#website"},"datePublished":"2012-02-17T09:00:32+00:00","dateModified":"2012-02-15T15:29:25+00:00","author":{"@id":"https:\/\/blog.zeit.de\/zeit-der-leser\/#\/schema\/person\/583b14e5ad6368c23af846ecbde9f20f"},"breadcrumb":{"@id":"https:\/\/blog.zeit.de\/zeit-der-leser\/2012\/02\/17\/das-ist-mein-ding\/#breadcrumb"},"inLanguage":"de","potentialAction":[{"@type":"ReadAction","target":["https:\/\/blog.zeit.de\/zeit-der-leser\/2012\/02\/17\/das-ist-mein-ding\/"]}]},{"@type":"BreadcrumbList","@id":"https:\/\/blog.zeit.de\/zeit-der-leser\/2012\/02\/17\/das-ist-mein-ding\/#breadcrumb","itemListElement":[{"@type":"ListItem","position":1,"name":"Startseite","item":"https:\/\/blog.zeit.de\/zeit-der-leser\/"},{"@type":"ListItem","position":2,"name":"Das ist mein Ding"}]},{"@type":"WebSite","@id":"https:\/\/blog.zeit.de\/zeit-der-leser\/#website","url":"https:\/\/blog.zeit.de\/zeit-der-leser\/","name":"ZEIT der Leser","description":"Ein Blog mit Ihren Notizen, Gedichten und Bildern f\u00fcr die gedruckte ZEIT","potentialAction":[{"@type":"SearchAction","target":{"@type":"EntryPoint","urlTemplate":"https:\/\/blog.zeit.de\/zeit-der-leser\/?s={search_term_string}"},"query-input":"required name=search_term_string"}],"inLanguage":"de"},{"@type":"Person","@id":"https:\/\/blog.zeit.de\/zeit-der-leser\/#\/schema\/person\/583b14e5ad6368c23af846ecbde9f20f","name":"\"Zeit der Leser\"-Redaktion","image":{"@type":"ImageObject","inLanguage":"de","@id":"https:\/\/blog.zeit.de\/zeit-der-leser\/#\/schema\/person\/image\/","url":"https:\/\/secure.gravatar.com\/avatar\/e801a681bd3bbf2345131a815930b48d9f8e0a94de1346b624840dc850f67ad0?s=96&d=mm&r=g","contentUrl":"https:\/\/secure.gravatar.com\/avatar\/e801a681bd3bbf2345131a815930b48d9f8e0a94de1346b624840dc850f67ad0?s=96&d=mm&r=g","caption":"\"Zeit der Leser\"-Redaktion"},"url":"https:\/\/blog.zeit.de\/zeit-der-leser\/author\/zeit-der-leser-redaktion\/"}]}},"jetpack_featured_media_url":"","jetpack_sharing_enabled":true,"_links":{"self":[{"href":"https:\/\/blog.zeit.de\/zeit-der-leser\/wp-json\/wp\/v2\/posts\/8655","targetHints":{"allow":["GET"]}}],"collection":[{"href":"https:\/\/blog.zeit.de\/zeit-der-leser\/wp-json\/wp\/v2\/posts"}],"about":[{"href":"https:\/\/blog.zeit.de\/zeit-der-leser\/wp-json\/wp\/v2\/types\/post"}],"author":[{"embeddable":true,"href":"https:\/\/blog.zeit.de\/zeit-der-leser\/wp-json\/wp\/v2\/users\/265"}],"replies":[{"embeddable":true,"href":"https:\/\/blog.zeit.de\/zeit-der-leser\/wp-json\/wp\/v2\/comments?post=8655"}],"version-history":[{"count":2,"href":"https:\/\/blog.zeit.de\/zeit-der-leser\/wp-json\/wp\/v2\/posts\/8655\/revisions"}],"predecessor-version":[{"id":8658,"href":"https:\/\/blog.zeit.de\/zeit-der-leser\/wp-json\/wp\/v2\/posts\/8655\/revisions\/8658"}],"wp:attachment":[{"href":"https:\/\/blog.zeit.de\/zeit-der-leser\/wp-json\/wp\/v2\/media?parent=8655"}],"wp:term":[{"taxonomy":"category","embeddable":true,"href":"https:\/\/blog.zeit.de\/zeit-der-leser\/wp-json\/wp\/v2\/categories?post=8655"},{"taxonomy":"post_tag","embeddable":true,"href":"https:\/\/blog.zeit.de\/zeit-der-leser\/wp-json\/wp\/v2\/tags?post=8655"}],"curies":[{"name":"wp","href":"https:\/\/api.w.org\/{rel}","templated":true}]}}