{"id":8697,"date":"2012-02-22T14:00:05","date_gmt":"2012-02-22T13:00:05","guid":{"rendered":"http:\/\/blog.zeit.de\/zeit-der-leser\/?p=8697"},"modified":"2012-02-15T16:47:29","modified_gmt":"2012-02-15T15:47:29","slug":"zeitsprung-47","status":"publish","type":"post","link":"https:\/\/blog.zeit.de\/zeit-der-leser\/2012\/02\/22\/zeitsprung-47\/","title":{"rendered":"Zeitsprung"},"content":{"rendered":"<p><a href=\"https:\/\/blog.zeit.de\/zeit-der-leser\/files\/2012\/02\/s100-zeitsprung-01.jpg\"><img loading=\"lazy\" decoding=\"async\" src=\"https:\/\/blog.zeit.de\/zeit-der-leser\/files\/2012\/02\/s100-zeitsprung-01.jpg\" alt=\"\" width=\"540\" height=\"348\" class=\"aligncenter size-full wp-image-8698\" srcset=\"https:\/\/blog.zeit.de\/zeit-der-leser\/files\/2012\/02\/s100-zeitsprung-01.jpg 540w, https:\/\/blog.zeit.de\/zeit-der-leser\/files\/2012\/02\/s100-zeitsprung-01-300x193.jpg 300w\" sizes=\"auto, (max-width: 540px) 100vw, 540px\" \/><\/a><br \/>\n<a href=\"https:\/\/blog.zeit.de\/zeit-der-leser\/files\/2012\/02\/s100-zeitsprung-02.jpg\"><img loading=\"lazy\" decoding=\"async\" src=\"https:\/\/blog.zeit.de\/zeit-der-leser\/files\/2012\/02\/s100-zeitsprung-02.jpg\" alt=\"\" width=\"540\" height=\"348\" class=\"aligncenter size-full wp-image-8699\" srcset=\"https:\/\/blog.zeit.de\/zeit-der-leser\/files\/2012\/02\/s100-zeitsprung-02.jpg 540w, https:\/\/blog.zeit.de\/zeit-der-leser\/files\/2012\/02\/s100-zeitsprung-02-300x193.jpg 300w\" sizes=\"auto, (max-width: 540px) 100vw, 540px\" \/><\/a><br \/>\nSeit Jahren beziehe ich hier in Neuseeland die ZEIT und tue mich schwer damit, alte Exemplare einfach ins Altpapier zu geben. In diesem verregneten Sommer, zwischen Weihnachten und Neujahr, habe ich nun angefangen, Pappmaschee-Puppen zu fertigen. Abgesehen von der Versiegelung, bestehen die K\u00f6pfe zu hundert Prozent aus ZEIT und die letzte farbige Lage aus ZEITmagazin \u2013 weil\u2019s so sch\u00f6n gl\u00e4nzt &#8230; Es ist eine kleine Kompanie entstanden, und jede Puppe hat eine Geschichte: Der Philosoph hat einen Traum, und das deutsche M\u00e4del gr\u00fc\u00dft Hannah H\u00f6ch (die Flagge auf der Stirn stammt allerdings aus einem Artikel \u00fcber Havanna). Die Hexe hat es mir besonders angetan, da ihre Z\u00e4hne noch den Schriftzug des Magazins erkennen lassen (ganz eindeutig: der Zahn der ZEIT). Die  Gesichtshaut besteht aus dem Titelblatt der Ausgabe 52\/10, einem supersch\u00f6nen Bild von Michael Sowa. Als ich heute den Rest des reichlich zerfledderten Magazins fotografierte, fiel mir die Frage im Inhaltsverzeichnis auf: \u00bbMuss ich mich \u00fcber selbst gebastelte Weihnachtsgeschenke besonders freuen?\u00ab Wie passend!<\/p>\n<p><em>Dietlind Wagner, Auckland, Neuseeland<\/em><\/p>\n","protected":false},"excerpt":{"rendered":"<p>Seit Jahren beziehe ich hier in Neuseeland die ZEIT und tue mich schwer damit, alte Exemplare einfach ins Altpapier zu geben. In diesem verregneten Sommer, zwischen Weihnachten und Neujahr, habe ich nun angefangen, Pappmaschee-Puppen zu fertigen. Abgesehen von der Versiegelung, bestehen die K\u00f6pfe zu hundert Prozent aus ZEIT und die letzte farbige Lage aus ZEITmagazin [&hellip;]<\/p>\n","protected":false},"author":265,"featured_media":0,"comment_status":"open","ping_status":"open","sticky":false,"template":"","format":"standard","meta":{"_jetpack_memberships_contains_paid_content":false,"footnotes":""},"categories":[1878],"tags":[],"class_list":["post-8697","post","type-post","status-publish","format-standard","hentry","category-zeitsprung"],"yoast_head":"<!-- This site is optimized with the Yoast SEO plugin v21.0 - https:\/\/yoast.com\/wordpress\/plugins\/seo\/ -->\n<title>Zeitsprung - ZEIT der Leser<\/title>\n<meta name=\"robots\" content=\"index, follow, max-snippet:-1, max-image-preview:large, max-video-preview:-1\" \/>\n<link rel=\"canonical\" href=\"https:\/\/blog.zeit.de\/zeit-der-leser\/2012\/02\/22\/zeitsprung-47\/\" \/>\n<meta property=\"og:locale\" content=\"de_DE\" \/>\n<meta property=\"og:type\" content=\"article\" \/>\n<meta property=\"og:title\" content=\"Zeitsprung - ZEIT der Leser\" \/>\n<meta property=\"og:description\" content=\"Seit Jahren beziehe ich hier in Neuseeland die ZEIT und tue mich schwer damit, alte Exemplare einfach ins Altpapier zu geben. In diesem verregneten Sommer, zwischen Weihnachten und Neujahr, habe ich nun angefangen, Pappmaschee-Puppen zu fertigen. Abgesehen von der Versiegelung, bestehen die K\u00f6pfe zu hundert Prozent aus ZEIT und die letzte farbige Lage aus ZEITmagazin [&hellip;]\" \/>\n<meta property=\"og:url\" content=\"https:\/\/blog.zeit.de\/zeit-der-leser\/2012\/02\/22\/zeitsprung-47\/\" \/>\n<meta property=\"og:site_name\" content=\"ZEIT der Leser\" \/>\n<meta property=\"article:published_time\" content=\"2012-02-22T13:00:05+00:00\" \/>\n<meta property=\"article:modified_time\" content=\"2012-02-15T15:47:29+00:00\" \/>\n<meta property=\"og:image\" content=\"https:\/\/blog.zeit.de\/zeit-der-leser\/files\/2012\/02\/s100-zeitsprung-01.jpg\" \/>\n<meta name=\"author\" content=\"&quot;Zeit der Leser&quot;-Redaktion\" \/>\n<meta name=\"twitter:card\" content=\"summary_large_image\" \/>\n<meta name=\"twitter:label1\" content=\"Geschrieben von\" \/>\n\t<meta name=\"twitter:data1\" content=\"\"Zeit der Leser\"-Redaktion\" \/>\n\t<meta name=\"twitter:label2\" content=\"Gesch\u00e4tzte Lesezeit\" \/>\n\t<meta name=\"twitter:data2\" content=\"1\u00a0Minute\" \/>\n<script type=\"application\/ld+json\" class=\"yoast-schema-graph\">{\"@context\":\"https:\/\/schema.org\",\"@graph\":[{\"@type\":\"WebPage\",\"@id\":\"https:\/\/blog.zeit.de\/zeit-der-leser\/2012\/02\/22\/zeitsprung-47\/\",\"url\":\"https:\/\/blog.zeit.de\/zeit-der-leser\/2012\/02\/22\/zeitsprung-47\/\",\"name\":\"Zeitsprung - ZEIT der Leser\",\"isPartOf\":{\"@id\":\"https:\/\/blog.zeit.de\/zeit-der-leser\/#website\"},\"datePublished\":\"2012-02-22T13:00:05+00:00\",\"dateModified\":\"2012-02-15T15:47:29+00:00\",\"author\":{\"@id\":\"https:\/\/blog.zeit.de\/zeit-der-leser\/#\/schema\/person\/583b14e5ad6368c23af846ecbde9f20f\"},\"breadcrumb\":{\"@id\":\"https:\/\/blog.zeit.de\/zeit-der-leser\/2012\/02\/22\/zeitsprung-47\/#breadcrumb\"},\"inLanguage\":\"de\",\"potentialAction\":[{\"@type\":\"ReadAction\",\"target\":[\"https:\/\/blog.zeit.de\/zeit-der-leser\/2012\/02\/22\/zeitsprung-47\/\"]}]},{\"@type\":\"BreadcrumbList\",\"@id\":\"https:\/\/blog.zeit.de\/zeit-der-leser\/2012\/02\/22\/zeitsprung-47\/#breadcrumb\",\"itemListElement\":[{\"@type\":\"ListItem\",\"position\":1,\"name\":\"Startseite\",\"item\":\"https:\/\/blog.zeit.de\/zeit-der-leser\/\"},{\"@type\":\"ListItem\",\"position\":2,\"name\":\"Zeitsprung\"}]},{\"@type\":\"WebSite\",\"@id\":\"https:\/\/blog.zeit.de\/zeit-der-leser\/#website\",\"url\":\"https:\/\/blog.zeit.de\/zeit-der-leser\/\",\"name\":\"ZEIT der Leser\",\"description\":\"Ein Blog mit Ihren Notizen, Gedichten und Bildern f\u00fcr die gedruckte ZEIT\",\"potentialAction\":[{\"@type\":\"SearchAction\",\"target\":{\"@type\":\"EntryPoint\",\"urlTemplate\":\"https:\/\/blog.zeit.de\/zeit-der-leser\/?s={search_term_string}\"},\"query-input\":\"required name=search_term_string\"}],\"inLanguage\":\"de\"},{\"@type\":\"Person\",\"@id\":\"https:\/\/blog.zeit.de\/zeit-der-leser\/#\/schema\/person\/583b14e5ad6368c23af846ecbde9f20f\",\"name\":\"\\\"Zeit der Leser\\\"-Redaktion\",\"image\":{\"@type\":\"ImageObject\",\"inLanguage\":\"de\",\"@id\":\"https:\/\/blog.zeit.de\/zeit-der-leser\/#\/schema\/person\/image\/\",\"url\":\"https:\/\/secure.gravatar.com\/avatar\/e801a681bd3bbf2345131a815930b48d9f8e0a94de1346b624840dc850f67ad0?s=96&d=mm&r=g\",\"contentUrl\":\"https:\/\/secure.gravatar.com\/avatar\/e801a681bd3bbf2345131a815930b48d9f8e0a94de1346b624840dc850f67ad0?s=96&d=mm&r=g\",\"caption\":\"\\\"Zeit der Leser\\\"-Redaktion\"},\"url\":\"https:\/\/blog.zeit.de\/zeit-der-leser\/author\/zeit-der-leser-redaktion\/\"}]}<\/script>\n<!-- \/ Yoast SEO plugin. -->","yoast_head_json":{"title":"Zeitsprung - ZEIT der Leser","robots":{"index":"index","follow":"follow","max-snippet":"max-snippet:-1","max-image-preview":"max-image-preview:large","max-video-preview":"max-video-preview:-1"},"canonical":"https:\/\/blog.zeit.de\/zeit-der-leser\/2012\/02\/22\/zeitsprung-47\/","og_locale":"de_DE","og_type":"article","og_title":"Zeitsprung - ZEIT der Leser","og_description":"Seit Jahren beziehe ich hier in Neuseeland die ZEIT und tue mich schwer damit, alte Exemplare einfach ins Altpapier zu geben. In diesem verregneten Sommer, zwischen Weihnachten und Neujahr, habe ich nun angefangen, Pappmaschee-Puppen zu fertigen. Abgesehen von der Versiegelung, bestehen die K\u00f6pfe zu hundert Prozent aus ZEIT und die letzte farbige Lage aus ZEITmagazin [&hellip;]","og_url":"https:\/\/blog.zeit.de\/zeit-der-leser\/2012\/02\/22\/zeitsprung-47\/","og_site_name":"ZEIT der Leser","article_published_time":"2012-02-22T13:00:05+00:00","article_modified_time":"2012-02-15T15:47:29+00:00","og_image":[{"url":"https:\/\/blog.zeit.de\/zeit-der-leser\/files\/2012\/02\/s100-zeitsprung-01.jpg"}],"author":"\"Zeit der Leser\"-Redaktion","twitter_card":"summary_large_image","twitter_misc":{"Geschrieben von":"\"Zeit der Leser\"-Redaktion","Gesch\u00e4tzte Lesezeit":"1\u00a0Minute"},"schema":{"@context":"https:\/\/schema.org","@graph":[{"@type":"WebPage","@id":"https:\/\/blog.zeit.de\/zeit-der-leser\/2012\/02\/22\/zeitsprung-47\/","url":"https:\/\/blog.zeit.de\/zeit-der-leser\/2012\/02\/22\/zeitsprung-47\/","name":"Zeitsprung - ZEIT der Leser","isPartOf":{"@id":"https:\/\/blog.zeit.de\/zeit-der-leser\/#website"},"datePublished":"2012-02-22T13:00:05+00:00","dateModified":"2012-02-15T15:47:29+00:00","author":{"@id":"https:\/\/blog.zeit.de\/zeit-der-leser\/#\/schema\/person\/583b14e5ad6368c23af846ecbde9f20f"},"breadcrumb":{"@id":"https:\/\/blog.zeit.de\/zeit-der-leser\/2012\/02\/22\/zeitsprung-47\/#breadcrumb"},"inLanguage":"de","potentialAction":[{"@type":"ReadAction","target":["https:\/\/blog.zeit.de\/zeit-der-leser\/2012\/02\/22\/zeitsprung-47\/"]}]},{"@type":"BreadcrumbList","@id":"https:\/\/blog.zeit.de\/zeit-der-leser\/2012\/02\/22\/zeitsprung-47\/#breadcrumb","itemListElement":[{"@type":"ListItem","position":1,"name":"Startseite","item":"https:\/\/blog.zeit.de\/zeit-der-leser\/"},{"@type":"ListItem","position":2,"name":"Zeitsprung"}]},{"@type":"WebSite","@id":"https:\/\/blog.zeit.de\/zeit-der-leser\/#website","url":"https:\/\/blog.zeit.de\/zeit-der-leser\/","name":"ZEIT der Leser","description":"Ein Blog mit Ihren Notizen, Gedichten und Bildern f\u00fcr die gedruckte ZEIT","potentialAction":[{"@type":"SearchAction","target":{"@type":"EntryPoint","urlTemplate":"https:\/\/blog.zeit.de\/zeit-der-leser\/?s={search_term_string}"},"query-input":"required name=search_term_string"}],"inLanguage":"de"},{"@type":"Person","@id":"https:\/\/blog.zeit.de\/zeit-der-leser\/#\/schema\/person\/583b14e5ad6368c23af846ecbde9f20f","name":"\"Zeit der Leser\"-Redaktion","image":{"@type":"ImageObject","inLanguage":"de","@id":"https:\/\/blog.zeit.de\/zeit-der-leser\/#\/schema\/person\/image\/","url":"https:\/\/secure.gravatar.com\/avatar\/e801a681bd3bbf2345131a815930b48d9f8e0a94de1346b624840dc850f67ad0?s=96&d=mm&r=g","contentUrl":"https:\/\/secure.gravatar.com\/avatar\/e801a681bd3bbf2345131a815930b48d9f8e0a94de1346b624840dc850f67ad0?s=96&d=mm&r=g","caption":"\"Zeit der Leser\"-Redaktion"},"url":"https:\/\/blog.zeit.de\/zeit-der-leser\/author\/zeit-der-leser-redaktion\/"}]}},"jetpack_featured_media_url":"","jetpack_sharing_enabled":true,"_links":{"self":[{"href":"https:\/\/blog.zeit.de\/zeit-der-leser\/wp-json\/wp\/v2\/posts\/8697","targetHints":{"allow":["GET"]}}],"collection":[{"href":"https:\/\/blog.zeit.de\/zeit-der-leser\/wp-json\/wp\/v2\/posts"}],"about":[{"href":"https:\/\/blog.zeit.de\/zeit-der-leser\/wp-json\/wp\/v2\/types\/post"}],"author":[{"embeddable":true,"href":"https:\/\/blog.zeit.de\/zeit-der-leser\/wp-json\/wp\/v2\/users\/265"}],"replies":[{"embeddable":true,"href":"https:\/\/blog.zeit.de\/zeit-der-leser\/wp-json\/wp\/v2\/comments?post=8697"}],"version-history":[{"count":2,"href":"https:\/\/blog.zeit.de\/zeit-der-leser\/wp-json\/wp\/v2\/posts\/8697\/revisions"}],"predecessor-version":[{"id":8701,"href":"https:\/\/blog.zeit.de\/zeit-der-leser\/wp-json\/wp\/v2\/posts\/8697\/revisions\/8701"}],"wp:attachment":[{"href":"https:\/\/blog.zeit.de\/zeit-der-leser\/wp-json\/wp\/v2\/media?parent=8697"}],"wp:term":[{"taxonomy":"category","embeddable":true,"href":"https:\/\/blog.zeit.de\/zeit-der-leser\/wp-json\/wp\/v2\/categories?post=8697"},{"taxonomy":"post_tag","embeddable":true,"href":"https:\/\/blog.zeit.de\/zeit-der-leser\/wp-json\/wp\/v2\/tags?post=8697"}],"curies":[{"name":"wp","href":"https:\/\/api.w.org\/{rel}","templated":true}]}}