{"id":8756,"date":"2012-02-28T10:00:09","date_gmt":"2012-02-28T09:00:09","guid":{"rendered":"http:\/\/blog.zeit.de\/zeit-der-leser\/?p=8756"},"modified":"2015-02-24T17:02:48","modified_gmt":"2015-02-24T16:02:48","slug":"mein-wort-schatz-denkmut","status":"publish","type":"post","link":"https:\/\/blog.zeit.de\/zeit-der-leser\/2012\/02\/28\/mein-wort-schatz-denkmut\/","title":{"rendered":"Denkmut: Mein Wort-Schatz"},"content":{"rendered":"<p>In Stefan Zweigs <em>Triumph und Tragik des Erasmus von Rotterdam<\/em> hei\u00dft es: \u00bbIm Humanismus feiert die Zeit ihren eigenen <strong>Denkmut<\/strong> und ihre neue Hoffnung.\u00ab Denkmut geh\u00f6rte zur Zeit des Erasmus (1465 bis 1536) wahrhaftig dazu, die Kirche und den Papst zu kritisieren und sich dar\u00fcber lustig zu machen in einer Satire und im Lob der Narrheit. Nach Erasmus ist zu Recht das Programm der EU fu\u0308r grenz\u00fcberschreitende Mobilit\u00e4t und Zusammenarbeit in der europ\u00e4ischen Hochschulbildung benannt. Denkmut bringen die vielen Millionen Studenten in Europa auf, die daran teilnehmen. Aber warum ist das sch\u00f6ne Wort aus unserem aktuellen Wortschatz verschwunden?<\/p>\n<p><strong>Renate Salz<\/strong>, Bonn<\/p>\n","protected":false},"excerpt":{"rendered":"<p>In Stefan Zweigs Triumph und Tragik des Erasmus von Rotterdam hei\u00dft es: \u00bbIm Humanismus feiert die Zeit ihren eigenen Denkmut und ihre neue Hoffnung.\u00ab Denkmut geh\u00f6rte zur Zeit des Erasmus (1465 bis 1536) wahrhaftig dazu, die Kirche und den Papst zu kritisieren und sich dar\u00fcber lustig zu machen in einer Satire und im Lob der [&hellip;]<\/p>\n","protected":false},"author":265,"featured_media":0,"comment_status":"open","ping_status":"open","sticky":false,"template":"","format":"standard","meta":{"_jetpack_memberships_contains_paid_content":false,"footnotes":""},"categories":[5687],"tags":[],"class_list":["post-8756","post","type-post","status-publish","format-standard","hentry","category-mein-wort-schatz"],"yoast_head":"<!-- This site is optimized with the Yoast SEO plugin v21.0 - https:\/\/yoast.com\/wordpress\/plugins\/seo\/ -->\n<title>Denkmut: Mein Wort-Schatz - ZEIT der Leser<\/title>\n<meta name=\"robots\" content=\"index, follow, max-snippet:-1, max-image-preview:large, max-video-preview:-1\" \/>\n<link rel=\"canonical\" href=\"https:\/\/blog.zeit.de\/zeit-der-leser\/2012\/02\/28\/mein-wort-schatz-denkmut\/\" \/>\n<meta property=\"og:locale\" content=\"de_DE\" \/>\n<meta property=\"og:type\" content=\"article\" \/>\n<meta property=\"og:title\" content=\"Denkmut: Mein Wort-Schatz - ZEIT der Leser\" \/>\n<meta property=\"og:description\" content=\"In Stefan Zweigs Triumph und Tragik des Erasmus von Rotterdam hei\u00dft es: \u00bbIm Humanismus feiert die Zeit ihren eigenen Denkmut und ihre neue Hoffnung.\u00ab Denkmut geh\u00f6rte zur Zeit des Erasmus (1465 bis 1536) wahrhaftig dazu, die Kirche und den Papst zu kritisieren und sich dar\u00fcber lustig zu machen in einer Satire und im Lob der [&hellip;]\" \/>\n<meta property=\"og:url\" content=\"https:\/\/blog.zeit.de\/zeit-der-leser\/2012\/02\/28\/mein-wort-schatz-denkmut\/\" \/>\n<meta property=\"og:site_name\" content=\"ZEIT der Leser\" \/>\n<meta property=\"article:published_time\" content=\"2012-02-28T09:00:09+00:00\" \/>\n<meta property=\"article:modified_time\" content=\"2015-02-24T16:02:48+00:00\" \/>\n<meta name=\"author\" content=\"&quot;Zeit der Leser&quot;-Redaktion\" \/>\n<meta name=\"twitter:card\" content=\"summary_large_image\" \/>\n<meta name=\"twitter:label1\" content=\"Geschrieben von\" \/>\n\t<meta name=\"twitter:data1\" content=\"\"Zeit der Leser\"-Redaktion\" \/>\n\t<meta name=\"twitter:label2\" content=\"Gesch\u00e4tzte Lesezeit\" \/>\n\t<meta name=\"twitter:data2\" content=\"1\u00a0Minute\" \/>\n<script type=\"application\/ld+json\" class=\"yoast-schema-graph\">{\"@context\":\"https:\/\/schema.org\",\"@graph\":[{\"@type\":\"WebPage\",\"@id\":\"https:\/\/blog.zeit.de\/zeit-der-leser\/2012\/02\/28\/mein-wort-schatz-denkmut\/\",\"url\":\"https:\/\/blog.zeit.de\/zeit-der-leser\/2012\/02\/28\/mein-wort-schatz-denkmut\/\",\"name\":\"Denkmut: Mein Wort-Schatz - ZEIT der Leser\",\"isPartOf\":{\"@id\":\"https:\/\/blog.zeit.de\/zeit-der-leser\/#website\"},\"datePublished\":\"2012-02-28T09:00:09+00:00\",\"dateModified\":\"2015-02-24T16:02:48+00:00\",\"author\":{\"@id\":\"https:\/\/blog.zeit.de\/zeit-der-leser\/#\/schema\/person\/583b14e5ad6368c23af846ecbde9f20f\"},\"breadcrumb\":{\"@id\":\"https:\/\/blog.zeit.de\/zeit-der-leser\/2012\/02\/28\/mein-wort-schatz-denkmut\/#breadcrumb\"},\"inLanguage\":\"de\",\"potentialAction\":[{\"@type\":\"ReadAction\",\"target\":[\"https:\/\/blog.zeit.de\/zeit-der-leser\/2012\/02\/28\/mein-wort-schatz-denkmut\/\"]}]},{\"@type\":\"BreadcrumbList\",\"@id\":\"https:\/\/blog.zeit.de\/zeit-der-leser\/2012\/02\/28\/mein-wort-schatz-denkmut\/#breadcrumb\",\"itemListElement\":[{\"@type\":\"ListItem\",\"position\":1,\"name\":\"Startseite\",\"item\":\"https:\/\/blog.zeit.de\/zeit-der-leser\/\"},{\"@type\":\"ListItem\",\"position\":2,\"name\":\"Denkmut: Mein Wort-Schatz\"}]},{\"@type\":\"WebSite\",\"@id\":\"https:\/\/blog.zeit.de\/zeit-der-leser\/#website\",\"url\":\"https:\/\/blog.zeit.de\/zeit-der-leser\/\",\"name\":\"ZEIT der Leser\",\"description\":\"Ein Blog mit Ihren Notizen, Gedichten und Bildern f\u00fcr die gedruckte ZEIT\",\"potentialAction\":[{\"@type\":\"SearchAction\",\"target\":{\"@type\":\"EntryPoint\",\"urlTemplate\":\"https:\/\/blog.zeit.de\/zeit-der-leser\/?s={search_term_string}\"},\"query-input\":\"required name=search_term_string\"}],\"inLanguage\":\"de\"},{\"@type\":\"Person\",\"@id\":\"https:\/\/blog.zeit.de\/zeit-der-leser\/#\/schema\/person\/583b14e5ad6368c23af846ecbde9f20f\",\"name\":\"\\\"Zeit der Leser\\\"-Redaktion\",\"image\":{\"@type\":\"ImageObject\",\"inLanguage\":\"de\",\"@id\":\"https:\/\/blog.zeit.de\/zeit-der-leser\/#\/schema\/person\/image\/\",\"url\":\"https:\/\/secure.gravatar.com\/avatar\/e801a681bd3bbf2345131a815930b48d9f8e0a94de1346b624840dc850f67ad0?s=96&d=mm&r=g\",\"contentUrl\":\"https:\/\/secure.gravatar.com\/avatar\/e801a681bd3bbf2345131a815930b48d9f8e0a94de1346b624840dc850f67ad0?s=96&d=mm&r=g\",\"caption\":\"\\\"Zeit der Leser\\\"-Redaktion\"},\"url\":\"https:\/\/blog.zeit.de\/zeit-der-leser\/author\/zeit-der-leser-redaktion\/\"}]}<\/script>\n<!-- \/ Yoast SEO plugin. -->","yoast_head_json":{"title":"Denkmut: Mein Wort-Schatz - ZEIT der Leser","robots":{"index":"index","follow":"follow","max-snippet":"max-snippet:-1","max-image-preview":"max-image-preview:large","max-video-preview":"max-video-preview:-1"},"canonical":"https:\/\/blog.zeit.de\/zeit-der-leser\/2012\/02\/28\/mein-wort-schatz-denkmut\/","og_locale":"de_DE","og_type":"article","og_title":"Denkmut: Mein Wort-Schatz - ZEIT der Leser","og_description":"In Stefan Zweigs Triumph und Tragik des Erasmus von Rotterdam hei\u00dft es: \u00bbIm Humanismus feiert die Zeit ihren eigenen Denkmut und ihre neue Hoffnung.\u00ab Denkmut geh\u00f6rte zur Zeit des Erasmus (1465 bis 1536) wahrhaftig dazu, die Kirche und den Papst zu kritisieren und sich dar\u00fcber lustig zu machen in einer Satire und im Lob der [&hellip;]","og_url":"https:\/\/blog.zeit.de\/zeit-der-leser\/2012\/02\/28\/mein-wort-schatz-denkmut\/","og_site_name":"ZEIT der Leser","article_published_time":"2012-02-28T09:00:09+00:00","article_modified_time":"2015-02-24T16:02:48+00:00","author":"\"Zeit der Leser\"-Redaktion","twitter_card":"summary_large_image","twitter_misc":{"Geschrieben von":"\"Zeit der Leser\"-Redaktion","Gesch\u00e4tzte Lesezeit":"1\u00a0Minute"},"schema":{"@context":"https:\/\/schema.org","@graph":[{"@type":"WebPage","@id":"https:\/\/blog.zeit.de\/zeit-der-leser\/2012\/02\/28\/mein-wort-schatz-denkmut\/","url":"https:\/\/blog.zeit.de\/zeit-der-leser\/2012\/02\/28\/mein-wort-schatz-denkmut\/","name":"Denkmut: Mein Wort-Schatz - ZEIT der Leser","isPartOf":{"@id":"https:\/\/blog.zeit.de\/zeit-der-leser\/#website"},"datePublished":"2012-02-28T09:00:09+00:00","dateModified":"2015-02-24T16:02:48+00:00","author":{"@id":"https:\/\/blog.zeit.de\/zeit-der-leser\/#\/schema\/person\/583b14e5ad6368c23af846ecbde9f20f"},"breadcrumb":{"@id":"https:\/\/blog.zeit.de\/zeit-der-leser\/2012\/02\/28\/mein-wort-schatz-denkmut\/#breadcrumb"},"inLanguage":"de","potentialAction":[{"@type":"ReadAction","target":["https:\/\/blog.zeit.de\/zeit-der-leser\/2012\/02\/28\/mein-wort-schatz-denkmut\/"]}]},{"@type":"BreadcrumbList","@id":"https:\/\/blog.zeit.de\/zeit-der-leser\/2012\/02\/28\/mein-wort-schatz-denkmut\/#breadcrumb","itemListElement":[{"@type":"ListItem","position":1,"name":"Startseite","item":"https:\/\/blog.zeit.de\/zeit-der-leser\/"},{"@type":"ListItem","position":2,"name":"Denkmut: Mein Wort-Schatz"}]},{"@type":"WebSite","@id":"https:\/\/blog.zeit.de\/zeit-der-leser\/#website","url":"https:\/\/blog.zeit.de\/zeit-der-leser\/","name":"ZEIT der Leser","description":"Ein Blog mit Ihren Notizen, Gedichten und Bildern f\u00fcr die gedruckte ZEIT","potentialAction":[{"@type":"SearchAction","target":{"@type":"EntryPoint","urlTemplate":"https:\/\/blog.zeit.de\/zeit-der-leser\/?s={search_term_string}"},"query-input":"required name=search_term_string"}],"inLanguage":"de"},{"@type":"Person","@id":"https:\/\/blog.zeit.de\/zeit-der-leser\/#\/schema\/person\/583b14e5ad6368c23af846ecbde9f20f","name":"\"Zeit der Leser\"-Redaktion","image":{"@type":"ImageObject","inLanguage":"de","@id":"https:\/\/blog.zeit.de\/zeit-der-leser\/#\/schema\/person\/image\/","url":"https:\/\/secure.gravatar.com\/avatar\/e801a681bd3bbf2345131a815930b48d9f8e0a94de1346b624840dc850f67ad0?s=96&d=mm&r=g","contentUrl":"https:\/\/secure.gravatar.com\/avatar\/e801a681bd3bbf2345131a815930b48d9f8e0a94de1346b624840dc850f67ad0?s=96&d=mm&r=g","caption":"\"Zeit der Leser\"-Redaktion"},"url":"https:\/\/blog.zeit.de\/zeit-der-leser\/author\/zeit-der-leser-redaktion\/"}]}},"jetpack_featured_media_url":"","jetpack_sharing_enabled":true,"_links":{"self":[{"href":"https:\/\/blog.zeit.de\/zeit-der-leser\/wp-json\/wp\/v2\/posts\/8756","targetHints":{"allow":["GET"]}}],"collection":[{"href":"https:\/\/blog.zeit.de\/zeit-der-leser\/wp-json\/wp\/v2\/posts"}],"about":[{"href":"https:\/\/blog.zeit.de\/zeit-der-leser\/wp-json\/wp\/v2\/types\/post"}],"author":[{"embeddable":true,"href":"https:\/\/blog.zeit.de\/zeit-der-leser\/wp-json\/wp\/v2\/users\/265"}],"replies":[{"embeddable":true,"href":"https:\/\/blog.zeit.de\/zeit-der-leser\/wp-json\/wp\/v2\/comments?post=8756"}],"version-history":[{"count":4,"href":"https:\/\/blog.zeit.de\/zeit-der-leser\/wp-json\/wp\/v2\/posts\/8756\/revisions"}],"predecessor-version":[{"id":19773,"href":"https:\/\/blog.zeit.de\/zeit-der-leser\/wp-json\/wp\/v2\/posts\/8756\/revisions\/19773"}],"wp:attachment":[{"href":"https:\/\/blog.zeit.de\/zeit-der-leser\/wp-json\/wp\/v2\/media?parent=8756"}],"wp:term":[{"taxonomy":"category","embeddable":true,"href":"https:\/\/blog.zeit.de\/zeit-der-leser\/wp-json\/wp\/v2\/categories?post=8756"},{"taxonomy":"post_tag","embeddable":true,"href":"https:\/\/blog.zeit.de\/zeit-der-leser\/wp-json\/wp\/v2\/tags?post=8756"}],"curies":[{"name":"wp","href":"https:\/\/api.w.org\/{rel}","templated":true}]}}