{"id":8814,"date":"2012-03-06T10:00:32","date_gmt":"2012-03-06T09:00:32","guid":{"rendered":"http:\/\/blog.zeit.de\/zeit-der-leser\/?p=8814"},"modified":"2012-03-01T12:39:41","modified_gmt":"2012-03-01T11:39:41","slug":"zeitsprung-49","status":"publish","type":"post","link":"https:\/\/blog.zeit.de\/zeit-der-leser\/2012\/03\/06\/zeitsprung-49\/","title":{"rendered":"Zeitsprung"},"content":{"rendered":"<p><figure id=\"attachment_8815\" aria-describedby=\"caption-attachment-8815\" style=\"width: 540px\" class=\"wp-caption aligncenter\"><a href=\"https:\/\/blog.zeit.de\/zeit-der-leser\/files\/2012\/03\/s88-zeitsprung-1-5-16-12.jpg\"><img loading=\"lazy\" decoding=\"async\" class=\"size-full wp-image-8815\" src=\"https:\/\/blog.zeit.de\/zeit-der-leser\/files\/2012\/03\/s88-zeitsprung-1-5-16-12.jpg\" alt=\"\" width=\"540\" height=\"362\" srcset=\"https:\/\/blog.zeit.de\/zeit-der-leser\/files\/2012\/03\/s88-zeitsprung-1-5-16-12.jpg 540w, https:\/\/blog.zeit.de\/zeit-der-leser\/files\/2012\/03\/s88-zeitsprung-1-5-16-12-300x201.jpg 300w\" sizes=\"auto, (max-width: 540px) 100vw, 540px\" \/><\/a><figcaption id=\"caption-attachment-8815\" class=\"wp-caption-text\">16:12<\/figcaption><\/figure><\/p>\n<p><figure id=\"attachment_8816\" aria-describedby=\"caption-attachment-8816\" style=\"width: 540px\" class=\"wp-caption aligncenter\"><a href=\"https:\/\/blog.zeit.de\/zeit-der-leser\/files\/2012\/03\/s88-zeitsprung-2-4-16-13.jpg\"><img loading=\"lazy\" decoding=\"async\" class=\"size-full wp-image-8816\" src=\"https:\/\/blog.zeit.de\/zeit-der-leser\/files\/2012\/03\/s88-zeitsprung-2-4-16-13.jpg\" alt=\"\" width=\"540\" height=\"361\" srcset=\"https:\/\/blog.zeit.de\/zeit-der-leser\/files\/2012\/03\/s88-zeitsprung-2-4-16-13.jpg 540w, https:\/\/blog.zeit.de\/zeit-der-leser\/files\/2012\/03\/s88-zeitsprung-2-4-16-13-300x200.jpg 300w\" sizes=\"auto, (max-width: 540px) 100vw, 540px\" \/><\/a><figcaption id=\"caption-attachment-8816\" class=\"wp-caption-text\">16:13<\/figcaption><\/figure><\/p>\n<p>Unser erster Urlaub mit Emil f\u00fchrte uns nach D\u00e4nemark. Er war drei Monate alt, und in diesem Alter liegen Freude und Kummer oft nah beieinander. An jenem Tag haben wir ihn lange umhergetragen, weil er irgendwie unzufrieden war. Wie so oft war es uns unerkl\u00e4rlich, was genau ihn so qu\u00e4lte \u2013 und wie er dann so schnell in einen seligen Schlaf finden konnte. Denn zwischen den beiden Aufnahmen liegen tats\u00e4chlich nur wenige Sekunden! Nun ist Emil fast schon ein Jahr alt, und seitdem gab es immer mal wieder kleinere und gr\u00f6\u00dfere Wutausbr\u00fcche. Doch die beiden Fotos vom Strand mahnen uns immer zu Geduld und Ruhe, denn meist gehen diese Ausbr\u00fcche so schnell wieder vorbei, wie sie gekommen sind.<\/p>\n<p><em>Antje Julius und Eike Peltzer (Foto), K\u00f6ln<\/em><\/p>\n","protected":false},"excerpt":{"rendered":"<p>Unser erster Urlaub mit Emil f\u00fchrte uns nach D\u00e4nemark. Er war drei Monate alt, und in diesem Alter liegen Freude und Kummer oft nah beieinander. An jenem Tag haben wir ihn lange umhergetragen, weil er irgendwie unzufrieden war. Wie so oft war es uns unerkl\u00e4rlich, was genau ihn so qu\u00e4lte \u2013 und wie er dann [&hellip;]<\/p>\n","protected":false},"author":265,"featured_media":0,"comment_status":"open","ping_status":"open","sticky":false,"template":"","format":"standard","meta":{"_jetpack_memberships_contains_paid_content":false,"footnotes":""},"categories":[1878],"tags":[],"class_list":["post-8814","post","type-post","status-publish","format-standard","hentry","category-zeitsprung"],"yoast_head":"<!-- This site is optimized with the Yoast SEO plugin v21.0 - https:\/\/yoast.com\/wordpress\/plugins\/seo\/ -->\n<title>Zeitsprung - ZEIT der Leser<\/title>\n<meta name=\"robots\" content=\"index, follow, max-snippet:-1, max-image-preview:large, max-video-preview:-1\" \/>\n<link rel=\"canonical\" href=\"https:\/\/blog.zeit.de\/zeit-der-leser\/2012\/03\/06\/zeitsprung-49\/\" \/>\n<meta property=\"og:locale\" content=\"de_DE\" \/>\n<meta property=\"og:type\" content=\"article\" \/>\n<meta property=\"og:title\" content=\"Zeitsprung - ZEIT der Leser\" \/>\n<meta property=\"og:description\" content=\"Unser erster Urlaub mit Emil f\u00fchrte uns nach D\u00e4nemark. Er war drei Monate alt, und in diesem Alter liegen Freude und Kummer oft nah beieinander. An jenem Tag haben wir ihn lange umhergetragen, weil er irgendwie unzufrieden war. Wie so oft war es uns unerkl\u00e4rlich, was genau ihn so qu\u00e4lte \u2013 und wie er dann [&hellip;]\" \/>\n<meta property=\"og:url\" content=\"https:\/\/blog.zeit.de\/zeit-der-leser\/2012\/03\/06\/zeitsprung-49\/\" \/>\n<meta property=\"og:site_name\" content=\"ZEIT der Leser\" \/>\n<meta property=\"article:published_time\" content=\"2012-03-06T09:00:32+00:00\" \/>\n<meta property=\"article:modified_time\" content=\"2012-03-01T11:39:41+00:00\" \/>\n<meta property=\"og:image\" content=\"https:\/\/blog.zeit.de\/zeit-der-leser\/files\/2012\/03\/s88-zeitsprung-1-5-16-12.jpg\" \/>\n<meta name=\"author\" content=\"&quot;Zeit der Leser&quot;-Redaktion\" \/>\n<meta name=\"twitter:card\" content=\"summary_large_image\" \/>\n<meta name=\"twitter:label1\" content=\"Geschrieben von\" \/>\n\t<meta name=\"twitter:data1\" content=\"\"Zeit der Leser\"-Redaktion\" \/>\n\t<meta name=\"twitter:label2\" content=\"Gesch\u00e4tzte Lesezeit\" \/>\n\t<meta name=\"twitter:data2\" content=\"1\u00a0Minute\" \/>\n<script type=\"application\/ld+json\" class=\"yoast-schema-graph\">{\"@context\":\"https:\/\/schema.org\",\"@graph\":[{\"@type\":\"WebPage\",\"@id\":\"https:\/\/blog.zeit.de\/zeit-der-leser\/2012\/03\/06\/zeitsprung-49\/\",\"url\":\"https:\/\/blog.zeit.de\/zeit-der-leser\/2012\/03\/06\/zeitsprung-49\/\",\"name\":\"Zeitsprung - ZEIT der Leser\",\"isPartOf\":{\"@id\":\"https:\/\/blog.zeit.de\/zeit-der-leser\/#website\"},\"datePublished\":\"2012-03-06T09:00:32+00:00\",\"dateModified\":\"2012-03-01T11:39:41+00:00\",\"author\":{\"@id\":\"https:\/\/blog.zeit.de\/zeit-der-leser\/#\/schema\/person\/583b14e5ad6368c23af846ecbde9f20f\"},\"breadcrumb\":{\"@id\":\"https:\/\/blog.zeit.de\/zeit-der-leser\/2012\/03\/06\/zeitsprung-49\/#breadcrumb\"},\"inLanguage\":\"de\",\"potentialAction\":[{\"@type\":\"ReadAction\",\"target\":[\"https:\/\/blog.zeit.de\/zeit-der-leser\/2012\/03\/06\/zeitsprung-49\/\"]}]},{\"@type\":\"BreadcrumbList\",\"@id\":\"https:\/\/blog.zeit.de\/zeit-der-leser\/2012\/03\/06\/zeitsprung-49\/#breadcrumb\",\"itemListElement\":[{\"@type\":\"ListItem\",\"position\":1,\"name\":\"Startseite\",\"item\":\"https:\/\/blog.zeit.de\/zeit-der-leser\/\"},{\"@type\":\"ListItem\",\"position\":2,\"name\":\"Zeitsprung\"}]},{\"@type\":\"WebSite\",\"@id\":\"https:\/\/blog.zeit.de\/zeit-der-leser\/#website\",\"url\":\"https:\/\/blog.zeit.de\/zeit-der-leser\/\",\"name\":\"ZEIT der Leser\",\"description\":\"Ein Blog mit Ihren Notizen, Gedichten und Bildern f\u00fcr die gedruckte ZEIT\",\"potentialAction\":[{\"@type\":\"SearchAction\",\"target\":{\"@type\":\"EntryPoint\",\"urlTemplate\":\"https:\/\/blog.zeit.de\/zeit-der-leser\/?s={search_term_string}\"},\"query-input\":\"required name=search_term_string\"}],\"inLanguage\":\"de\"},{\"@type\":\"Person\",\"@id\":\"https:\/\/blog.zeit.de\/zeit-der-leser\/#\/schema\/person\/583b14e5ad6368c23af846ecbde9f20f\",\"name\":\"\\\"Zeit der Leser\\\"-Redaktion\",\"image\":{\"@type\":\"ImageObject\",\"inLanguage\":\"de\",\"@id\":\"https:\/\/blog.zeit.de\/zeit-der-leser\/#\/schema\/person\/image\/\",\"url\":\"https:\/\/secure.gravatar.com\/avatar\/e801a681bd3bbf2345131a815930b48d9f8e0a94de1346b624840dc850f67ad0?s=96&d=mm&r=g\",\"contentUrl\":\"https:\/\/secure.gravatar.com\/avatar\/e801a681bd3bbf2345131a815930b48d9f8e0a94de1346b624840dc850f67ad0?s=96&d=mm&r=g\",\"caption\":\"\\\"Zeit der Leser\\\"-Redaktion\"},\"url\":\"https:\/\/blog.zeit.de\/zeit-der-leser\/author\/zeit-der-leser-redaktion\/\"}]}<\/script>\n<!-- \/ Yoast SEO plugin. -->","yoast_head_json":{"title":"Zeitsprung - ZEIT der Leser","robots":{"index":"index","follow":"follow","max-snippet":"max-snippet:-1","max-image-preview":"max-image-preview:large","max-video-preview":"max-video-preview:-1"},"canonical":"https:\/\/blog.zeit.de\/zeit-der-leser\/2012\/03\/06\/zeitsprung-49\/","og_locale":"de_DE","og_type":"article","og_title":"Zeitsprung - ZEIT der Leser","og_description":"Unser erster Urlaub mit Emil f\u00fchrte uns nach D\u00e4nemark. Er war drei Monate alt, und in diesem Alter liegen Freude und Kummer oft nah beieinander. An jenem Tag haben wir ihn lange umhergetragen, weil er irgendwie unzufrieden war. Wie so oft war es uns unerkl\u00e4rlich, was genau ihn so qu\u00e4lte \u2013 und wie er dann [&hellip;]","og_url":"https:\/\/blog.zeit.de\/zeit-der-leser\/2012\/03\/06\/zeitsprung-49\/","og_site_name":"ZEIT der Leser","article_published_time":"2012-03-06T09:00:32+00:00","article_modified_time":"2012-03-01T11:39:41+00:00","og_image":[{"url":"https:\/\/blog.zeit.de\/zeit-der-leser\/files\/2012\/03\/s88-zeitsprung-1-5-16-12.jpg"}],"author":"\"Zeit der Leser\"-Redaktion","twitter_card":"summary_large_image","twitter_misc":{"Geschrieben von":"\"Zeit der Leser\"-Redaktion","Gesch\u00e4tzte Lesezeit":"1\u00a0Minute"},"schema":{"@context":"https:\/\/schema.org","@graph":[{"@type":"WebPage","@id":"https:\/\/blog.zeit.de\/zeit-der-leser\/2012\/03\/06\/zeitsprung-49\/","url":"https:\/\/blog.zeit.de\/zeit-der-leser\/2012\/03\/06\/zeitsprung-49\/","name":"Zeitsprung - ZEIT der Leser","isPartOf":{"@id":"https:\/\/blog.zeit.de\/zeit-der-leser\/#website"},"datePublished":"2012-03-06T09:00:32+00:00","dateModified":"2012-03-01T11:39:41+00:00","author":{"@id":"https:\/\/blog.zeit.de\/zeit-der-leser\/#\/schema\/person\/583b14e5ad6368c23af846ecbde9f20f"},"breadcrumb":{"@id":"https:\/\/blog.zeit.de\/zeit-der-leser\/2012\/03\/06\/zeitsprung-49\/#breadcrumb"},"inLanguage":"de","potentialAction":[{"@type":"ReadAction","target":["https:\/\/blog.zeit.de\/zeit-der-leser\/2012\/03\/06\/zeitsprung-49\/"]}]},{"@type":"BreadcrumbList","@id":"https:\/\/blog.zeit.de\/zeit-der-leser\/2012\/03\/06\/zeitsprung-49\/#breadcrumb","itemListElement":[{"@type":"ListItem","position":1,"name":"Startseite","item":"https:\/\/blog.zeit.de\/zeit-der-leser\/"},{"@type":"ListItem","position":2,"name":"Zeitsprung"}]},{"@type":"WebSite","@id":"https:\/\/blog.zeit.de\/zeit-der-leser\/#website","url":"https:\/\/blog.zeit.de\/zeit-der-leser\/","name":"ZEIT der Leser","description":"Ein Blog mit Ihren Notizen, Gedichten und Bildern f\u00fcr die gedruckte ZEIT","potentialAction":[{"@type":"SearchAction","target":{"@type":"EntryPoint","urlTemplate":"https:\/\/blog.zeit.de\/zeit-der-leser\/?s={search_term_string}"},"query-input":"required name=search_term_string"}],"inLanguage":"de"},{"@type":"Person","@id":"https:\/\/blog.zeit.de\/zeit-der-leser\/#\/schema\/person\/583b14e5ad6368c23af846ecbde9f20f","name":"\"Zeit der Leser\"-Redaktion","image":{"@type":"ImageObject","inLanguage":"de","@id":"https:\/\/blog.zeit.de\/zeit-der-leser\/#\/schema\/person\/image\/","url":"https:\/\/secure.gravatar.com\/avatar\/e801a681bd3bbf2345131a815930b48d9f8e0a94de1346b624840dc850f67ad0?s=96&d=mm&r=g","contentUrl":"https:\/\/secure.gravatar.com\/avatar\/e801a681bd3bbf2345131a815930b48d9f8e0a94de1346b624840dc850f67ad0?s=96&d=mm&r=g","caption":"\"Zeit der Leser\"-Redaktion"},"url":"https:\/\/blog.zeit.de\/zeit-der-leser\/author\/zeit-der-leser-redaktion\/"}]}},"jetpack_featured_media_url":"","jetpack_sharing_enabled":true,"_links":{"self":[{"href":"https:\/\/blog.zeit.de\/zeit-der-leser\/wp-json\/wp\/v2\/posts\/8814","targetHints":{"allow":["GET"]}}],"collection":[{"href":"https:\/\/blog.zeit.de\/zeit-der-leser\/wp-json\/wp\/v2\/posts"}],"about":[{"href":"https:\/\/blog.zeit.de\/zeit-der-leser\/wp-json\/wp\/v2\/types\/post"}],"author":[{"embeddable":true,"href":"https:\/\/blog.zeit.de\/zeit-der-leser\/wp-json\/wp\/v2\/users\/265"}],"replies":[{"embeddable":true,"href":"https:\/\/blog.zeit.de\/zeit-der-leser\/wp-json\/wp\/v2\/comments?post=8814"}],"version-history":[{"count":3,"href":"https:\/\/blog.zeit.de\/zeit-der-leser\/wp-json\/wp\/v2\/posts\/8814\/revisions"}],"predecessor-version":[{"id":8819,"href":"https:\/\/blog.zeit.de\/zeit-der-leser\/wp-json\/wp\/v2\/posts\/8814\/revisions\/8819"}],"wp:attachment":[{"href":"https:\/\/blog.zeit.de\/zeit-der-leser\/wp-json\/wp\/v2\/media?parent=8814"}],"wp:term":[{"taxonomy":"category","embeddable":true,"href":"https:\/\/blog.zeit.de\/zeit-der-leser\/wp-json\/wp\/v2\/categories?post=8814"},{"taxonomy":"post_tag","embeddable":true,"href":"https:\/\/blog.zeit.de\/zeit-der-leser\/wp-json\/wp\/v2\/tags?post=8814"}],"curies":[{"name":"wp","href":"https:\/\/api.w.org\/{rel}","templated":true}]}}