{"id":8854,"date":"2012-03-09T10:00:28","date_gmt":"2012-03-09T09:00:28","guid":{"rendered":"http:\/\/blog.zeit.de\/zeit-der-leser\/?p=8854"},"modified":"2012-03-08T13:37:19","modified_gmt":"2012-03-08T12:37:19","slug":"mein-ding-3","status":"publish","type":"post","link":"https:\/\/blog.zeit.de\/zeit-der-leser\/2012\/03\/09\/mein-ding-3\/","title":{"rendered":"Mein Ding"},"content":{"rendered":"<p><a href=\"https:\/\/blog.zeit.de\/zeit-der-leser\/files\/2012\/03\/s78-ofen.jpg\"><img loading=\"lazy\" decoding=\"async\" src=\"https:\/\/blog.zeit.de\/zeit-der-leser\/files\/2012\/03\/s78-ofen.jpg\" alt=\"\" width=\"180\" height=\"297\" class=\"aligncenter size-full wp-image-8855\" \/><\/a><br \/>\nDen Ofen entdeckte ich in einem Antiquit\u00e4tengesch\u00e4ft und war sofort fasziniert. Wegen Gesch\u00e4ftsaufgabe war er sogar fu\u0308r mich als Studenten erschwinglich. Und inzwischen begleitet er mich und meine Familie seit mehr als drei\u00dfig Jahren und sorgt als zus\u00e4tzlicher W\u00e4rmespender fu\u0308r eine wohlige Zimmertemperatur. Damals als Student war ich so begeistert, dass ich direkt den \u00d6lofen aus meiner zw\u00f6lf Quadratmeter gro\u00dfen Studentenbude auslagerte und das neue Schmuckst\u00fcck installierte. Leider erwischte mich bald der Vermieter, da ich das Treppenhaus unter Rauchschwaden gesetzt hatte, ich musste den nicht genehmigten Ofen wieder abbauen. Heute freut sich der Schornsteinfeger, wenn er das gute Stu\u0308ck zu begutachten hat. Der Ofen ist etwa 120 Zentimeter hoch, 38 Zentimeter breit, 50 Zentimeter tief, wiegt rund 80 Kilogramm und besteht \u00fcberwiegend aus Gussstahl, au\u00dfen gr\u00fcn emailliert. Wir heizen mit Holz, nur bei l\u00e4ngeren K\u00e4lteperioden mit Briketts. Dann ist er am n\u00e4chsten Morgen noch warm, und man kann ihn direkt wieder anheizen. Nussschalen frisst er auch \u2013 und zum Anheizen verwende ich auch mal eine alte Ausgabe der <em>ZEIT<\/em> (sorry).<\/p>\n<p><em>Christian G\u00f6ldner, Herzogenrath<\/em><\/p>\n","protected":false},"excerpt":{"rendered":"<p>Den Ofen entdeckte ich in einem Antiquit\u00e4tengesch\u00e4ft und war sofort fasziniert. Wegen Gesch\u00e4ftsaufgabe war er sogar fu\u0308r mich als Studenten erschwinglich. Und inzwischen begleitet er mich und meine Familie seit mehr als drei\u00dfig Jahren und sorgt als zus\u00e4tzlicher W\u00e4rmespender fu\u0308r eine wohlige Zimmertemperatur. Damals als Student war ich so begeistert, dass ich direkt den \u00d6lofen [&hellip;]<\/p>\n","protected":false},"author":265,"featured_media":0,"comment_status":"open","ping_status":"open","sticky":false,"template":"","format":"standard","meta":{"_jetpack_memberships_contains_paid_content":false,"footnotes":""},"categories":[5689],"tags":[],"class_list":["post-8854","post","type-post","status-publish","format-standard","hentry","category-mein-ding"],"yoast_head":"<!-- This site is optimized with the Yoast SEO plugin v21.0 - https:\/\/yoast.com\/wordpress\/plugins\/seo\/ -->\n<title>Mein Ding - ZEIT der Leser<\/title>\n<meta name=\"robots\" content=\"index, follow, max-snippet:-1, max-image-preview:large, max-video-preview:-1\" \/>\n<link rel=\"canonical\" href=\"https:\/\/blog.zeit.de\/zeit-der-leser\/2012\/03\/09\/mein-ding-3\/\" \/>\n<meta property=\"og:locale\" content=\"de_DE\" \/>\n<meta property=\"og:type\" content=\"article\" \/>\n<meta property=\"og:title\" content=\"Mein Ding - ZEIT der Leser\" \/>\n<meta property=\"og:description\" content=\"Den Ofen entdeckte ich in einem Antiquit\u00e4tengesch\u00e4ft und war sofort fasziniert. Wegen Gesch\u00e4ftsaufgabe war er sogar fu\u0308r mich als Studenten erschwinglich. Und inzwischen begleitet er mich und meine Familie seit mehr als drei\u00dfig Jahren und sorgt als zus\u00e4tzlicher W\u00e4rmespender fu\u0308r eine wohlige Zimmertemperatur. Damals als Student war ich so begeistert, dass ich direkt den \u00d6lofen [&hellip;]\" \/>\n<meta property=\"og:url\" content=\"https:\/\/blog.zeit.de\/zeit-der-leser\/2012\/03\/09\/mein-ding-3\/\" \/>\n<meta property=\"og:site_name\" content=\"ZEIT der Leser\" \/>\n<meta property=\"article:published_time\" content=\"2012-03-09T09:00:28+00:00\" \/>\n<meta property=\"article:modified_time\" content=\"2012-03-08T12:37:19+00:00\" \/>\n<meta property=\"og:image\" content=\"https:\/\/blog.zeit.de\/zeit-der-leser\/files\/2012\/03\/s78-ofen.jpg\" \/>\n<meta name=\"author\" content=\"&quot;Zeit der Leser&quot;-Redaktion\" \/>\n<meta name=\"twitter:card\" content=\"summary_large_image\" \/>\n<meta name=\"twitter:label1\" content=\"Geschrieben von\" \/>\n\t<meta name=\"twitter:data1\" content=\"\"Zeit der Leser\"-Redaktion\" \/>\n\t<meta name=\"twitter:label2\" content=\"Gesch\u00e4tzte Lesezeit\" \/>\n\t<meta name=\"twitter:data2\" content=\"1\u00a0Minute\" \/>\n<script type=\"application\/ld+json\" class=\"yoast-schema-graph\">{\"@context\":\"https:\/\/schema.org\",\"@graph\":[{\"@type\":\"WebPage\",\"@id\":\"https:\/\/blog.zeit.de\/zeit-der-leser\/2012\/03\/09\/mein-ding-3\/\",\"url\":\"https:\/\/blog.zeit.de\/zeit-der-leser\/2012\/03\/09\/mein-ding-3\/\",\"name\":\"Mein Ding - ZEIT der Leser\",\"isPartOf\":{\"@id\":\"https:\/\/blog.zeit.de\/zeit-der-leser\/#website\"},\"datePublished\":\"2012-03-09T09:00:28+00:00\",\"dateModified\":\"2012-03-08T12:37:19+00:00\",\"author\":{\"@id\":\"https:\/\/blog.zeit.de\/zeit-der-leser\/#\/schema\/person\/583b14e5ad6368c23af846ecbde9f20f\"},\"breadcrumb\":{\"@id\":\"https:\/\/blog.zeit.de\/zeit-der-leser\/2012\/03\/09\/mein-ding-3\/#breadcrumb\"},\"inLanguage\":\"de\",\"potentialAction\":[{\"@type\":\"ReadAction\",\"target\":[\"https:\/\/blog.zeit.de\/zeit-der-leser\/2012\/03\/09\/mein-ding-3\/\"]}]},{\"@type\":\"BreadcrumbList\",\"@id\":\"https:\/\/blog.zeit.de\/zeit-der-leser\/2012\/03\/09\/mein-ding-3\/#breadcrumb\",\"itemListElement\":[{\"@type\":\"ListItem\",\"position\":1,\"name\":\"Startseite\",\"item\":\"https:\/\/blog.zeit.de\/zeit-der-leser\/\"},{\"@type\":\"ListItem\",\"position\":2,\"name\":\"Mein Ding\"}]},{\"@type\":\"WebSite\",\"@id\":\"https:\/\/blog.zeit.de\/zeit-der-leser\/#website\",\"url\":\"https:\/\/blog.zeit.de\/zeit-der-leser\/\",\"name\":\"ZEIT der Leser\",\"description\":\"Ein Blog mit Ihren Notizen, Gedichten und Bildern f\u00fcr die gedruckte ZEIT\",\"potentialAction\":[{\"@type\":\"SearchAction\",\"target\":{\"@type\":\"EntryPoint\",\"urlTemplate\":\"https:\/\/blog.zeit.de\/zeit-der-leser\/?s={search_term_string}\"},\"query-input\":\"required name=search_term_string\"}],\"inLanguage\":\"de\"},{\"@type\":\"Person\",\"@id\":\"https:\/\/blog.zeit.de\/zeit-der-leser\/#\/schema\/person\/583b14e5ad6368c23af846ecbde9f20f\",\"name\":\"\\\"Zeit der Leser\\\"-Redaktion\",\"image\":{\"@type\":\"ImageObject\",\"inLanguage\":\"de\",\"@id\":\"https:\/\/blog.zeit.de\/zeit-der-leser\/#\/schema\/person\/image\/\",\"url\":\"https:\/\/secure.gravatar.com\/avatar\/e801a681bd3bbf2345131a815930b48d9f8e0a94de1346b624840dc850f67ad0?s=96&d=mm&r=g\",\"contentUrl\":\"https:\/\/secure.gravatar.com\/avatar\/e801a681bd3bbf2345131a815930b48d9f8e0a94de1346b624840dc850f67ad0?s=96&d=mm&r=g\",\"caption\":\"\\\"Zeit der Leser\\\"-Redaktion\"},\"url\":\"https:\/\/blog.zeit.de\/zeit-der-leser\/author\/zeit-der-leser-redaktion\/\"}]}<\/script>\n<!-- \/ Yoast SEO plugin. -->","yoast_head_json":{"title":"Mein Ding - ZEIT der Leser","robots":{"index":"index","follow":"follow","max-snippet":"max-snippet:-1","max-image-preview":"max-image-preview:large","max-video-preview":"max-video-preview:-1"},"canonical":"https:\/\/blog.zeit.de\/zeit-der-leser\/2012\/03\/09\/mein-ding-3\/","og_locale":"de_DE","og_type":"article","og_title":"Mein Ding - ZEIT der Leser","og_description":"Den Ofen entdeckte ich in einem Antiquit\u00e4tengesch\u00e4ft und war sofort fasziniert. Wegen Gesch\u00e4ftsaufgabe war er sogar fu\u0308r mich als Studenten erschwinglich. Und inzwischen begleitet er mich und meine Familie seit mehr als drei\u00dfig Jahren und sorgt als zus\u00e4tzlicher W\u00e4rmespender fu\u0308r eine wohlige Zimmertemperatur. Damals als Student war ich so begeistert, dass ich direkt den \u00d6lofen [&hellip;]","og_url":"https:\/\/blog.zeit.de\/zeit-der-leser\/2012\/03\/09\/mein-ding-3\/","og_site_name":"ZEIT der Leser","article_published_time":"2012-03-09T09:00:28+00:00","article_modified_time":"2012-03-08T12:37:19+00:00","og_image":[{"url":"https:\/\/blog.zeit.de\/zeit-der-leser\/files\/2012\/03\/s78-ofen.jpg"}],"author":"\"Zeit der Leser\"-Redaktion","twitter_card":"summary_large_image","twitter_misc":{"Geschrieben von":"\"Zeit der Leser\"-Redaktion","Gesch\u00e4tzte Lesezeit":"1\u00a0Minute"},"schema":{"@context":"https:\/\/schema.org","@graph":[{"@type":"WebPage","@id":"https:\/\/blog.zeit.de\/zeit-der-leser\/2012\/03\/09\/mein-ding-3\/","url":"https:\/\/blog.zeit.de\/zeit-der-leser\/2012\/03\/09\/mein-ding-3\/","name":"Mein Ding - ZEIT der Leser","isPartOf":{"@id":"https:\/\/blog.zeit.de\/zeit-der-leser\/#website"},"datePublished":"2012-03-09T09:00:28+00:00","dateModified":"2012-03-08T12:37:19+00:00","author":{"@id":"https:\/\/blog.zeit.de\/zeit-der-leser\/#\/schema\/person\/583b14e5ad6368c23af846ecbde9f20f"},"breadcrumb":{"@id":"https:\/\/blog.zeit.de\/zeit-der-leser\/2012\/03\/09\/mein-ding-3\/#breadcrumb"},"inLanguage":"de","potentialAction":[{"@type":"ReadAction","target":["https:\/\/blog.zeit.de\/zeit-der-leser\/2012\/03\/09\/mein-ding-3\/"]}]},{"@type":"BreadcrumbList","@id":"https:\/\/blog.zeit.de\/zeit-der-leser\/2012\/03\/09\/mein-ding-3\/#breadcrumb","itemListElement":[{"@type":"ListItem","position":1,"name":"Startseite","item":"https:\/\/blog.zeit.de\/zeit-der-leser\/"},{"@type":"ListItem","position":2,"name":"Mein Ding"}]},{"@type":"WebSite","@id":"https:\/\/blog.zeit.de\/zeit-der-leser\/#website","url":"https:\/\/blog.zeit.de\/zeit-der-leser\/","name":"ZEIT der Leser","description":"Ein Blog mit Ihren Notizen, Gedichten und Bildern f\u00fcr die gedruckte ZEIT","potentialAction":[{"@type":"SearchAction","target":{"@type":"EntryPoint","urlTemplate":"https:\/\/blog.zeit.de\/zeit-der-leser\/?s={search_term_string}"},"query-input":"required name=search_term_string"}],"inLanguage":"de"},{"@type":"Person","@id":"https:\/\/blog.zeit.de\/zeit-der-leser\/#\/schema\/person\/583b14e5ad6368c23af846ecbde9f20f","name":"\"Zeit der Leser\"-Redaktion","image":{"@type":"ImageObject","inLanguage":"de","@id":"https:\/\/blog.zeit.de\/zeit-der-leser\/#\/schema\/person\/image\/","url":"https:\/\/secure.gravatar.com\/avatar\/e801a681bd3bbf2345131a815930b48d9f8e0a94de1346b624840dc850f67ad0?s=96&d=mm&r=g","contentUrl":"https:\/\/secure.gravatar.com\/avatar\/e801a681bd3bbf2345131a815930b48d9f8e0a94de1346b624840dc850f67ad0?s=96&d=mm&r=g","caption":"\"Zeit der Leser\"-Redaktion"},"url":"https:\/\/blog.zeit.de\/zeit-der-leser\/author\/zeit-der-leser-redaktion\/"}]}},"jetpack_featured_media_url":"","jetpack_sharing_enabled":true,"_links":{"self":[{"href":"https:\/\/blog.zeit.de\/zeit-der-leser\/wp-json\/wp\/v2\/posts\/8854","targetHints":{"allow":["GET"]}}],"collection":[{"href":"https:\/\/blog.zeit.de\/zeit-der-leser\/wp-json\/wp\/v2\/posts"}],"about":[{"href":"https:\/\/blog.zeit.de\/zeit-der-leser\/wp-json\/wp\/v2\/types\/post"}],"author":[{"embeddable":true,"href":"https:\/\/blog.zeit.de\/zeit-der-leser\/wp-json\/wp\/v2\/users\/265"}],"replies":[{"embeddable":true,"href":"https:\/\/blog.zeit.de\/zeit-der-leser\/wp-json\/wp\/v2\/comments?post=8854"}],"version-history":[{"count":4,"href":"https:\/\/blog.zeit.de\/zeit-der-leser\/wp-json\/wp\/v2\/posts\/8854\/revisions"}],"predecessor-version":[{"id":8860,"href":"https:\/\/blog.zeit.de\/zeit-der-leser\/wp-json\/wp\/v2\/posts\/8854\/revisions\/8860"}],"wp:attachment":[{"href":"https:\/\/blog.zeit.de\/zeit-der-leser\/wp-json\/wp\/v2\/media?parent=8854"}],"wp:term":[{"taxonomy":"category","embeddable":true,"href":"https:\/\/blog.zeit.de\/zeit-der-leser\/wp-json\/wp\/v2\/categories?post=8854"},{"taxonomy":"post_tag","embeddable":true,"href":"https:\/\/blog.zeit.de\/zeit-der-leser\/wp-json\/wp\/v2\/tags?post=8854"}],"curies":[{"name":"wp","href":"https:\/\/api.w.org\/{rel}","templated":true}]}}