{"id":8881,"date":"2012-03-14T18:00:19","date_gmt":"2012-03-14T17:00:19","guid":{"rendered":"http:\/\/blog.zeit.de\/zeit-der-leser\/?p=8881"},"modified":"2015-02-23T15:20:27","modified_gmt":"2015-02-23T14:20:27","slug":"mein-wort-schatz-nickerchen-2","status":"publish","type":"post","link":"https:\/\/blog.zeit.de\/zeit-der-leser\/2012\/03\/14\/mein-wort-schatz-nickerchen-2\/","title":{"rendered":"Nickerchen: Mein Wort-Schatz"},"content":{"rendered":"<p>Als Mutter von vier Kindern (das ju\u0308ngste sieben Monate) ist mir sehr bewusst, welchen Wert der Schlaf hat. Selten finde ich Ruhe, mich am Tag kurz hinzulegen. Aber manchmal eben doch: Die gro\u00dfen Kinder sind besch\u00e4ftigt, kein Termin dr\u00e4ngt, S\u00f6hnchen reibt sich m\u00fcde die Augen. Dann lege ich mich mit meinem Baby ins Bett und kuschle es in den Schlaf \u2013 und bleibe dann noch ein bisschen liegen und mache ein <strong>Nickerchen<\/strong>. Dieses Wort wirkt so leicht und klein, viel undramatischer als \u00bbMittagsschlaf \u00ab. \u00bbEin Nickerchen machen \u00ab, das klingt nach etwas, das sich jeder ohne schlechtes Gewissen zwischendurch g\u00f6nnen kann.<\/p>\n<p><strong>Martha J\u00e4ger<\/strong>, N\u00fcrnberg<\/p>\n","protected":false},"excerpt":{"rendered":"<p>Als Mutter von vier Kindern (das ju\u0308ngste sieben Monate) ist mir sehr bewusst, welchen Wert der Schlaf hat. Selten finde ich Ruhe, mich am Tag kurz hinzulegen. Aber manchmal eben doch: Die gro\u00dfen Kinder sind besch\u00e4ftigt, kein Termin dr\u00e4ngt, S\u00f6hnchen reibt sich m\u00fcde die Augen. Dann lege ich mich mit meinem Baby ins Bett und [&hellip;]<\/p>\n","protected":false},"author":265,"featured_media":0,"comment_status":"open","ping_status":"open","sticky":false,"template":"","format":"standard","meta":{"_jetpack_memberships_contains_paid_content":false,"footnotes":""},"categories":[5687],"tags":[],"class_list":["post-8881","post","type-post","status-publish","format-standard","hentry","category-mein-wort-schatz"],"yoast_head":"<!-- This site is optimized with the Yoast SEO plugin v21.0 - https:\/\/yoast.com\/wordpress\/plugins\/seo\/ -->\n<title>Nickerchen: Mein Wort-Schatz - ZEIT der Leser<\/title>\n<meta name=\"robots\" content=\"index, follow, max-snippet:-1, max-image-preview:large, max-video-preview:-1\" \/>\n<link rel=\"canonical\" href=\"https:\/\/blog.zeit.de\/zeit-der-leser\/2012\/03\/14\/mein-wort-schatz-nickerchen-2\/\" \/>\n<meta property=\"og:locale\" content=\"de_DE\" \/>\n<meta property=\"og:type\" content=\"article\" \/>\n<meta property=\"og:title\" content=\"Nickerchen: Mein Wort-Schatz - ZEIT der Leser\" \/>\n<meta property=\"og:description\" content=\"Als Mutter von vier Kindern (das ju\u0308ngste sieben Monate) ist mir sehr bewusst, welchen Wert der Schlaf hat. Selten finde ich Ruhe, mich am Tag kurz hinzulegen. Aber manchmal eben doch: Die gro\u00dfen Kinder sind besch\u00e4ftigt, kein Termin dr\u00e4ngt, S\u00f6hnchen reibt sich m\u00fcde die Augen. Dann lege ich mich mit meinem Baby ins Bett und [&hellip;]\" \/>\n<meta property=\"og:url\" content=\"https:\/\/blog.zeit.de\/zeit-der-leser\/2012\/03\/14\/mein-wort-schatz-nickerchen-2\/\" \/>\n<meta property=\"og:site_name\" content=\"ZEIT der Leser\" \/>\n<meta property=\"article:published_time\" content=\"2012-03-14T17:00:19+00:00\" \/>\n<meta property=\"article:modified_time\" content=\"2015-02-23T14:20:27+00:00\" \/>\n<meta name=\"author\" content=\"&quot;Zeit der Leser&quot;-Redaktion\" \/>\n<meta name=\"twitter:card\" content=\"summary_large_image\" \/>\n<meta name=\"twitter:label1\" content=\"Geschrieben von\" \/>\n\t<meta name=\"twitter:data1\" content=\"\"Zeit der Leser\"-Redaktion\" \/>\n\t<meta name=\"twitter:label2\" content=\"Gesch\u00e4tzte Lesezeit\" \/>\n\t<meta name=\"twitter:data2\" content=\"1\u00a0Minute\" \/>\n<script type=\"application\/ld+json\" class=\"yoast-schema-graph\">{\"@context\":\"https:\/\/schema.org\",\"@graph\":[{\"@type\":\"WebPage\",\"@id\":\"https:\/\/blog.zeit.de\/zeit-der-leser\/2012\/03\/14\/mein-wort-schatz-nickerchen-2\/\",\"url\":\"https:\/\/blog.zeit.de\/zeit-der-leser\/2012\/03\/14\/mein-wort-schatz-nickerchen-2\/\",\"name\":\"Nickerchen: Mein Wort-Schatz - ZEIT der Leser\",\"isPartOf\":{\"@id\":\"https:\/\/blog.zeit.de\/zeit-der-leser\/#website\"},\"datePublished\":\"2012-03-14T17:00:19+00:00\",\"dateModified\":\"2015-02-23T14:20:27+00:00\",\"author\":{\"@id\":\"https:\/\/blog.zeit.de\/zeit-der-leser\/#\/schema\/person\/583b14e5ad6368c23af846ecbde9f20f\"},\"breadcrumb\":{\"@id\":\"https:\/\/blog.zeit.de\/zeit-der-leser\/2012\/03\/14\/mein-wort-schatz-nickerchen-2\/#breadcrumb\"},\"inLanguage\":\"de\",\"potentialAction\":[{\"@type\":\"ReadAction\",\"target\":[\"https:\/\/blog.zeit.de\/zeit-der-leser\/2012\/03\/14\/mein-wort-schatz-nickerchen-2\/\"]}]},{\"@type\":\"BreadcrumbList\",\"@id\":\"https:\/\/blog.zeit.de\/zeit-der-leser\/2012\/03\/14\/mein-wort-schatz-nickerchen-2\/#breadcrumb\",\"itemListElement\":[{\"@type\":\"ListItem\",\"position\":1,\"name\":\"Startseite\",\"item\":\"https:\/\/blog.zeit.de\/zeit-der-leser\/\"},{\"@type\":\"ListItem\",\"position\":2,\"name\":\"Nickerchen: Mein Wort-Schatz\"}]},{\"@type\":\"WebSite\",\"@id\":\"https:\/\/blog.zeit.de\/zeit-der-leser\/#website\",\"url\":\"https:\/\/blog.zeit.de\/zeit-der-leser\/\",\"name\":\"ZEIT der Leser\",\"description\":\"Ein Blog mit Ihren Notizen, Gedichten und Bildern f\u00fcr die gedruckte ZEIT\",\"potentialAction\":[{\"@type\":\"SearchAction\",\"target\":{\"@type\":\"EntryPoint\",\"urlTemplate\":\"https:\/\/blog.zeit.de\/zeit-der-leser\/?s={search_term_string}\"},\"query-input\":\"required name=search_term_string\"}],\"inLanguage\":\"de\"},{\"@type\":\"Person\",\"@id\":\"https:\/\/blog.zeit.de\/zeit-der-leser\/#\/schema\/person\/583b14e5ad6368c23af846ecbde9f20f\",\"name\":\"\\\"Zeit der Leser\\\"-Redaktion\",\"image\":{\"@type\":\"ImageObject\",\"inLanguage\":\"de\",\"@id\":\"https:\/\/blog.zeit.de\/zeit-der-leser\/#\/schema\/person\/image\/\",\"url\":\"https:\/\/secure.gravatar.com\/avatar\/e801a681bd3bbf2345131a815930b48d9f8e0a94de1346b624840dc850f67ad0?s=96&d=mm&r=g\",\"contentUrl\":\"https:\/\/secure.gravatar.com\/avatar\/e801a681bd3bbf2345131a815930b48d9f8e0a94de1346b624840dc850f67ad0?s=96&d=mm&r=g\",\"caption\":\"\\\"Zeit der Leser\\\"-Redaktion\"},\"url\":\"https:\/\/blog.zeit.de\/zeit-der-leser\/author\/zeit-der-leser-redaktion\/\"}]}<\/script>\n<!-- \/ Yoast SEO plugin. -->","yoast_head_json":{"title":"Nickerchen: Mein Wort-Schatz - ZEIT der Leser","robots":{"index":"index","follow":"follow","max-snippet":"max-snippet:-1","max-image-preview":"max-image-preview:large","max-video-preview":"max-video-preview:-1"},"canonical":"https:\/\/blog.zeit.de\/zeit-der-leser\/2012\/03\/14\/mein-wort-schatz-nickerchen-2\/","og_locale":"de_DE","og_type":"article","og_title":"Nickerchen: Mein Wort-Schatz - ZEIT der Leser","og_description":"Als Mutter von vier Kindern (das ju\u0308ngste sieben Monate) ist mir sehr bewusst, welchen Wert der Schlaf hat. Selten finde ich Ruhe, mich am Tag kurz hinzulegen. Aber manchmal eben doch: Die gro\u00dfen Kinder sind besch\u00e4ftigt, kein Termin dr\u00e4ngt, S\u00f6hnchen reibt sich m\u00fcde die Augen. Dann lege ich mich mit meinem Baby ins Bett und [&hellip;]","og_url":"https:\/\/blog.zeit.de\/zeit-der-leser\/2012\/03\/14\/mein-wort-schatz-nickerchen-2\/","og_site_name":"ZEIT der Leser","article_published_time":"2012-03-14T17:00:19+00:00","article_modified_time":"2015-02-23T14:20:27+00:00","author":"\"Zeit der Leser\"-Redaktion","twitter_card":"summary_large_image","twitter_misc":{"Geschrieben von":"\"Zeit der Leser\"-Redaktion","Gesch\u00e4tzte Lesezeit":"1\u00a0Minute"},"schema":{"@context":"https:\/\/schema.org","@graph":[{"@type":"WebPage","@id":"https:\/\/blog.zeit.de\/zeit-der-leser\/2012\/03\/14\/mein-wort-schatz-nickerchen-2\/","url":"https:\/\/blog.zeit.de\/zeit-der-leser\/2012\/03\/14\/mein-wort-schatz-nickerchen-2\/","name":"Nickerchen: Mein Wort-Schatz - ZEIT der Leser","isPartOf":{"@id":"https:\/\/blog.zeit.de\/zeit-der-leser\/#website"},"datePublished":"2012-03-14T17:00:19+00:00","dateModified":"2015-02-23T14:20:27+00:00","author":{"@id":"https:\/\/blog.zeit.de\/zeit-der-leser\/#\/schema\/person\/583b14e5ad6368c23af846ecbde9f20f"},"breadcrumb":{"@id":"https:\/\/blog.zeit.de\/zeit-der-leser\/2012\/03\/14\/mein-wort-schatz-nickerchen-2\/#breadcrumb"},"inLanguage":"de","potentialAction":[{"@type":"ReadAction","target":["https:\/\/blog.zeit.de\/zeit-der-leser\/2012\/03\/14\/mein-wort-schatz-nickerchen-2\/"]}]},{"@type":"BreadcrumbList","@id":"https:\/\/blog.zeit.de\/zeit-der-leser\/2012\/03\/14\/mein-wort-schatz-nickerchen-2\/#breadcrumb","itemListElement":[{"@type":"ListItem","position":1,"name":"Startseite","item":"https:\/\/blog.zeit.de\/zeit-der-leser\/"},{"@type":"ListItem","position":2,"name":"Nickerchen: Mein Wort-Schatz"}]},{"@type":"WebSite","@id":"https:\/\/blog.zeit.de\/zeit-der-leser\/#website","url":"https:\/\/blog.zeit.de\/zeit-der-leser\/","name":"ZEIT der Leser","description":"Ein Blog mit Ihren Notizen, Gedichten und Bildern f\u00fcr die gedruckte ZEIT","potentialAction":[{"@type":"SearchAction","target":{"@type":"EntryPoint","urlTemplate":"https:\/\/blog.zeit.de\/zeit-der-leser\/?s={search_term_string}"},"query-input":"required name=search_term_string"}],"inLanguage":"de"},{"@type":"Person","@id":"https:\/\/blog.zeit.de\/zeit-der-leser\/#\/schema\/person\/583b14e5ad6368c23af846ecbde9f20f","name":"\"Zeit der Leser\"-Redaktion","image":{"@type":"ImageObject","inLanguage":"de","@id":"https:\/\/blog.zeit.de\/zeit-der-leser\/#\/schema\/person\/image\/","url":"https:\/\/secure.gravatar.com\/avatar\/e801a681bd3bbf2345131a815930b48d9f8e0a94de1346b624840dc850f67ad0?s=96&d=mm&r=g","contentUrl":"https:\/\/secure.gravatar.com\/avatar\/e801a681bd3bbf2345131a815930b48d9f8e0a94de1346b624840dc850f67ad0?s=96&d=mm&r=g","caption":"\"Zeit der Leser\"-Redaktion"},"url":"https:\/\/blog.zeit.de\/zeit-der-leser\/author\/zeit-der-leser-redaktion\/"}]}},"jetpack_featured_media_url":"","jetpack_sharing_enabled":true,"_links":{"self":[{"href":"https:\/\/blog.zeit.de\/zeit-der-leser\/wp-json\/wp\/v2\/posts\/8881","targetHints":{"allow":["GET"]}}],"collection":[{"href":"https:\/\/blog.zeit.de\/zeit-der-leser\/wp-json\/wp\/v2\/posts"}],"about":[{"href":"https:\/\/blog.zeit.de\/zeit-der-leser\/wp-json\/wp\/v2\/types\/post"}],"author":[{"embeddable":true,"href":"https:\/\/blog.zeit.de\/zeit-der-leser\/wp-json\/wp\/v2\/users\/265"}],"replies":[{"embeddable":true,"href":"https:\/\/blog.zeit.de\/zeit-der-leser\/wp-json\/wp\/v2\/comments?post=8881"}],"version-history":[{"count":4,"href":"https:\/\/blog.zeit.de\/zeit-der-leser\/wp-json\/wp\/v2\/posts\/8881\/revisions"}],"predecessor-version":[{"id":19761,"href":"https:\/\/blog.zeit.de\/zeit-der-leser\/wp-json\/wp\/v2\/posts\/8881\/revisions\/19761"}],"wp:attachment":[{"href":"https:\/\/blog.zeit.de\/zeit-der-leser\/wp-json\/wp\/v2\/media?parent=8881"}],"wp:term":[{"taxonomy":"category","embeddable":true,"href":"https:\/\/blog.zeit.de\/zeit-der-leser\/wp-json\/wp\/v2\/categories?post=8881"},{"taxonomy":"post_tag","embeddable":true,"href":"https:\/\/blog.zeit.de\/zeit-der-leser\/wp-json\/wp\/v2\/tags?post=8881"}],"curies":[{"name":"wp","href":"https:\/\/api.w.org\/{rel}","templated":true}]}}