{"id":8980,"date":"2012-03-20T10:00:51","date_gmt":"2012-03-20T09:00:51","guid":{"rendered":"http:\/\/blog.zeit.de\/zeit-der-leser\/?p=8980"},"modified":"2013-06-12T16:35:11","modified_gmt":"2013-06-12T14:35:11","slug":"mein-ding-4","status":"publish","type":"post","link":"https:\/\/blog.zeit.de\/zeit-der-leser\/2012\/03\/20\/mein-ding-4\/","title":{"rendered":"Mein Ding"},"content":{"rendered":"<p><a href=\"https:\/\/blog.zeit.de\/zeit-der-leser\/2012\/03\/20\/mein-ding-4\/the-knife\/\" rel=\"attachment wp-att-13952\"><img loading=\"lazy\" decoding=\"async\" class=\"alignleft size-full wp-image-13952\" alt=\"the-knife\" src=\"https:\/\/blog.zeit.de\/zeit-der-leser\/files\/2012\/03\/the-knife.jpg\" width=\"580\" height=\"367\" srcset=\"https:\/\/blog.zeit.de\/zeit-der-leser\/files\/2012\/03\/the-knife.jpg 580w, https:\/\/blog.zeit.de\/zeit-der-leser\/files\/2012\/03\/the-knife-300x189.jpg 300w\" sizes=\"auto, (max-width: 580px) 100vw, 580px\" \/><\/a><\/p>\n<p>Wenn mir in den letzten Jahren jemand die Frage gestellt hat, welchen einzigen Gegenstand ich aus einem brennenden Haus unbedingt retten w\u00fcrde \u2013 vorausgesetzt, Personen und Tiere seien in Sicherheit \u2013, dann sagte ich immer: mein K\u00fcchenmesser. Es hat schon jahrzehntelang meine Schwiegermutter durch ihr nicht gerade leichtes Leben als irische Hausfrau und vielfache Mutter begleitet. Sie liebte es hei\u00df und innig. Dann erbte ich es, und seitdem ist es aus dem t\u00e4glichen Leben nicht mehr wegzudenken. Es wird vielfach gebraucht, schon Hunderte Male war es verschwunden und tauchte dann zwischen Kartoffel- oder Gem\u00fcseschalen im Komposter wieder auf. Es war auch der wichtigste Gegenstand, der mit mir dann von einem Ende Europas an das andere zog: von Irland nach Griechenland. Leider hat jemand in wohlmeinender Absicht, aber ohne Fachkenntnisse, das arme Messer mit einer viel zu gro\u00dfen, viel zu groben Schleifscheibe \u00bbverschliffen\u00ab. Dennoch tut es immer noch seine Pflicht und ist in Haus und Garten stets an meiner Seite. Ich erw\u00e4ge sogar, es per letzten Willen auf die allerletzte Reise mit mir zu nehmen \u2013 man kann ja nie wissen, ob man\u2019s mal braucht &#8230;<\/p>\n<p><em>Marina M\u00fcller McKenna, Sparti\u00e1, Kephallon\u00eda, Griechenland<\/em><\/p>\n","protected":false},"excerpt":{"rendered":"<p>Wenn mir in den letzten Jahren jemand die Frage gestellt hat, welchen einzigen Gegenstand ich aus einem brennenden Haus unbedingt retten w\u00fcrde \u2013 vorausgesetzt, Personen und Tiere seien in Sicherheit \u2013, dann sagte ich immer: mein K\u00fcchenmesser. Es hat schon jahrzehntelang meine Schwiegermutter durch ihr nicht gerade leichtes Leben als irische Hausfrau und vielfache Mutter [&hellip;]<\/p>\n","protected":false},"author":265,"featured_media":0,"comment_status":"open","ping_status":"open","sticky":false,"template":"","format":"standard","meta":{"_jetpack_memberships_contains_paid_content":false,"footnotes":""},"categories":[5689],"tags":[],"class_list":["post-8980","post","type-post","status-publish","format-standard","hentry","category-mein-ding"],"yoast_head":"<!-- This site is optimized with the Yoast SEO plugin v21.0 - https:\/\/yoast.com\/wordpress\/plugins\/seo\/ -->\n<title>Mein Ding - ZEIT der Leser<\/title>\n<meta name=\"robots\" content=\"index, follow, max-snippet:-1, max-image-preview:large, max-video-preview:-1\" \/>\n<link rel=\"canonical\" href=\"https:\/\/blog.zeit.de\/zeit-der-leser\/2012\/03\/20\/mein-ding-4\/\" \/>\n<meta property=\"og:locale\" content=\"de_DE\" \/>\n<meta property=\"og:type\" content=\"article\" \/>\n<meta property=\"og:title\" content=\"Mein Ding - ZEIT der Leser\" \/>\n<meta property=\"og:description\" content=\"Wenn mir in den letzten Jahren jemand die Frage gestellt hat, welchen einzigen Gegenstand ich aus einem brennenden Haus unbedingt retten w\u00fcrde \u2013 vorausgesetzt, Personen und Tiere seien in Sicherheit \u2013, dann sagte ich immer: mein K\u00fcchenmesser. Es hat schon jahrzehntelang meine Schwiegermutter durch ihr nicht gerade leichtes Leben als irische Hausfrau und vielfache Mutter [&hellip;]\" \/>\n<meta property=\"og:url\" content=\"https:\/\/blog.zeit.de\/zeit-der-leser\/2012\/03\/20\/mein-ding-4\/\" \/>\n<meta property=\"og:site_name\" content=\"ZEIT der Leser\" \/>\n<meta property=\"article:published_time\" content=\"2012-03-20T09:00:51+00:00\" \/>\n<meta property=\"article:modified_time\" content=\"2013-06-12T14:35:11+00:00\" \/>\n<meta property=\"og:image\" content=\"https:\/\/blog.zeit.de\/zeit-der-leser\/files\/2012\/03\/the-knife.jpg\" \/>\n<meta name=\"author\" content=\"&quot;Zeit der Leser&quot;-Redaktion\" \/>\n<meta name=\"twitter:card\" content=\"summary_large_image\" \/>\n<meta name=\"twitter:label1\" content=\"Geschrieben von\" \/>\n\t<meta name=\"twitter:data1\" content=\"\"Zeit der Leser\"-Redaktion\" \/>\n\t<meta name=\"twitter:label2\" content=\"Gesch\u00e4tzte Lesezeit\" \/>\n\t<meta name=\"twitter:data2\" content=\"1\u00a0Minute\" \/>\n<script type=\"application\/ld+json\" class=\"yoast-schema-graph\">{\"@context\":\"https:\/\/schema.org\",\"@graph\":[{\"@type\":\"WebPage\",\"@id\":\"https:\/\/blog.zeit.de\/zeit-der-leser\/2012\/03\/20\/mein-ding-4\/\",\"url\":\"https:\/\/blog.zeit.de\/zeit-der-leser\/2012\/03\/20\/mein-ding-4\/\",\"name\":\"Mein Ding - ZEIT der Leser\",\"isPartOf\":{\"@id\":\"https:\/\/blog.zeit.de\/zeit-der-leser\/#website\"},\"datePublished\":\"2012-03-20T09:00:51+00:00\",\"dateModified\":\"2013-06-12T14:35:11+00:00\",\"author\":{\"@id\":\"https:\/\/blog.zeit.de\/zeit-der-leser\/#\/schema\/person\/583b14e5ad6368c23af846ecbde9f20f\"},\"breadcrumb\":{\"@id\":\"https:\/\/blog.zeit.de\/zeit-der-leser\/2012\/03\/20\/mein-ding-4\/#breadcrumb\"},\"inLanguage\":\"de\",\"potentialAction\":[{\"@type\":\"ReadAction\",\"target\":[\"https:\/\/blog.zeit.de\/zeit-der-leser\/2012\/03\/20\/mein-ding-4\/\"]}]},{\"@type\":\"BreadcrumbList\",\"@id\":\"https:\/\/blog.zeit.de\/zeit-der-leser\/2012\/03\/20\/mein-ding-4\/#breadcrumb\",\"itemListElement\":[{\"@type\":\"ListItem\",\"position\":1,\"name\":\"Startseite\",\"item\":\"https:\/\/blog.zeit.de\/zeit-der-leser\/\"},{\"@type\":\"ListItem\",\"position\":2,\"name\":\"Mein Ding\"}]},{\"@type\":\"WebSite\",\"@id\":\"https:\/\/blog.zeit.de\/zeit-der-leser\/#website\",\"url\":\"https:\/\/blog.zeit.de\/zeit-der-leser\/\",\"name\":\"ZEIT der Leser\",\"description\":\"Ein Blog mit Ihren Notizen, Gedichten und Bildern f\u00fcr die gedruckte ZEIT\",\"potentialAction\":[{\"@type\":\"SearchAction\",\"target\":{\"@type\":\"EntryPoint\",\"urlTemplate\":\"https:\/\/blog.zeit.de\/zeit-der-leser\/?s={search_term_string}\"},\"query-input\":\"required name=search_term_string\"}],\"inLanguage\":\"de\"},{\"@type\":\"Person\",\"@id\":\"https:\/\/blog.zeit.de\/zeit-der-leser\/#\/schema\/person\/583b14e5ad6368c23af846ecbde9f20f\",\"name\":\"\\\"Zeit der Leser\\\"-Redaktion\",\"image\":{\"@type\":\"ImageObject\",\"inLanguage\":\"de\",\"@id\":\"https:\/\/blog.zeit.de\/zeit-der-leser\/#\/schema\/person\/image\/\",\"url\":\"https:\/\/secure.gravatar.com\/avatar\/e801a681bd3bbf2345131a815930b48d9f8e0a94de1346b624840dc850f67ad0?s=96&d=mm&r=g\",\"contentUrl\":\"https:\/\/secure.gravatar.com\/avatar\/e801a681bd3bbf2345131a815930b48d9f8e0a94de1346b624840dc850f67ad0?s=96&d=mm&r=g\",\"caption\":\"\\\"Zeit der Leser\\\"-Redaktion\"},\"url\":\"https:\/\/blog.zeit.de\/zeit-der-leser\/author\/zeit-der-leser-redaktion\/\"}]}<\/script>\n<!-- \/ Yoast SEO plugin. -->","yoast_head_json":{"title":"Mein Ding - ZEIT der Leser","robots":{"index":"index","follow":"follow","max-snippet":"max-snippet:-1","max-image-preview":"max-image-preview:large","max-video-preview":"max-video-preview:-1"},"canonical":"https:\/\/blog.zeit.de\/zeit-der-leser\/2012\/03\/20\/mein-ding-4\/","og_locale":"de_DE","og_type":"article","og_title":"Mein Ding - ZEIT der Leser","og_description":"Wenn mir in den letzten Jahren jemand die Frage gestellt hat, welchen einzigen Gegenstand ich aus einem brennenden Haus unbedingt retten w\u00fcrde \u2013 vorausgesetzt, Personen und Tiere seien in Sicherheit \u2013, dann sagte ich immer: mein K\u00fcchenmesser. Es hat schon jahrzehntelang meine Schwiegermutter durch ihr nicht gerade leichtes Leben als irische Hausfrau und vielfache Mutter [&hellip;]","og_url":"https:\/\/blog.zeit.de\/zeit-der-leser\/2012\/03\/20\/mein-ding-4\/","og_site_name":"ZEIT der Leser","article_published_time":"2012-03-20T09:00:51+00:00","article_modified_time":"2013-06-12T14:35:11+00:00","og_image":[{"url":"https:\/\/blog.zeit.de\/zeit-der-leser\/files\/2012\/03\/the-knife.jpg"}],"author":"\"Zeit der Leser\"-Redaktion","twitter_card":"summary_large_image","twitter_misc":{"Geschrieben von":"\"Zeit der Leser\"-Redaktion","Gesch\u00e4tzte Lesezeit":"1\u00a0Minute"},"schema":{"@context":"https:\/\/schema.org","@graph":[{"@type":"WebPage","@id":"https:\/\/blog.zeit.de\/zeit-der-leser\/2012\/03\/20\/mein-ding-4\/","url":"https:\/\/blog.zeit.de\/zeit-der-leser\/2012\/03\/20\/mein-ding-4\/","name":"Mein Ding - ZEIT der Leser","isPartOf":{"@id":"https:\/\/blog.zeit.de\/zeit-der-leser\/#website"},"datePublished":"2012-03-20T09:00:51+00:00","dateModified":"2013-06-12T14:35:11+00:00","author":{"@id":"https:\/\/blog.zeit.de\/zeit-der-leser\/#\/schema\/person\/583b14e5ad6368c23af846ecbde9f20f"},"breadcrumb":{"@id":"https:\/\/blog.zeit.de\/zeit-der-leser\/2012\/03\/20\/mein-ding-4\/#breadcrumb"},"inLanguage":"de","potentialAction":[{"@type":"ReadAction","target":["https:\/\/blog.zeit.de\/zeit-der-leser\/2012\/03\/20\/mein-ding-4\/"]}]},{"@type":"BreadcrumbList","@id":"https:\/\/blog.zeit.de\/zeit-der-leser\/2012\/03\/20\/mein-ding-4\/#breadcrumb","itemListElement":[{"@type":"ListItem","position":1,"name":"Startseite","item":"https:\/\/blog.zeit.de\/zeit-der-leser\/"},{"@type":"ListItem","position":2,"name":"Mein Ding"}]},{"@type":"WebSite","@id":"https:\/\/blog.zeit.de\/zeit-der-leser\/#website","url":"https:\/\/blog.zeit.de\/zeit-der-leser\/","name":"ZEIT der Leser","description":"Ein Blog mit Ihren Notizen, Gedichten und Bildern f\u00fcr die gedruckte ZEIT","potentialAction":[{"@type":"SearchAction","target":{"@type":"EntryPoint","urlTemplate":"https:\/\/blog.zeit.de\/zeit-der-leser\/?s={search_term_string}"},"query-input":"required name=search_term_string"}],"inLanguage":"de"},{"@type":"Person","@id":"https:\/\/blog.zeit.de\/zeit-der-leser\/#\/schema\/person\/583b14e5ad6368c23af846ecbde9f20f","name":"\"Zeit der Leser\"-Redaktion","image":{"@type":"ImageObject","inLanguage":"de","@id":"https:\/\/blog.zeit.de\/zeit-der-leser\/#\/schema\/person\/image\/","url":"https:\/\/secure.gravatar.com\/avatar\/e801a681bd3bbf2345131a815930b48d9f8e0a94de1346b624840dc850f67ad0?s=96&d=mm&r=g","contentUrl":"https:\/\/secure.gravatar.com\/avatar\/e801a681bd3bbf2345131a815930b48d9f8e0a94de1346b624840dc850f67ad0?s=96&d=mm&r=g","caption":"\"Zeit der Leser\"-Redaktion"},"url":"https:\/\/blog.zeit.de\/zeit-der-leser\/author\/zeit-der-leser-redaktion\/"}]}},"jetpack_featured_media_url":"","jetpack_sharing_enabled":true,"_links":{"self":[{"href":"https:\/\/blog.zeit.de\/zeit-der-leser\/wp-json\/wp\/v2\/posts\/8980","targetHints":{"allow":["GET"]}}],"collection":[{"href":"https:\/\/blog.zeit.de\/zeit-der-leser\/wp-json\/wp\/v2\/posts"}],"about":[{"href":"https:\/\/blog.zeit.de\/zeit-der-leser\/wp-json\/wp\/v2\/types\/post"}],"author":[{"embeddable":true,"href":"https:\/\/blog.zeit.de\/zeit-der-leser\/wp-json\/wp\/v2\/users\/265"}],"replies":[{"embeddable":true,"href":"https:\/\/blog.zeit.de\/zeit-der-leser\/wp-json\/wp\/v2\/comments?post=8980"}],"version-history":[{"count":5,"href":"https:\/\/blog.zeit.de\/zeit-der-leser\/wp-json\/wp\/v2\/posts\/8980\/revisions"}],"predecessor-version":[{"id":13870,"href":"https:\/\/blog.zeit.de\/zeit-der-leser\/wp-json\/wp\/v2\/posts\/8980\/revisions\/13870"}],"wp:attachment":[{"href":"https:\/\/blog.zeit.de\/zeit-der-leser\/wp-json\/wp\/v2\/media?parent=8980"}],"wp:term":[{"taxonomy":"category","embeddable":true,"href":"https:\/\/blog.zeit.de\/zeit-der-leser\/wp-json\/wp\/v2\/categories?post=8980"},{"taxonomy":"post_tag","embeddable":true,"href":"https:\/\/blog.zeit.de\/zeit-der-leser\/wp-json\/wp\/v2\/tags?post=8980"}],"curies":[{"name":"wp","href":"https:\/\/api.w.org\/{rel}","templated":true}]}}