{"id":8988,"date":"2012-03-21T18:00:30","date_gmt":"2012-03-21T17:00:30","guid":{"rendered":"http:\/\/blog.zeit.de\/zeit-der-leser\/?p=8988"},"modified":"2012-03-16T11:26:00","modified_gmt":"2012-03-16T10:26:00","slug":"zeitsprung-51","status":"publish","type":"post","link":"https:\/\/blog.zeit.de\/zeit-der-leser\/2012\/03\/21\/zeitsprung-51\/","title":{"rendered":"Zeitsprung"},"content":{"rendered":"<p><figure id=\"attachment_8989\" aria-describedby=\"caption-attachment-8989\" style=\"width: 540px\" class=\"wp-caption aligncenter\"><a href=\"https:\/\/blog.zeit.de\/zeit-der-leser\/files\/2012\/03\/s92-zeitsprung-1989.jpg\"><img loading=\"lazy\" decoding=\"async\" src=\"https:\/\/blog.zeit.de\/zeit-der-leser\/files\/2012\/03\/s92-zeitsprung-1989.jpg\" alt=\"\" width=\"540\" height=\"558\" class=\"size-full wp-image-8989\" srcset=\"https:\/\/blog.zeit.de\/zeit-der-leser\/files\/2012\/03\/s92-zeitsprung-1989.jpg 540w, https:\/\/blog.zeit.de\/zeit-der-leser\/files\/2012\/03\/s92-zeitsprung-1989-290x300.jpg 290w\" sizes=\"auto, (max-width: 540px) 100vw, 540px\" \/><\/a><figcaption id=\"caption-attachment-8989\" class=\"wp-caption-text\">1989<\/figcaption><\/figure><figure id=\"attachment_8990\" aria-describedby=\"caption-attachment-8990\" style=\"width: 540px\" class=\"wp-caption aligncenter\"><a href=\"https:\/\/blog.zeit.de\/zeit-der-leser\/files\/2012\/03\/s92-zeitsprung-2010.jpg\"><img loading=\"lazy\" decoding=\"async\" src=\"https:\/\/blog.zeit.de\/zeit-der-leser\/files\/2012\/03\/s92-zeitsprung-2010.jpg\" alt=\"\" width=\"540\" height=\"558\" class=\"size-full wp-image-8990\" srcset=\"https:\/\/blog.zeit.de\/zeit-der-leser\/files\/2012\/03\/s92-zeitsprung-2010.jpg 540w, https:\/\/blog.zeit.de\/zeit-der-leser\/files\/2012\/03\/s92-zeitsprung-2010-290x300.jpg 290w\" sizes=\"auto, (max-width: 540px) 100vw, 540px\" \/><\/a><figcaption id=\"caption-attachment-8990\" class=\"wp-caption-text\">2010<\/figcaption><\/figure><\/p>\n<p>Als ich mit immerhin 45 Jahren erstmals Laufschuhe anzog, ahnte ich nicht, wie sehr sich mein Leben \u00e4ndern w\u00fcrde. Ein Arbeitskollege hatte gefragt, ob ich mit ihm joggen gehe auf den Sportplatz, als Ausgleich zum B\u00fcroberuf als Buchhalter. Nach Runde 15 machte er schlapp \u2013 ich aber lief und lief &#8230; Zwei Jahre darauf, 1989, gelang mir in Hamburg mein 1. Marathon (Foto 1). Ende April 2012 geht es nun wieder an die Elbe \u2013 Marathon Nr. 89. Und nat\u00fcrlich tr\u00e4ume ich davon, die 100 zu schaffen! Gelaufen bin ich unter anderem auf Usedom und Terschelling, in Barcelona, Z\u00fcrich, Berlin, Rom (Foto 2); oft gewann ich in meiner Altersklasse, meine Bestzeit war 2:48:19 Stunden. Nebenher koordiniere und betreue ich Lauftreffs. Aber denken Sie nun bitte blo\u00df nicht, dass ich mich f\u00fcr den Sport kasteie! Ich habe einen gro\u00dfen, wunderbaren Familien- und Freundeskreis, genie\u00dfe das Leben, schlemme beim Italiener, feiere gern, gehe oft ins Kino, lese viel und sitte meinen Enkel Jakob (3), f\u00fchle mich fit und wohl und trinke meinen guten Rotwein.<\/p>\n<p><em>Leonhard Doetsch, Essen<\/em><\/p>\n","protected":false},"excerpt":{"rendered":"<p>Als ich mit immerhin 45 Jahren erstmals Laufschuhe anzog, ahnte ich nicht, wie sehr sich mein Leben \u00e4ndern w\u00fcrde. Ein Arbeitskollege hatte gefragt, ob ich mit ihm joggen gehe auf den Sportplatz, als Ausgleich zum B\u00fcroberuf als Buchhalter. Nach Runde 15 machte er schlapp \u2013 ich aber lief und lief &#8230; Zwei Jahre darauf, 1989, [&hellip;]<\/p>\n","protected":false},"author":265,"featured_media":0,"comment_status":"open","ping_status":"open","sticky":false,"template":"","format":"standard","meta":{"_jetpack_memberships_contains_paid_content":false,"footnotes":""},"categories":[1878],"tags":[],"class_list":["post-8988","post","type-post","status-publish","format-standard","hentry","category-zeitsprung"],"yoast_head":"<!-- This site is optimized with the Yoast SEO plugin v21.0 - https:\/\/yoast.com\/wordpress\/plugins\/seo\/ -->\n<title>Zeitsprung - ZEIT der Leser<\/title>\n<meta name=\"robots\" content=\"index, follow, max-snippet:-1, max-image-preview:large, max-video-preview:-1\" \/>\n<link rel=\"canonical\" href=\"https:\/\/blog.zeit.de\/zeit-der-leser\/2012\/03\/21\/zeitsprung-51\/\" \/>\n<meta property=\"og:locale\" content=\"de_DE\" \/>\n<meta property=\"og:type\" content=\"article\" \/>\n<meta property=\"og:title\" content=\"Zeitsprung - ZEIT der Leser\" \/>\n<meta property=\"og:description\" content=\"Als ich mit immerhin 45 Jahren erstmals Laufschuhe anzog, ahnte ich nicht, wie sehr sich mein Leben \u00e4ndern w\u00fcrde. Ein Arbeitskollege hatte gefragt, ob ich mit ihm joggen gehe auf den Sportplatz, als Ausgleich zum B\u00fcroberuf als Buchhalter. Nach Runde 15 machte er schlapp \u2013 ich aber lief und lief &#8230; Zwei Jahre darauf, 1989, [&hellip;]\" \/>\n<meta property=\"og:url\" content=\"https:\/\/blog.zeit.de\/zeit-der-leser\/2012\/03\/21\/zeitsprung-51\/\" \/>\n<meta property=\"og:site_name\" content=\"ZEIT der Leser\" \/>\n<meta property=\"article:published_time\" content=\"2012-03-21T17:00:30+00:00\" \/>\n<meta property=\"article:modified_time\" content=\"2012-03-16T10:26:00+00:00\" \/>\n<meta property=\"og:image\" content=\"https:\/\/blog.zeit.de\/zeit-der-leser\/files\/2012\/03\/s92-zeitsprung-1989.jpg\" \/>\n<meta name=\"author\" content=\"&quot;Zeit der Leser&quot;-Redaktion\" \/>\n<meta name=\"twitter:card\" content=\"summary_large_image\" \/>\n<meta name=\"twitter:label1\" content=\"Geschrieben von\" \/>\n\t<meta name=\"twitter:data1\" content=\"\"Zeit der Leser\"-Redaktion\" \/>\n\t<meta name=\"twitter:label2\" content=\"Gesch\u00e4tzte Lesezeit\" \/>\n\t<meta name=\"twitter:data2\" content=\"1\u00a0Minute\" \/>\n<script type=\"application\/ld+json\" class=\"yoast-schema-graph\">{\"@context\":\"https:\/\/schema.org\",\"@graph\":[{\"@type\":\"WebPage\",\"@id\":\"https:\/\/blog.zeit.de\/zeit-der-leser\/2012\/03\/21\/zeitsprung-51\/\",\"url\":\"https:\/\/blog.zeit.de\/zeit-der-leser\/2012\/03\/21\/zeitsprung-51\/\",\"name\":\"Zeitsprung - ZEIT der Leser\",\"isPartOf\":{\"@id\":\"https:\/\/blog.zeit.de\/zeit-der-leser\/#website\"},\"datePublished\":\"2012-03-21T17:00:30+00:00\",\"dateModified\":\"2012-03-16T10:26:00+00:00\",\"author\":{\"@id\":\"https:\/\/blog.zeit.de\/zeit-der-leser\/#\/schema\/person\/583b14e5ad6368c23af846ecbde9f20f\"},\"breadcrumb\":{\"@id\":\"https:\/\/blog.zeit.de\/zeit-der-leser\/2012\/03\/21\/zeitsprung-51\/#breadcrumb\"},\"inLanguage\":\"de\",\"potentialAction\":[{\"@type\":\"ReadAction\",\"target\":[\"https:\/\/blog.zeit.de\/zeit-der-leser\/2012\/03\/21\/zeitsprung-51\/\"]}]},{\"@type\":\"BreadcrumbList\",\"@id\":\"https:\/\/blog.zeit.de\/zeit-der-leser\/2012\/03\/21\/zeitsprung-51\/#breadcrumb\",\"itemListElement\":[{\"@type\":\"ListItem\",\"position\":1,\"name\":\"Startseite\",\"item\":\"https:\/\/blog.zeit.de\/zeit-der-leser\/\"},{\"@type\":\"ListItem\",\"position\":2,\"name\":\"Zeitsprung\"}]},{\"@type\":\"WebSite\",\"@id\":\"https:\/\/blog.zeit.de\/zeit-der-leser\/#website\",\"url\":\"https:\/\/blog.zeit.de\/zeit-der-leser\/\",\"name\":\"ZEIT der Leser\",\"description\":\"Ein Blog mit Ihren Notizen, Gedichten und Bildern f\u00fcr die gedruckte ZEIT\",\"potentialAction\":[{\"@type\":\"SearchAction\",\"target\":{\"@type\":\"EntryPoint\",\"urlTemplate\":\"https:\/\/blog.zeit.de\/zeit-der-leser\/?s={search_term_string}\"},\"query-input\":\"required name=search_term_string\"}],\"inLanguage\":\"de\"},{\"@type\":\"Person\",\"@id\":\"https:\/\/blog.zeit.de\/zeit-der-leser\/#\/schema\/person\/583b14e5ad6368c23af846ecbde9f20f\",\"name\":\"\\\"Zeit der Leser\\\"-Redaktion\",\"image\":{\"@type\":\"ImageObject\",\"inLanguage\":\"de\",\"@id\":\"https:\/\/blog.zeit.de\/zeit-der-leser\/#\/schema\/person\/image\/\",\"url\":\"https:\/\/secure.gravatar.com\/avatar\/e801a681bd3bbf2345131a815930b48d9f8e0a94de1346b624840dc850f67ad0?s=96&d=mm&r=g\",\"contentUrl\":\"https:\/\/secure.gravatar.com\/avatar\/e801a681bd3bbf2345131a815930b48d9f8e0a94de1346b624840dc850f67ad0?s=96&d=mm&r=g\",\"caption\":\"\\\"Zeit der Leser\\\"-Redaktion\"},\"url\":\"https:\/\/blog.zeit.de\/zeit-der-leser\/author\/zeit-der-leser-redaktion\/\"}]}<\/script>\n<!-- \/ Yoast SEO plugin. -->","yoast_head_json":{"title":"Zeitsprung - ZEIT der Leser","robots":{"index":"index","follow":"follow","max-snippet":"max-snippet:-1","max-image-preview":"max-image-preview:large","max-video-preview":"max-video-preview:-1"},"canonical":"https:\/\/blog.zeit.de\/zeit-der-leser\/2012\/03\/21\/zeitsprung-51\/","og_locale":"de_DE","og_type":"article","og_title":"Zeitsprung - ZEIT der Leser","og_description":"Als ich mit immerhin 45 Jahren erstmals Laufschuhe anzog, ahnte ich nicht, wie sehr sich mein Leben \u00e4ndern w\u00fcrde. Ein Arbeitskollege hatte gefragt, ob ich mit ihm joggen gehe auf den Sportplatz, als Ausgleich zum B\u00fcroberuf als Buchhalter. Nach Runde 15 machte er schlapp \u2013 ich aber lief und lief &#8230; Zwei Jahre darauf, 1989, [&hellip;]","og_url":"https:\/\/blog.zeit.de\/zeit-der-leser\/2012\/03\/21\/zeitsprung-51\/","og_site_name":"ZEIT der Leser","article_published_time":"2012-03-21T17:00:30+00:00","article_modified_time":"2012-03-16T10:26:00+00:00","og_image":[{"url":"https:\/\/blog.zeit.de\/zeit-der-leser\/files\/2012\/03\/s92-zeitsprung-1989.jpg"}],"author":"\"Zeit der Leser\"-Redaktion","twitter_card":"summary_large_image","twitter_misc":{"Geschrieben von":"\"Zeit der Leser\"-Redaktion","Gesch\u00e4tzte Lesezeit":"1\u00a0Minute"},"schema":{"@context":"https:\/\/schema.org","@graph":[{"@type":"WebPage","@id":"https:\/\/blog.zeit.de\/zeit-der-leser\/2012\/03\/21\/zeitsprung-51\/","url":"https:\/\/blog.zeit.de\/zeit-der-leser\/2012\/03\/21\/zeitsprung-51\/","name":"Zeitsprung - ZEIT der Leser","isPartOf":{"@id":"https:\/\/blog.zeit.de\/zeit-der-leser\/#website"},"datePublished":"2012-03-21T17:00:30+00:00","dateModified":"2012-03-16T10:26:00+00:00","author":{"@id":"https:\/\/blog.zeit.de\/zeit-der-leser\/#\/schema\/person\/583b14e5ad6368c23af846ecbde9f20f"},"breadcrumb":{"@id":"https:\/\/blog.zeit.de\/zeit-der-leser\/2012\/03\/21\/zeitsprung-51\/#breadcrumb"},"inLanguage":"de","potentialAction":[{"@type":"ReadAction","target":["https:\/\/blog.zeit.de\/zeit-der-leser\/2012\/03\/21\/zeitsprung-51\/"]}]},{"@type":"BreadcrumbList","@id":"https:\/\/blog.zeit.de\/zeit-der-leser\/2012\/03\/21\/zeitsprung-51\/#breadcrumb","itemListElement":[{"@type":"ListItem","position":1,"name":"Startseite","item":"https:\/\/blog.zeit.de\/zeit-der-leser\/"},{"@type":"ListItem","position":2,"name":"Zeitsprung"}]},{"@type":"WebSite","@id":"https:\/\/blog.zeit.de\/zeit-der-leser\/#website","url":"https:\/\/blog.zeit.de\/zeit-der-leser\/","name":"ZEIT der Leser","description":"Ein Blog mit Ihren Notizen, Gedichten und Bildern f\u00fcr die gedruckte ZEIT","potentialAction":[{"@type":"SearchAction","target":{"@type":"EntryPoint","urlTemplate":"https:\/\/blog.zeit.de\/zeit-der-leser\/?s={search_term_string}"},"query-input":"required name=search_term_string"}],"inLanguage":"de"},{"@type":"Person","@id":"https:\/\/blog.zeit.de\/zeit-der-leser\/#\/schema\/person\/583b14e5ad6368c23af846ecbde9f20f","name":"\"Zeit der Leser\"-Redaktion","image":{"@type":"ImageObject","inLanguage":"de","@id":"https:\/\/blog.zeit.de\/zeit-der-leser\/#\/schema\/person\/image\/","url":"https:\/\/secure.gravatar.com\/avatar\/e801a681bd3bbf2345131a815930b48d9f8e0a94de1346b624840dc850f67ad0?s=96&d=mm&r=g","contentUrl":"https:\/\/secure.gravatar.com\/avatar\/e801a681bd3bbf2345131a815930b48d9f8e0a94de1346b624840dc850f67ad0?s=96&d=mm&r=g","caption":"\"Zeit der Leser\"-Redaktion"},"url":"https:\/\/blog.zeit.de\/zeit-der-leser\/author\/zeit-der-leser-redaktion\/"}]}},"jetpack_featured_media_url":"","jetpack_sharing_enabled":true,"_links":{"self":[{"href":"https:\/\/blog.zeit.de\/zeit-der-leser\/wp-json\/wp\/v2\/posts\/8988","targetHints":{"allow":["GET"]}}],"collection":[{"href":"https:\/\/blog.zeit.de\/zeit-der-leser\/wp-json\/wp\/v2\/posts"}],"about":[{"href":"https:\/\/blog.zeit.de\/zeit-der-leser\/wp-json\/wp\/v2\/types\/post"}],"author":[{"embeddable":true,"href":"https:\/\/blog.zeit.de\/zeit-der-leser\/wp-json\/wp\/v2\/users\/265"}],"replies":[{"embeddable":true,"href":"https:\/\/blog.zeit.de\/zeit-der-leser\/wp-json\/wp\/v2\/comments?post=8988"}],"version-history":[{"count":5,"href":"https:\/\/blog.zeit.de\/zeit-der-leser\/wp-json\/wp\/v2\/posts\/8988\/revisions"}],"predecessor-version":[{"id":8993,"href":"https:\/\/blog.zeit.de\/zeit-der-leser\/wp-json\/wp\/v2\/posts\/8988\/revisions\/8993"}],"wp:attachment":[{"href":"https:\/\/blog.zeit.de\/zeit-der-leser\/wp-json\/wp\/v2\/media?parent=8988"}],"wp:term":[{"taxonomy":"category","embeddable":true,"href":"https:\/\/blog.zeit.de\/zeit-der-leser\/wp-json\/wp\/v2\/categories?post=8988"},{"taxonomy":"post_tag","embeddable":true,"href":"https:\/\/blog.zeit.de\/zeit-der-leser\/wp-json\/wp\/v2\/tags?post=8988"}],"curies":[{"name":"wp","href":"https:\/\/api.w.org\/{rel}","templated":true}]}}