{"id":9000,"date":"2012-03-19T18:00:50","date_gmt":"2012-03-19T17:00:50","guid":{"rendered":"http:\/\/blog.zeit.de\/zeit-der-leser\/?p=9000"},"modified":"2015-02-23T15:19:00","modified_gmt":"2015-02-23T14:19:00","slug":"mein-wort-schatz-daemmerstuendchen","status":"publish","type":"post","link":"https:\/\/blog.zeit.de\/zeit-der-leser\/2012\/03\/19\/mein-wort-schatz-daemmerstuendchen\/","title":{"rendered":"D\u00e4mmerst\u00fcndchen: Mein Wort-Schatz"},"content":{"rendered":"<p>Wenn es dunkel wird, knipse ich das Licht an. Einfach so, ohne weiter dar\u00fcber nachzudenken. Meine Urgro\u00dftante Bertha und viele ihrer Zeitgenossen im ausgehenden 19. Jahrhundert zelebrierten hingegen ihr <strong>D\u00e4mmerst\u00fcndchen<\/strong>. Dann sa\u00df die Dorfschullehrerin Bertha allein in ihrem Zimmer bei einer Tasse <em>Thee<\/em> oder <em>Chocolade<\/em>, schaute in der hereinbrechenden D\u00e4mmerung \u00fcber die Felder hin\u00fcber zum Waldrand bis er sich kaum mehr wahrnehmbar vom Horizont abhob. Das Tick-Tack der Uhr vertiefte noch die Stille in der sie in einem halb tr\u00e4umenden Zustand der Kontemplation ihren Gedanken freien Lauf lie\u00df. Oder sie dachte \u2013 wie sie in ihrem Tagebuch schrieb \u2013 an ihre Freundin, die <em>wom\u00f6glich<\/em> gerade jetzt an sie dachte. Dann wurde es ganz dunkel und Zeit, die Petroleumlampe anzuz\u00fcnden&#8230;<\/p>\n<p><strong>Hans-Peter Kipfm\u00fcller<\/strong>, Karlsruhe<\/p>\n","protected":false},"excerpt":{"rendered":"<p>Wenn es dunkel wird, knipse ich das Licht an. Einfach so, ohne weiter dar\u00fcber nachzudenken. Meine Urgro\u00dftante Bertha und viele ihrer Zeitgenossen im ausgehenden 19. Jahrhundert zelebrierten hingegen ihr D\u00e4mmerst\u00fcndchen. Dann sa\u00df die Dorfschullehrerin Bertha allein in ihrem Zimmer bei einer Tasse Thee oder Chocolade, schaute in der hereinbrechenden D\u00e4mmerung \u00fcber die Felder hin\u00fcber zum [&hellip;]<\/p>\n","protected":false},"author":265,"featured_media":0,"comment_status":"open","ping_status":"open","sticky":false,"template":"","format":"standard","meta":{"_jetpack_memberships_contains_paid_content":false,"footnotes":""},"categories":[5687],"tags":[],"class_list":["post-9000","post","type-post","status-publish","format-standard","hentry","category-mein-wort-schatz"],"yoast_head":"<!-- This site is optimized with the Yoast SEO plugin v21.0 - https:\/\/yoast.com\/wordpress\/plugins\/seo\/ -->\n<title>D\u00e4mmerst\u00fcndchen: Mein Wort-Schatz - ZEIT der Leser<\/title>\n<meta name=\"robots\" content=\"index, follow, max-snippet:-1, max-image-preview:large, max-video-preview:-1\" \/>\n<link rel=\"canonical\" href=\"https:\/\/blog.zeit.de\/zeit-der-leser\/2012\/03\/19\/mein-wort-schatz-daemmerstuendchen\/\" \/>\n<meta property=\"og:locale\" content=\"de_DE\" \/>\n<meta property=\"og:type\" content=\"article\" \/>\n<meta property=\"og:title\" content=\"D\u00e4mmerst\u00fcndchen: Mein Wort-Schatz - ZEIT der Leser\" \/>\n<meta property=\"og:description\" content=\"Wenn es dunkel wird, knipse ich das Licht an. Einfach so, ohne weiter dar\u00fcber nachzudenken. Meine Urgro\u00dftante Bertha und viele ihrer Zeitgenossen im ausgehenden 19. Jahrhundert zelebrierten hingegen ihr D\u00e4mmerst\u00fcndchen. Dann sa\u00df die Dorfschullehrerin Bertha allein in ihrem Zimmer bei einer Tasse Thee oder Chocolade, schaute in der hereinbrechenden D\u00e4mmerung \u00fcber die Felder hin\u00fcber zum [&hellip;]\" \/>\n<meta property=\"og:url\" content=\"https:\/\/blog.zeit.de\/zeit-der-leser\/2012\/03\/19\/mein-wort-schatz-daemmerstuendchen\/\" \/>\n<meta property=\"og:site_name\" content=\"ZEIT der Leser\" \/>\n<meta property=\"article:published_time\" content=\"2012-03-19T17:00:50+00:00\" \/>\n<meta property=\"article:modified_time\" content=\"2015-02-23T14:19:00+00:00\" \/>\n<meta name=\"author\" content=\"&quot;Zeit der Leser&quot;-Redaktion\" \/>\n<meta name=\"twitter:card\" content=\"summary_large_image\" \/>\n<meta name=\"twitter:label1\" content=\"Geschrieben von\" \/>\n\t<meta name=\"twitter:data1\" content=\"\"Zeit der Leser\"-Redaktion\" \/>\n\t<meta name=\"twitter:label2\" content=\"Gesch\u00e4tzte Lesezeit\" \/>\n\t<meta name=\"twitter:data2\" content=\"1\u00a0Minute\" \/>\n<script type=\"application\/ld+json\" class=\"yoast-schema-graph\">{\"@context\":\"https:\/\/schema.org\",\"@graph\":[{\"@type\":\"WebPage\",\"@id\":\"https:\/\/blog.zeit.de\/zeit-der-leser\/2012\/03\/19\/mein-wort-schatz-daemmerstuendchen\/\",\"url\":\"https:\/\/blog.zeit.de\/zeit-der-leser\/2012\/03\/19\/mein-wort-schatz-daemmerstuendchen\/\",\"name\":\"D\u00e4mmerst\u00fcndchen: Mein Wort-Schatz - ZEIT der Leser\",\"isPartOf\":{\"@id\":\"https:\/\/blog.zeit.de\/zeit-der-leser\/#website\"},\"datePublished\":\"2012-03-19T17:00:50+00:00\",\"dateModified\":\"2015-02-23T14:19:00+00:00\",\"author\":{\"@id\":\"https:\/\/blog.zeit.de\/zeit-der-leser\/#\/schema\/person\/583b14e5ad6368c23af846ecbde9f20f\"},\"breadcrumb\":{\"@id\":\"https:\/\/blog.zeit.de\/zeit-der-leser\/2012\/03\/19\/mein-wort-schatz-daemmerstuendchen\/#breadcrumb\"},\"inLanguage\":\"de\",\"potentialAction\":[{\"@type\":\"ReadAction\",\"target\":[\"https:\/\/blog.zeit.de\/zeit-der-leser\/2012\/03\/19\/mein-wort-schatz-daemmerstuendchen\/\"]}]},{\"@type\":\"BreadcrumbList\",\"@id\":\"https:\/\/blog.zeit.de\/zeit-der-leser\/2012\/03\/19\/mein-wort-schatz-daemmerstuendchen\/#breadcrumb\",\"itemListElement\":[{\"@type\":\"ListItem\",\"position\":1,\"name\":\"Startseite\",\"item\":\"https:\/\/blog.zeit.de\/zeit-der-leser\/\"},{\"@type\":\"ListItem\",\"position\":2,\"name\":\"D\u00e4mmerst\u00fcndchen: Mein Wort-Schatz\"}]},{\"@type\":\"WebSite\",\"@id\":\"https:\/\/blog.zeit.de\/zeit-der-leser\/#website\",\"url\":\"https:\/\/blog.zeit.de\/zeit-der-leser\/\",\"name\":\"ZEIT der Leser\",\"description\":\"Ein Blog mit Ihren Notizen, Gedichten und Bildern f\u00fcr die gedruckte ZEIT\",\"potentialAction\":[{\"@type\":\"SearchAction\",\"target\":{\"@type\":\"EntryPoint\",\"urlTemplate\":\"https:\/\/blog.zeit.de\/zeit-der-leser\/?s={search_term_string}\"},\"query-input\":\"required name=search_term_string\"}],\"inLanguage\":\"de\"},{\"@type\":\"Person\",\"@id\":\"https:\/\/blog.zeit.de\/zeit-der-leser\/#\/schema\/person\/583b14e5ad6368c23af846ecbde9f20f\",\"name\":\"\\\"Zeit der Leser\\\"-Redaktion\",\"image\":{\"@type\":\"ImageObject\",\"inLanguage\":\"de\",\"@id\":\"https:\/\/blog.zeit.de\/zeit-der-leser\/#\/schema\/person\/image\/\",\"url\":\"https:\/\/secure.gravatar.com\/avatar\/e801a681bd3bbf2345131a815930b48d9f8e0a94de1346b624840dc850f67ad0?s=96&d=mm&r=g\",\"contentUrl\":\"https:\/\/secure.gravatar.com\/avatar\/e801a681bd3bbf2345131a815930b48d9f8e0a94de1346b624840dc850f67ad0?s=96&d=mm&r=g\",\"caption\":\"\\\"Zeit der Leser\\\"-Redaktion\"},\"url\":\"https:\/\/blog.zeit.de\/zeit-der-leser\/author\/zeit-der-leser-redaktion\/\"}]}<\/script>\n<!-- \/ Yoast SEO plugin. -->","yoast_head_json":{"title":"D\u00e4mmerst\u00fcndchen: Mein Wort-Schatz - ZEIT der Leser","robots":{"index":"index","follow":"follow","max-snippet":"max-snippet:-1","max-image-preview":"max-image-preview:large","max-video-preview":"max-video-preview:-1"},"canonical":"https:\/\/blog.zeit.de\/zeit-der-leser\/2012\/03\/19\/mein-wort-schatz-daemmerstuendchen\/","og_locale":"de_DE","og_type":"article","og_title":"D\u00e4mmerst\u00fcndchen: Mein Wort-Schatz - ZEIT der Leser","og_description":"Wenn es dunkel wird, knipse ich das Licht an. Einfach so, ohne weiter dar\u00fcber nachzudenken. Meine Urgro\u00dftante Bertha und viele ihrer Zeitgenossen im ausgehenden 19. Jahrhundert zelebrierten hingegen ihr D\u00e4mmerst\u00fcndchen. Dann sa\u00df die Dorfschullehrerin Bertha allein in ihrem Zimmer bei einer Tasse Thee oder Chocolade, schaute in der hereinbrechenden D\u00e4mmerung \u00fcber die Felder hin\u00fcber zum [&hellip;]","og_url":"https:\/\/blog.zeit.de\/zeit-der-leser\/2012\/03\/19\/mein-wort-schatz-daemmerstuendchen\/","og_site_name":"ZEIT der Leser","article_published_time":"2012-03-19T17:00:50+00:00","article_modified_time":"2015-02-23T14:19:00+00:00","author":"\"Zeit der Leser\"-Redaktion","twitter_card":"summary_large_image","twitter_misc":{"Geschrieben von":"\"Zeit der Leser\"-Redaktion","Gesch\u00e4tzte Lesezeit":"1\u00a0Minute"},"schema":{"@context":"https:\/\/schema.org","@graph":[{"@type":"WebPage","@id":"https:\/\/blog.zeit.de\/zeit-der-leser\/2012\/03\/19\/mein-wort-schatz-daemmerstuendchen\/","url":"https:\/\/blog.zeit.de\/zeit-der-leser\/2012\/03\/19\/mein-wort-schatz-daemmerstuendchen\/","name":"D\u00e4mmerst\u00fcndchen: Mein Wort-Schatz - ZEIT der Leser","isPartOf":{"@id":"https:\/\/blog.zeit.de\/zeit-der-leser\/#website"},"datePublished":"2012-03-19T17:00:50+00:00","dateModified":"2015-02-23T14:19:00+00:00","author":{"@id":"https:\/\/blog.zeit.de\/zeit-der-leser\/#\/schema\/person\/583b14e5ad6368c23af846ecbde9f20f"},"breadcrumb":{"@id":"https:\/\/blog.zeit.de\/zeit-der-leser\/2012\/03\/19\/mein-wort-schatz-daemmerstuendchen\/#breadcrumb"},"inLanguage":"de","potentialAction":[{"@type":"ReadAction","target":["https:\/\/blog.zeit.de\/zeit-der-leser\/2012\/03\/19\/mein-wort-schatz-daemmerstuendchen\/"]}]},{"@type":"BreadcrumbList","@id":"https:\/\/blog.zeit.de\/zeit-der-leser\/2012\/03\/19\/mein-wort-schatz-daemmerstuendchen\/#breadcrumb","itemListElement":[{"@type":"ListItem","position":1,"name":"Startseite","item":"https:\/\/blog.zeit.de\/zeit-der-leser\/"},{"@type":"ListItem","position":2,"name":"D\u00e4mmerst\u00fcndchen: Mein Wort-Schatz"}]},{"@type":"WebSite","@id":"https:\/\/blog.zeit.de\/zeit-der-leser\/#website","url":"https:\/\/blog.zeit.de\/zeit-der-leser\/","name":"ZEIT der Leser","description":"Ein Blog mit Ihren Notizen, Gedichten und Bildern f\u00fcr die gedruckte ZEIT","potentialAction":[{"@type":"SearchAction","target":{"@type":"EntryPoint","urlTemplate":"https:\/\/blog.zeit.de\/zeit-der-leser\/?s={search_term_string}"},"query-input":"required name=search_term_string"}],"inLanguage":"de"},{"@type":"Person","@id":"https:\/\/blog.zeit.de\/zeit-der-leser\/#\/schema\/person\/583b14e5ad6368c23af846ecbde9f20f","name":"\"Zeit der Leser\"-Redaktion","image":{"@type":"ImageObject","inLanguage":"de","@id":"https:\/\/blog.zeit.de\/zeit-der-leser\/#\/schema\/person\/image\/","url":"https:\/\/secure.gravatar.com\/avatar\/e801a681bd3bbf2345131a815930b48d9f8e0a94de1346b624840dc850f67ad0?s=96&d=mm&r=g","contentUrl":"https:\/\/secure.gravatar.com\/avatar\/e801a681bd3bbf2345131a815930b48d9f8e0a94de1346b624840dc850f67ad0?s=96&d=mm&r=g","caption":"\"Zeit der Leser\"-Redaktion"},"url":"https:\/\/blog.zeit.de\/zeit-der-leser\/author\/zeit-der-leser-redaktion\/"}]}},"jetpack_featured_media_url":"","jetpack_sharing_enabled":true,"_links":{"self":[{"href":"https:\/\/blog.zeit.de\/zeit-der-leser\/wp-json\/wp\/v2\/posts\/9000","targetHints":{"allow":["GET"]}}],"collection":[{"href":"https:\/\/blog.zeit.de\/zeit-der-leser\/wp-json\/wp\/v2\/posts"}],"about":[{"href":"https:\/\/blog.zeit.de\/zeit-der-leser\/wp-json\/wp\/v2\/types\/post"}],"author":[{"embeddable":true,"href":"https:\/\/blog.zeit.de\/zeit-der-leser\/wp-json\/wp\/v2\/users\/265"}],"replies":[{"embeddable":true,"href":"https:\/\/blog.zeit.de\/zeit-der-leser\/wp-json\/wp\/v2\/comments?post=9000"}],"version-history":[{"count":8,"href":"https:\/\/blog.zeit.de\/zeit-der-leser\/wp-json\/wp\/v2\/posts\/9000\/revisions"}],"predecessor-version":[{"id":19757,"href":"https:\/\/blog.zeit.de\/zeit-der-leser\/wp-json\/wp\/v2\/posts\/9000\/revisions\/19757"}],"wp:attachment":[{"href":"https:\/\/blog.zeit.de\/zeit-der-leser\/wp-json\/wp\/v2\/media?parent=9000"}],"wp:term":[{"taxonomy":"category","embeddable":true,"href":"https:\/\/blog.zeit.de\/zeit-der-leser\/wp-json\/wp\/v2\/categories?post=9000"},{"taxonomy":"post_tag","embeddable":true,"href":"https:\/\/blog.zeit.de\/zeit-der-leser\/wp-json\/wp\/v2\/tags?post=9000"}],"curies":[{"name":"wp","href":"https:\/\/api.w.org\/{rel}","templated":true}]}}