{"id":9039,"date":"2012-03-27T10:00:46","date_gmt":"2012-03-27T08:00:46","guid":{"rendered":"http:\/\/blog.zeit.de\/zeit-der-leser\/?p=9039"},"modified":"2015-02-23T15:03:23","modified_gmt":"2015-02-23T14:03:23","slug":"mein-wort-schatz-lapislazuli","status":"publish","type":"post","link":"https:\/\/blog.zeit.de\/zeit-der-leser\/2012\/03\/27\/mein-wort-schatz-lapislazuli\/","title":{"rendered":"Lapislazuli: Mein Wort-Schatz"},"content":{"rendered":"<p>Im Kunstunterricht begegnete mir einst das Wort <strong>Lapislazuli<\/strong>: alten \u00c4gypterinnen gewannen aus diesem Halbedelstein Farbe und verwendeten sie unter anderem als Augenschminke. Noch mehr als das aber faszinierte mich der Klang des Wortes und wie es auf der Zunge schmeckte: La-pis-la-zu-li. Eine herrliche Wortmelodie, welche mir nicht mehr aus dem Kopf ging. So nahm ich das Wort durch mein weiteres Leben mit und konnte auch nicht widerstehen, es in einem Internetforum als mein Pseudonym zu verwenden.<\/p>\n<p>Es gibt aber auch Begriffe, die ein Gef\u00fchl so plastisch beschreiben, dass man es beim Lesen intuitiv sp\u00fcrt. Zum Beispiel: <strong>Herzeleid<\/strong>. Dieses Wort hat eine wahrhaft poetische Anmutung, was den emotionalen Zustand, so man ihn erlebt, zwar auch nicht besser macht, ihn aber in wunderbarer sprachlicher Eleganz beschreibt. Ein lautmalerisch interessantes Wort ist <strong>holterdiepolter<\/strong>. Es besticht durch seinen Reim und durch die Zwischensilbe \u00bbdie\u00ab. So wird f\u00f6rmlich greifbar, wie etwas \u00fcberst\u00fcrzt und ger\u00e4uschvoll passiert und einen etwas unaufhaltsam ereilt, was man sich lieber mit mehr Ruhe und Zeit gew\u00fcnscht h\u00e4tte.<\/p>\n<p><strong>Tohuwabohu<\/strong> dagegen klingt zun\u00e4chst befremdlich. Es scheint keinen Sinn zu haben, strahlt aber etwas Magisches aus. Kommt es vielleicht aus einer Indianersprache? Nein, es stammt aus dem Hebr\u00e4ischen und steht f\u00fcr \u00bbv\u00f6llige Unordnung, Durcheinander\u00ab. Ich denke an meine Kindheit und mein Kinderzimmer. Aber ist nicht oft aus dem Chaos etwas Neues, Geniales entstanden, wenn wir aus Decken, Matratzen und Lampen Raumschiffe gebaut und aus\u00a0 Tischdecken und Handt\u00fcchern kunstvolle R\u00e4uberh\u00f6hlen installiert haben?<\/p>\n<p>Ein ganz und gar sch\u00f6nes Wort schlie\u00dflich ist <strong>Schmuckschatulle<\/strong>. Ihm haftet eine herrliche Patina an, die an Omas Maigl\u00f6ckchenparfum und ihren Toilettentisch im Schlafzimmer erinnert. Man kann sich in einer Schmuckschatulle keinen Modeschmuck vorstellen, sondern nur edle, echte Preziosen, die in der Schmuckschatulle sorgsam drapiert und nur zu besonderen Anl\u00e4ssen getragen werden. Die Schmuckschatulle selbst besteht selbstredend aus hochwertigen Materialien wie Edelh\u00f6lzern und Messing, im Inneren ist sie mit Samt verkleidet. Im Gegensatz zum profanen Schmuckkasten der neueren Zeit besticht die Schmuckschatulle durch zeitlose Wertigkeit und altmodische, ja vielleicht etwas verstaubte Eleganz. Und das macht sie um so liebenswerter.<\/p>\n<p><strong>Brigitte Rahn<\/strong>, Aschaffenburg<\/p>\n","protected":false},"excerpt":{"rendered":"<p>Im Kunstunterricht begegnete mir einst das Wort Lapislazuli: alten \u00c4gypterinnen gewannen aus diesem Halbedelstein Farbe und verwendeten sie unter anderem als Augenschminke. Noch mehr als das aber faszinierte mich der Klang des Wortes und wie es auf der Zunge schmeckte: La-pis-la-zu-li. Eine herrliche Wortmelodie, welche mir nicht mehr aus dem Kopf ging. So nahm ich [&hellip;]<\/p>\n","protected":false},"author":265,"featured_media":0,"comment_status":"open","ping_status":"open","sticky":false,"template":"","format":"standard","meta":{"_jetpack_memberships_contains_paid_content":false,"footnotes":""},"categories":[1,5687],"tags":[],"class_list":["post-9039","post","type-post","status-publish","format-standard","hentry","category-allgemein","category-mein-wort-schatz"],"yoast_head":"<!-- This site is optimized with the Yoast SEO plugin v21.0 - https:\/\/yoast.com\/wordpress\/plugins\/seo\/ -->\n<title>Lapislazuli: Mein Wort-Schatz - ZEIT der Leser<\/title>\n<meta name=\"robots\" content=\"index, follow, max-snippet:-1, max-image-preview:large, max-video-preview:-1\" \/>\n<link rel=\"canonical\" href=\"https:\/\/blog.zeit.de\/zeit-der-leser\/2012\/03\/27\/mein-wort-schatz-lapislazuli\/\" \/>\n<meta property=\"og:locale\" content=\"de_DE\" \/>\n<meta property=\"og:type\" content=\"article\" \/>\n<meta property=\"og:title\" content=\"Lapislazuli: Mein Wort-Schatz - ZEIT der Leser\" \/>\n<meta property=\"og:description\" content=\"Im Kunstunterricht begegnete mir einst das Wort Lapislazuli: alten \u00c4gypterinnen gewannen aus diesem Halbedelstein Farbe und verwendeten sie unter anderem als Augenschminke. Noch mehr als das aber faszinierte mich der Klang des Wortes und wie es auf der Zunge schmeckte: La-pis-la-zu-li. Eine herrliche Wortmelodie, welche mir nicht mehr aus dem Kopf ging. So nahm ich [&hellip;]\" \/>\n<meta property=\"og:url\" content=\"https:\/\/blog.zeit.de\/zeit-der-leser\/2012\/03\/27\/mein-wort-schatz-lapislazuli\/\" \/>\n<meta property=\"og:site_name\" content=\"ZEIT der Leser\" \/>\n<meta property=\"article:published_time\" content=\"2012-03-27T08:00:46+00:00\" \/>\n<meta property=\"article:modified_time\" content=\"2015-02-23T14:03:23+00:00\" \/>\n<meta name=\"author\" content=\"&quot;Zeit der Leser&quot;-Redaktion\" \/>\n<meta name=\"twitter:card\" content=\"summary_large_image\" \/>\n<meta name=\"twitter:label1\" content=\"Geschrieben von\" \/>\n\t<meta name=\"twitter:data1\" content=\"\"Zeit der Leser\"-Redaktion\" \/>\n\t<meta name=\"twitter:label2\" content=\"Gesch\u00e4tzte Lesezeit\" \/>\n\t<meta name=\"twitter:data2\" content=\"2\u00a0Minuten\" \/>\n<script type=\"application\/ld+json\" class=\"yoast-schema-graph\">{\"@context\":\"https:\/\/schema.org\",\"@graph\":[{\"@type\":\"WebPage\",\"@id\":\"https:\/\/blog.zeit.de\/zeit-der-leser\/2012\/03\/27\/mein-wort-schatz-lapislazuli\/\",\"url\":\"https:\/\/blog.zeit.de\/zeit-der-leser\/2012\/03\/27\/mein-wort-schatz-lapislazuli\/\",\"name\":\"Lapislazuli: Mein Wort-Schatz - ZEIT der Leser\",\"isPartOf\":{\"@id\":\"https:\/\/blog.zeit.de\/zeit-der-leser\/#website\"},\"datePublished\":\"2012-03-27T08:00:46+00:00\",\"dateModified\":\"2015-02-23T14:03:23+00:00\",\"author\":{\"@id\":\"https:\/\/blog.zeit.de\/zeit-der-leser\/#\/schema\/person\/583b14e5ad6368c23af846ecbde9f20f\"},\"breadcrumb\":{\"@id\":\"https:\/\/blog.zeit.de\/zeit-der-leser\/2012\/03\/27\/mein-wort-schatz-lapislazuli\/#breadcrumb\"},\"inLanguage\":\"de\",\"potentialAction\":[{\"@type\":\"ReadAction\",\"target\":[\"https:\/\/blog.zeit.de\/zeit-der-leser\/2012\/03\/27\/mein-wort-schatz-lapislazuli\/\"]}]},{\"@type\":\"BreadcrumbList\",\"@id\":\"https:\/\/blog.zeit.de\/zeit-der-leser\/2012\/03\/27\/mein-wort-schatz-lapislazuli\/#breadcrumb\",\"itemListElement\":[{\"@type\":\"ListItem\",\"position\":1,\"name\":\"Startseite\",\"item\":\"https:\/\/blog.zeit.de\/zeit-der-leser\/\"},{\"@type\":\"ListItem\",\"position\":2,\"name\":\"Lapislazuli: Mein Wort-Schatz\"}]},{\"@type\":\"WebSite\",\"@id\":\"https:\/\/blog.zeit.de\/zeit-der-leser\/#website\",\"url\":\"https:\/\/blog.zeit.de\/zeit-der-leser\/\",\"name\":\"ZEIT der Leser\",\"description\":\"Ein Blog mit Ihren Notizen, Gedichten und Bildern f\u00fcr die gedruckte ZEIT\",\"potentialAction\":[{\"@type\":\"SearchAction\",\"target\":{\"@type\":\"EntryPoint\",\"urlTemplate\":\"https:\/\/blog.zeit.de\/zeit-der-leser\/?s={search_term_string}\"},\"query-input\":\"required name=search_term_string\"}],\"inLanguage\":\"de\"},{\"@type\":\"Person\",\"@id\":\"https:\/\/blog.zeit.de\/zeit-der-leser\/#\/schema\/person\/583b14e5ad6368c23af846ecbde9f20f\",\"name\":\"\\\"Zeit der Leser\\\"-Redaktion\",\"image\":{\"@type\":\"ImageObject\",\"inLanguage\":\"de\",\"@id\":\"https:\/\/blog.zeit.de\/zeit-der-leser\/#\/schema\/person\/image\/\",\"url\":\"https:\/\/secure.gravatar.com\/avatar\/e801a681bd3bbf2345131a815930b48d9f8e0a94de1346b624840dc850f67ad0?s=96&d=mm&r=g\",\"contentUrl\":\"https:\/\/secure.gravatar.com\/avatar\/e801a681bd3bbf2345131a815930b48d9f8e0a94de1346b624840dc850f67ad0?s=96&d=mm&r=g\",\"caption\":\"\\\"Zeit der Leser\\\"-Redaktion\"},\"url\":\"https:\/\/blog.zeit.de\/zeit-der-leser\/author\/zeit-der-leser-redaktion\/\"}]}<\/script>\n<!-- \/ Yoast SEO plugin. -->","yoast_head_json":{"title":"Lapislazuli: Mein Wort-Schatz - ZEIT der Leser","robots":{"index":"index","follow":"follow","max-snippet":"max-snippet:-1","max-image-preview":"max-image-preview:large","max-video-preview":"max-video-preview:-1"},"canonical":"https:\/\/blog.zeit.de\/zeit-der-leser\/2012\/03\/27\/mein-wort-schatz-lapislazuli\/","og_locale":"de_DE","og_type":"article","og_title":"Lapislazuli: Mein Wort-Schatz - ZEIT der Leser","og_description":"Im Kunstunterricht begegnete mir einst das Wort Lapislazuli: alten \u00c4gypterinnen gewannen aus diesem Halbedelstein Farbe und verwendeten sie unter anderem als Augenschminke. Noch mehr als das aber faszinierte mich der Klang des Wortes und wie es auf der Zunge schmeckte: La-pis-la-zu-li. Eine herrliche Wortmelodie, welche mir nicht mehr aus dem Kopf ging. So nahm ich [&hellip;]","og_url":"https:\/\/blog.zeit.de\/zeit-der-leser\/2012\/03\/27\/mein-wort-schatz-lapislazuli\/","og_site_name":"ZEIT der Leser","article_published_time":"2012-03-27T08:00:46+00:00","article_modified_time":"2015-02-23T14:03:23+00:00","author":"\"Zeit der Leser\"-Redaktion","twitter_card":"summary_large_image","twitter_misc":{"Geschrieben von":"\"Zeit der Leser\"-Redaktion","Gesch\u00e4tzte Lesezeit":"2\u00a0Minuten"},"schema":{"@context":"https:\/\/schema.org","@graph":[{"@type":"WebPage","@id":"https:\/\/blog.zeit.de\/zeit-der-leser\/2012\/03\/27\/mein-wort-schatz-lapislazuli\/","url":"https:\/\/blog.zeit.de\/zeit-der-leser\/2012\/03\/27\/mein-wort-schatz-lapislazuli\/","name":"Lapislazuli: Mein Wort-Schatz - ZEIT der Leser","isPartOf":{"@id":"https:\/\/blog.zeit.de\/zeit-der-leser\/#website"},"datePublished":"2012-03-27T08:00:46+00:00","dateModified":"2015-02-23T14:03:23+00:00","author":{"@id":"https:\/\/blog.zeit.de\/zeit-der-leser\/#\/schema\/person\/583b14e5ad6368c23af846ecbde9f20f"},"breadcrumb":{"@id":"https:\/\/blog.zeit.de\/zeit-der-leser\/2012\/03\/27\/mein-wort-schatz-lapislazuli\/#breadcrumb"},"inLanguage":"de","potentialAction":[{"@type":"ReadAction","target":["https:\/\/blog.zeit.de\/zeit-der-leser\/2012\/03\/27\/mein-wort-schatz-lapislazuli\/"]}]},{"@type":"BreadcrumbList","@id":"https:\/\/blog.zeit.de\/zeit-der-leser\/2012\/03\/27\/mein-wort-schatz-lapislazuli\/#breadcrumb","itemListElement":[{"@type":"ListItem","position":1,"name":"Startseite","item":"https:\/\/blog.zeit.de\/zeit-der-leser\/"},{"@type":"ListItem","position":2,"name":"Lapislazuli: Mein Wort-Schatz"}]},{"@type":"WebSite","@id":"https:\/\/blog.zeit.de\/zeit-der-leser\/#website","url":"https:\/\/blog.zeit.de\/zeit-der-leser\/","name":"ZEIT der Leser","description":"Ein Blog mit Ihren Notizen, Gedichten und Bildern f\u00fcr die gedruckte ZEIT","potentialAction":[{"@type":"SearchAction","target":{"@type":"EntryPoint","urlTemplate":"https:\/\/blog.zeit.de\/zeit-der-leser\/?s={search_term_string}"},"query-input":"required name=search_term_string"}],"inLanguage":"de"},{"@type":"Person","@id":"https:\/\/blog.zeit.de\/zeit-der-leser\/#\/schema\/person\/583b14e5ad6368c23af846ecbde9f20f","name":"\"Zeit der Leser\"-Redaktion","image":{"@type":"ImageObject","inLanguage":"de","@id":"https:\/\/blog.zeit.de\/zeit-der-leser\/#\/schema\/person\/image\/","url":"https:\/\/secure.gravatar.com\/avatar\/e801a681bd3bbf2345131a815930b48d9f8e0a94de1346b624840dc850f67ad0?s=96&d=mm&r=g","contentUrl":"https:\/\/secure.gravatar.com\/avatar\/e801a681bd3bbf2345131a815930b48d9f8e0a94de1346b624840dc850f67ad0?s=96&d=mm&r=g","caption":"\"Zeit der Leser\"-Redaktion"},"url":"https:\/\/blog.zeit.de\/zeit-der-leser\/author\/zeit-der-leser-redaktion\/"}]}},"jetpack_featured_media_url":"","jetpack_sharing_enabled":true,"_links":{"self":[{"href":"https:\/\/blog.zeit.de\/zeit-der-leser\/wp-json\/wp\/v2\/posts\/9039","targetHints":{"allow":["GET"]}}],"collection":[{"href":"https:\/\/blog.zeit.de\/zeit-der-leser\/wp-json\/wp\/v2\/posts"}],"about":[{"href":"https:\/\/blog.zeit.de\/zeit-der-leser\/wp-json\/wp\/v2\/types\/post"}],"author":[{"embeddable":true,"href":"https:\/\/blog.zeit.de\/zeit-der-leser\/wp-json\/wp\/v2\/users\/265"}],"replies":[{"embeddable":true,"href":"https:\/\/blog.zeit.de\/zeit-der-leser\/wp-json\/wp\/v2\/comments?post=9039"}],"version-history":[{"count":6,"href":"https:\/\/blog.zeit.de\/zeit-der-leser\/wp-json\/wp\/v2\/posts\/9039\/revisions"}],"predecessor-version":[{"id":19752,"href":"https:\/\/blog.zeit.de\/zeit-der-leser\/wp-json\/wp\/v2\/posts\/9039\/revisions\/19752"}],"wp:attachment":[{"href":"https:\/\/blog.zeit.de\/zeit-der-leser\/wp-json\/wp\/v2\/media?parent=9039"}],"wp:term":[{"taxonomy":"category","embeddable":true,"href":"https:\/\/blog.zeit.de\/zeit-der-leser\/wp-json\/wp\/v2\/categories?post=9039"},{"taxonomy":"post_tag","embeddable":true,"href":"https:\/\/blog.zeit.de\/zeit-der-leser\/wp-json\/wp\/v2\/tags?post=9039"}],"curies":[{"name":"wp","href":"https:\/\/api.w.org\/{rel}","templated":true}]}}