{"id":9058,"date":"2012-03-28T10:00:25","date_gmt":"2012-03-28T08:00:25","guid":{"rendered":"http:\/\/blog.zeit.de\/zeit-der-leser\/?p=9058"},"modified":"2012-03-27T10:33:58","modified_gmt":"2012-03-27T08:33:58","slug":"wiedergefunden-niedeckens-riegel","status":"publish","type":"post","link":"https:\/\/blog.zeit.de\/zeit-der-leser\/2012\/03\/28\/wiedergefunden-niedeckens-riegel\/","title":{"rendered":"Wiedergefunden: Niedeckens Riegel"},"content":{"rendered":"<p><a href=\"https:\/\/blog.zeit.de\/zeit-der-leser\/files\/2012\/03\/s96-wiedergefunden-1.jpg\"><img loading=\"lazy\" decoding=\"async\" src=\"https:\/\/blog.zeit.de\/zeit-der-leser\/files\/2012\/03\/s96-wiedergefunden-1.jpg\" alt=\"\" width=\"540\" height=\"460\" class=\"aligncenter size-full wp-image-9059\" srcset=\"https:\/\/blog.zeit.de\/zeit-der-leser\/files\/2012\/03\/s96-wiedergefunden-1.jpg 540w, https:\/\/blog.zeit.de\/zeit-der-leser\/files\/2012\/03\/s96-wiedergefunden-1-300x255.jpg 300w\" sizes=\"auto, (max-width: 540px) 100vw, 540px\" \/><\/a><br \/>\nMit jedem Umzug habe ich Kellerkisten tragbarer, manche Erinnerungskiste ertr\u00e4glicher gemacht. Jetzt ist es wieder so weit. Diesmal widme ich mich der Teenagerzeit. Da war ich \u00fcberall! Konzerteintrittskarten wandern in den M\u00fcll. Mein Idol Wolfgang Niedecken hat mir backstage mal ein Milky Way geschenkt. Nat\u00fcrlich habe ich es nicht gegessen. Bis heute nicht. Laut Aufschrift ist es am 29. September 1984 abgelaufen. Stimmt doch gar nicht! Es ist \u00bbverdamp lang haltbar\u00ab. Ich werde ihm im n\u00e4chsten Keller wieder einen sch\u00f6nen Platz suchen. F\u00fcr diesmal hat es genug von der Welt gesehen. Sogar zu meinem Freund Klaus Eppele durfte es, der es fu\u0308r mich fotografiert hat.<\/p>\n<p><em>Birgit Jennerjahn-Hakenes, Karlsruhe<\/em><\/p>\n","protected":false},"excerpt":{"rendered":"<p>Mit jedem Umzug habe ich Kellerkisten tragbarer, manche Erinnerungskiste ertr\u00e4glicher gemacht. Jetzt ist es wieder so weit. Diesmal widme ich mich der Teenagerzeit. Da war ich \u00fcberall! Konzerteintrittskarten wandern in den M\u00fcll. Mein Idol Wolfgang Niedecken hat mir backstage mal ein Milky Way geschenkt. Nat\u00fcrlich habe ich es nicht gegessen. Bis heute nicht. Laut Aufschrift [&hellip;]<\/p>\n","protected":false},"author":265,"featured_media":0,"comment_status":"open","ping_status":"open","sticky":false,"template":"","format":"standard","meta":{"_jetpack_memberships_contains_paid_content":false,"footnotes":""},"categories":[1876],"tags":[],"class_list":["post-9058","post","type-post","status-publish","format-standard","hentry","category-wiedergefunden"],"yoast_head":"<!-- This site is optimized with the Yoast SEO plugin v21.0 - https:\/\/yoast.com\/wordpress\/plugins\/seo\/ -->\n<title>Wiedergefunden: Niedeckens Riegel - ZEIT der Leser<\/title>\n<meta name=\"robots\" content=\"index, follow, max-snippet:-1, max-image-preview:large, max-video-preview:-1\" \/>\n<link rel=\"canonical\" href=\"https:\/\/blog.zeit.de\/zeit-der-leser\/2012\/03\/28\/wiedergefunden-niedeckens-riegel\/\" \/>\n<meta property=\"og:locale\" content=\"de_DE\" \/>\n<meta property=\"og:type\" content=\"article\" \/>\n<meta property=\"og:title\" content=\"Wiedergefunden: Niedeckens Riegel - ZEIT der Leser\" \/>\n<meta property=\"og:description\" content=\"Mit jedem Umzug habe ich Kellerkisten tragbarer, manche Erinnerungskiste ertr\u00e4glicher gemacht. Jetzt ist es wieder so weit. Diesmal widme ich mich der Teenagerzeit. Da war ich \u00fcberall! Konzerteintrittskarten wandern in den M\u00fcll. Mein Idol Wolfgang Niedecken hat mir backstage mal ein Milky Way geschenkt. Nat\u00fcrlich habe ich es nicht gegessen. Bis heute nicht. Laut Aufschrift [&hellip;]\" \/>\n<meta property=\"og:url\" content=\"https:\/\/blog.zeit.de\/zeit-der-leser\/2012\/03\/28\/wiedergefunden-niedeckens-riegel\/\" \/>\n<meta property=\"og:site_name\" content=\"ZEIT der Leser\" \/>\n<meta property=\"article:published_time\" content=\"2012-03-28T08:00:25+00:00\" \/>\n<meta property=\"article:modified_time\" content=\"2012-03-27T08:33:58+00:00\" \/>\n<meta property=\"og:image\" content=\"https:\/\/blog.zeit.de\/zeit-der-leser\/files\/2012\/03\/s96-wiedergefunden-1.jpg\" \/>\n<meta name=\"author\" content=\"&quot;Zeit der Leser&quot;-Redaktion\" \/>\n<meta name=\"twitter:card\" content=\"summary_large_image\" \/>\n<meta name=\"twitter:label1\" content=\"Geschrieben von\" \/>\n\t<meta name=\"twitter:data1\" content=\"\"Zeit der Leser\"-Redaktion\" \/>\n\t<meta name=\"twitter:label2\" content=\"Gesch\u00e4tzte Lesezeit\" \/>\n\t<meta name=\"twitter:data2\" content=\"1\u00a0Minute\" \/>\n<script type=\"application\/ld+json\" class=\"yoast-schema-graph\">{\"@context\":\"https:\/\/schema.org\",\"@graph\":[{\"@type\":\"WebPage\",\"@id\":\"https:\/\/blog.zeit.de\/zeit-der-leser\/2012\/03\/28\/wiedergefunden-niedeckens-riegel\/\",\"url\":\"https:\/\/blog.zeit.de\/zeit-der-leser\/2012\/03\/28\/wiedergefunden-niedeckens-riegel\/\",\"name\":\"Wiedergefunden: Niedeckens Riegel - ZEIT der Leser\",\"isPartOf\":{\"@id\":\"https:\/\/blog.zeit.de\/zeit-der-leser\/#website\"},\"datePublished\":\"2012-03-28T08:00:25+00:00\",\"dateModified\":\"2012-03-27T08:33:58+00:00\",\"author\":{\"@id\":\"https:\/\/blog.zeit.de\/zeit-der-leser\/#\/schema\/person\/583b14e5ad6368c23af846ecbde9f20f\"},\"breadcrumb\":{\"@id\":\"https:\/\/blog.zeit.de\/zeit-der-leser\/2012\/03\/28\/wiedergefunden-niedeckens-riegel\/#breadcrumb\"},\"inLanguage\":\"de\",\"potentialAction\":[{\"@type\":\"ReadAction\",\"target\":[\"https:\/\/blog.zeit.de\/zeit-der-leser\/2012\/03\/28\/wiedergefunden-niedeckens-riegel\/\"]}]},{\"@type\":\"BreadcrumbList\",\"@id\":\"https:\/\/blog.zeit.de\/zeit-der-leser\/2012\/03\/28\/wiedergefunden-niedeckens-riegel\/#breadcrumb\",\"itemListElement\":[{\"@type\":\"ListItem\",\"position\":1,\"name\":\"Startseite\",\"item\":\"https:\/\/blog.zeit.de\/zeit-der-leser\/\"},{\"@type\":\"ListItem\",\"position\":2,\"name\":\"Wiedergefunden: Niedeckens Riegel\"}]},{\"@type\":\"WebSite\",\"@id\":\"https:\/\/blog.zeit.de\/zeit-der-leser\/#website\",\"url\":\"https:\/\/blog.zeit.de\/zeit-der-leser\/\",\"name\":\"ZEIT der Leser\",\"description\":\"Ein Blog mit Ihren Notizen, Gedichten und Bildern f\u00fcr die gedruckte ZEIT\",\"potentialAction\":[{\"@type\":\"SearchAction\",\"target\":{\"@type\":\"EntryPoint\",\"urlTemplate\":\"https:\/\/blog.zeit.de\/zeit-der-leser\/?s={search_term_string}\"},\"query-input\":\"required name=search_term_string\"}],\"inLanguage\":\"de\"},{\"@type\":\"Person\",\"@id\":\"https:\/\/blog.zeit.de\/zeit-der-leser\/#\/schema\/person\/583b14e5ad6368c23af846ecbde9f20f\",\"name\":\"\\\"Zeit der Leser\\\"-Redaktion\",\"image\":{\"@type\":\"ImageObject\",\"inLanguage\":\"de\",\"@id\":\"https:\/\/blog.zeit.de\/zeit-der-leser\/#\/schema\/person\/image\/\",\"url\":\"https:\/\/secure.gravatar.com\/avatar\/e801a681bd3bbf2345131a815930b48d9f8e0a94de1346b624840dc850f67ad0?s=96&d=mm&r=g\",\"contentUrl\":\"https:\/\/secure.gravatar.com\/avatar\/e801a681bd3bbf2345131a815930b48d9f8e0a94de1346b624840dc850f67ad0?s=96&d=mm&r=g\",\"caption\":\"\\\"Zeit der Leser\\\"-Redaktion\"},\"url\":\"https:\/\/blog.zeit.de\/zeit-der-leser\/author\/zeit-der-leser-redaktion\/\"}]}<\/script>\n<!-- \/ Yoast SEO plugin. -->","yoast_head_json":{"title":"Wiedergefunden: Niedeckens Riegel - ZEIT der Leser","robots":{"index":"index","follow":"follow","max-snippet":"max-snippet:-1","max-image-preview":"max-image-preview:large","max-video-preview":"max-video-preview:-1"},"canonical":"https:\/\/blog.zeit.de\/zeit-der-leser\/2012\/03\/28\/wiedergefunden-niedeckens-riegel\/","og_locale":"de_DE","og_type":"article","og_title":"Wiedergefunden: Niedeckens Riegel - ZEIT der Leser","og_description":"Mit jedem Umzug habe ich Kellerkisten tragbarer, manche Erinnerungskiste ertr\u00e4glicher gemacht. Jetzt ist es wieder so weit. Diesmal widme ich mich der Teenagerzeit. Da war ich \u00fcberall! Konzerteintrittskarten wandern in den M\u00fcll. Mein Idol Wolfgang Niedecken hat mir backstage mal ein Milky Way geschenkt. Nat\u00fcrlich habe ich es nicht gegessen. Bis heute nicht. Laut Aufschrift [&hellip;]","og_url":"https:\/\/blog.zeit.de\/zeit-der-leser\/2012\/03\/28\/wiedergefunden-niedeckens-riegel\/","og_site_name":"ZEIT der Leser","article_published_time":"2012-03-28T08:00:25+00:00","article_modified_time":"2012-03-27T08:33:58+00:00","og_image":[{"url":"https:\/\/blog.zeit.de\/zeit-der-leser\/files\/2012\/03\/s96-wiedergefunden-1.jpg"}],"author":"\"Zeit der Leser\"-Redaktion","twitter_card":"summary_large_image","twitter_misc":{"Geschrieben von":"\"Zeit der Leser\"-Redaktion","Gesch\u00e4tzte Lesezeit":"1\u00a0Minute"},"schema":{"@context":"https:\/\/schema.org","@graph":[{"@type":"WebPage","@id":"https:\/\/blog.zeit.de\/zeit-der-leser\/2012\/03\/28\/wiedergefunden-niedeckens-riegel\/","url":"https:\/\/blog.zeit.de\/zeit-der-leser\/2012\/03\/28\/wiedergefunden-niedeckens-riegel\/","name":"Wiedergefunden: Niedeckens Riegel - ZEIT der Leser","isPartOf":{"@id":"https:\/\/blog.zeit.de\/zeit-der-leser\/#website"},"datePublished":"2012-03-28T08:00:25+00:00","dateModified":"2012-03-27T08:33:58+00:00","author":{"@id":"https:\/\/blog.zeit.de\/zeit-der-leser\/#\/schema\/person\/583b14e5ad6368c23af846ecbde9f20f"},"breadcrumb":{"@id":"https:\/\/blog.zeit.de\/zeit-der-leser\/2012\/03\/28\/wiedergefunden-niedeckens-riegel\/#breadcrumb"},"inLanguage":"de","potentialAction":[{"@type":"ReadAction","target":["https:\/\/blog.zeit.de\/zeit-der-leser\/2012\/03\/28\/wiedergefunden-niedeckens-riegel\/"]}]},{"@type":"BreadcrumbList","@id":"https:\/\/blog.zeit.de\/zeit-der-leser\/2012\/03\/28\/wiedergefunden-niedeckens-riegel\/#breadcrumb","itemListElement":[{"@type":"ListItem","position":1,"name":"Startseite","item":"https:\/\/blog.zeit.de\/zeit-der-leser\/"},{"@type":"ListItem","position":2,"name":"Wiedergefunden: Niedeckens Riegel"}]},{"@type":"WebSite","@id":"https:\/\/blog.zeit.de\/zeit-der-leser\/#website","url":"https:\/\/blog.zeit.de\/zeit-der-leser\/","name":"ZEIT der Leser","description":"Ein Blog mit Ihren Notizen, Gedichten und Bildern f\u00fcr die gedruckte ZEIT","potentialAction":[{"@type":"SearchAction","target":{"@type":"EntryPoint","urlTemplate":"https:\/\/blog.zeit.de\/zeit-der-leser\/?s={search_term_string}"},"query-input":"required name=search_term_string"}],"inLanguage":"de"},{"@type":"Person","@id":"https:\/\/blog.zeit.de\/zeit-der-leser\/#\/schema\/person\/583b14e5ad6368c23af846ecbde9f20f","name":"\"Zeit der Leser\"-Redaktion","image":{"@type":"ImageObject","inLanguage":"de","@id":"https:\/\/blog.zeit.de\/zeit-der-leser\/#\/schema\/person\/image\/","url":"https:\/\/secure.gravatar.com\/avatar\/e801a681bd3bbf2345131a815930b48d9f8e0a94de1346b624840dc850f67ad0?s=96&d=mm&r=g","contentUrl":"https:\/\/secure.gravatar.com\/avatar\/e801a681bd3bbf2345131a815930b48d9f8e0a94de1346b624840dc850f67ad0?s=96&d=mm&r=g","caption":"\"Zeit der Leser\"-Redaktion"},"url":"https:\/\/blog.zeit.de\/zeit-der-leser\/author\/zeit-der-leser-redaktion\/"}]}},"jetpack_featured_media_url":"","jetpack_sharing_enabled":true,"_links":{"self":[{"href":"https:\/\/blog.zeit.de\/zeit-der-leser\/wp-json\/wp\/v2\/posts\/9058","targetHints":{"allow":["GET"]}}],"collection":[{"href":"https:\/\/blog.zeit.de\/zeit-der-leser\/wp-json\/wp\/v2\/posts"}],"about":[{"href":"https:\/\/blog.zeit.de\/zeit-der-leser\/wp-json\/wp\/v2\/types\/post"}],"author":[{"embeddable":true,"href":"https:\/\/blog.zeit.de\/zeit-der-leser\/wp-json\/wp\/v2\/users\/265"}],"replies":[{"embeddable":true,"href":"https:\/\/blog.zeit.de\/zeit-der-leser\/wp-json\/wp\/v2\/comments?post=9058"}],"version-history":[{"count":3,"href":"https:\/\/blog.zeit.de\/zeit-der-leser\/wp-json\/wp\/v2\/posts\/9058\/revisions"}],"predecessor-version":[{"id":9062,"href":"https:\/\/blog.zeit.de\/zeit-der-leser\/wp-json\/wp\/v2\/posts\/9058\/revisions\/9062"}],"wp:attachment":[{"href":"https:\/\/blog.zeit.de\/zeit-der-leser\/wp-json\/wp\/v2\/media?parent=9058"}],"wp:term":[{"taxonomy":"category","embeddable":true,"href":"https:\/\/blog.zeit.de\/zeit-der-leser\/wp-json\/wp\/v2\/categories?post=9058"},{"taxonomy":"post_tag","embeddable":true,"href":"https:\/\/blog.zeit.de\/zeit-der-leser\/wp-json\/wp\/v2\/tags?post=9058"}],"curies":[{"name":"wp","href":"https:\/\/api.w.org\/{rel}","templated":true}]}}