{"id":9064,"date":"2012-03-25T18:00:36","date_gmt":"2012-03-25T16:00:36","guid":{"rendered":"http:\/\/blog.zeit.de\/zeit-der-leser\/?p=9064"},"modified":"2012-03-27T10:37:17","modified_gmt":"2012-03-27T08:37:17","slug":"zeitsprung-52","status":"publish","type":"post","link":"https:\/\/blog.zeit.de\/zeit-der-leser\/2012\/03\/25\/zeitsprung-52\/","title":{"rendered":"Zeitsprung"},"content":{"rendered":"<p><figure id=\"attachment_9065\" aria-describedby=\"caption-attachment-9065\" style=\"width: 540px\" class=\"wp-caption aligncenter\"><a href=\"https:\/\/blog.zeit.de\/zeit-der-leser\/files\/2012\/03\/s96-zeitsprung-1-1962.jpg\"><img loading=\"lazy\" decoding=\"async\" class=\"size-full wp-image-9065\" src=\"https:\/\/blog.zeit.de\/zeit-der-leser\/files\/2012\/03\/s96-zeitsprung-1-1962.jpg\" alt=\"\" width=\"540\" height=\"404\" srcset=\"https:\/\/blog.zeit.de\/zeit-der-leser\/files\/2012\/03\/s96-zeitsprung-1-1962.jpg 540w, https:\/\/blog.zeit.de\/zeit-der-leser\/files\/2012\/03\/s96-zeitsprung-1-1962-300x224.jpg 300w\" sizes=\"auto, (max-width: 540px) 100vw, 540px\" \/><\/a><figcaption id=\"caption-attachment-9065\" class=\"wp-caption-text\">1962<\/figcaption><\/figure><\/p>\n<p><figure id=\"attachment_9066\" aria-describedby=\"caption-attachment-9066\" style=\"width: 540px\" class=\"wp-caption aligncenter\"><a href=\"https:\/\/blog.zeit.de\/zeit-der-leser\/files\/2012\/03\/s96-zeitsprung-2-2011.jpg\"><img loading=\"lazy\" decoding=\"async\" class=\"size-full wp-image-9066\" src=\"https:\/\/blog.zeit.de\/zeit-der-leser\/files\/2012\/03\/s96-zeitsprung-2-2011.jpg\" alt=\"\" width=\"540\" height=\"404\" srcset=\"https:\/\/blog.zeit.de\/zeit-der-leser\/files\/2012\/03\/s96-zeitsprung-2-2011.jpg 540w, https:\/\/blog.zeit.de\/zeit-der-leser\/files\/2012\/03\/s96-zeitsprung-2-2011-300x224.jpg 300w\" sizes=\"auto, (max-width: 540px) 100vw, 540px\" \/><\/a><figcaption id=\"caption-attachment-9066\" class=\"wp-caption-text\">2011<\/figcaption><\/figure><\/p>\n<p>Im vergangenen Sommer entstand das Farbfoto von meiner dreij\u00e4hrigen Enkeltochter Hanna. Als ich es sah, musste ich an meine eigene Kindheit zur\u00fcckdenken. Ich suchte in meinem alten Fotoalbum und wurde tats\u00e4chlich f\u00fcndig: Auch von mir gibt es ein Bild in genau so einer Zinkwanne. Es stammt aus dem Sommer 1962 und zeigt mich als Vierj\u00e4hrige mit einem Nachbarsjungen. Ist es nicht sch\u00f6n, dass auch nach fast 50 Jahren so eine einfache Wanne, ein wenig Wasser und Sonne reichen, damit Kinder sich freuen?<\/p>\n<p><em>Petra Riemerschmid, Reichertsheim, Oberbayern<\/em><\/p>\n","protected":false},"excerpt":{"rendered":"<p>Im vergangenen Sommer entstand das Farbfoto von meiner dreij\u00e4hrigen Enkeltochter Hanna. Als ich es sah, musste ich an meine eigene Kindheit zur\u00fcckdenken. Ich suchte in meinem alten Fotoalbum und wurde tats\u00e4chlich f\u00fcndig: Auch von mir gibt es ein Bild in genau so einer Zinkwanne. Es stammt aus dem Sommer 1962 und zeigt mich als Vierj\u00e4hrige [&hellip;]<\/p>\n","protected":false},"author":265,"featured_media":0,"comment_status":"open","ping_status":"open","sticky":false,"template":"","format":"standard","meta":{"_jetpack_memberships_contains_paid_content":false,"footnotes":""},"categories":[1878],"tags":[],"class_list":["post-9064","post","type-post","status-publish","format-standard","hentry","category-zeitsprung"],"yoast_head":"<!-- This site is optimized with the Yoast SEO plugin v21.0 - https:\/\/yoast.com\/wordpress\/plugins\/seo\/ -->\n<title>Zeitsprung - ZEIT der Leser<\/title>\n<meta name=\"robots\" content=\"index, follow, max-snippet:-1, max-image-preview:large, max-video-preview:-1\" \/>\n<link rel=\"canonical\" href=\"https:\/\/blog.zeit.de\/zeit-der-leser\/2012\/03\/25\/zeitsprung-52\/\" \/>\n<meta property=\"og:locale\" content=\"de_DE\" \/>\n<meta property=\"og:type\" content=\"article\" \/>\n<meta property=\"og:title\" content=\"Zeitsprung - ZEIT der Leser\" \/>\n<meta property=\"og:description\" content=\"Im vergangenen Sommer entstand das Farbfoto von meiner dreij\u00e4hrigen Enkeltochter Hanna. Als ich es sah, musste ich an meine eigene Kindheit zur\u00fcckdenken. Ich suchte in meinem alten Fotoalbum und wurde tats\u00e4chlich f\u00fcndig: Auch von mir gibt es ein Bild in genau so einer Zinkwanne. Es stammt aus dem Sommer 1962 und zeigt mich als Vierj\u00e4hrige [&hellip;]\" \/>\n<meta property=\"og:url\" content=\"https:\/\/blog.zeit.de\/zeit-der-leser\/2012\/03\/25\/zeitsprung-52\/\" \/>\n<meta property=\"og:site_name\" content=\"ZEIT der Leser\" \/>\n<meta property=\"article:published_time\" content=\"2012-03-25T16:00:36+00:00\" \/>\n<meta property=\"article:modified_time\" content=\"2012-03-27T08:37:17+00:00\" \/>\n<meta property=\"og:image\" content=\"https:\/\/blog.zeit.de\/zeit-der-leser\/files\/2012\/03\/s96-zeitsprung-1-1962.jpg\" \/>\n<meta name=\"author\" content=\"&quot;Zeit der Leser&quot;-Redaktion\" \/>\n<meta name=\"twitter:card\" content=\"summary_large_image\" \/>\n<meta name=\"twitter:label1\" content=\"Geschrieben von\" \/>\n\t<meta name=\"twitter:data1\" content=\"\"Zeit der Leser\"-Redaktion\" \/>\n\t<meta name=\"twitter:label2\" content=\"Gesch\u00e4tzte Lesezeit\" \/>\n\t<meta name=\"twitter:data2\" content=\"1\u00a0Minute\" \/>\n<script type=\"application\/ld+json\" class=\"yoast-schema-graph\">{\"@context\":\"https:\/\/schema.org\",\"@graph\":[{\"@type\":\"WebPage\",\"@id\":\"https:\/\/blog.zeit.de\/zeit-der-leser\/2012\/03\/25\/zeitsprung-52\/\",\"url\":\"https:\/\/blog.zeit.de\/zeit-der-leser\/2012\/03\/25\/zeitsprung-52\/\",\"name\":\"Zeitsprung - ZEIT der Leser\",\"isPartOf\":{\"@id\":\"https:\/\/blog.zeit.de\/zeit-der-leser\/#website\"},\"datePublished\":\"2012-03-25T16:00:36+00:00\",\"dateModified\":\"2012-03-27T08:37:17+00:00\",\"author\":{\"@id\":\"https:\/\/blog.zeit.de\/zeit-der-leser\/#\/schema\/person\/583b14e5ad6368c23af846ecbde9f20f\"},\"breadcrumb\":{\"@id\":\"https:\/\/blog.zeit.de\/zeit-der-leser\/2012\/03\/25\/zeitsprung-52\/#breadcrumb\"},\"inLanguage\":\"de\",\"potentialAction\":[{\"@type\":\"ReadAction\",\"target\":[\"https:\/\/blog.zeit.de\/zeit-der-leser\/2012\/03\/25\/zeitsprung-52\/\"]}]},{\"@type\":\"BreadcrumbList\",\"@id\":\"https:\/\/blog.zeit.de\/zeit-der-leser\/2012\/03\/25\/zeitsprung-52\/#breadcrumb\",\"itemListElement\":[{\"@type\":\"ListItem\",\"position\":1,\"name\":\"Startseite\",\"item\":\"https:\/\/blog.zeit.de\/zeit-der-leser\/\"},{\"@type\":\"ListItem\",\"position\":2,\"name\":\"Zeitsprung\"}]},{\"@type\":\"WebSite\",\"@id\":\"https:\/\/blog.zeit.de\/zeit-der-leser\/#website\",\"url\":\"https:\/\/blog.zeit.de\/zeit-der-leser\/\",\"name\":\"ZEIT der Leser\",\"description\":\"Ein Blog mit Ihren Notizen, Gedichten und Bildern f\u00fcr die gedruckte ZEIT\",\"potentialAction\":[{\"@type\":\"SearchAction\",\"target\":{\"@type\":\"EntryPoint\",\"urlTemplate\":\"https:\/\/blog.zeit.de\/zeit-der-leser\/?s={search_term_string}\"},\"query-input\":\"required name=search_term_string\"}],\"inLanguage\":\"de\"},{\"@type\":\"Person\",\"@id\":\"https:\/\/blog.zeit.de\/zeit-der-leser\/#\/schema\/person\/583b14e5ad6368c23af846ecbde9f20f\",\"name\":\"\\\"Zeit der Leser\\\"-Redaktion\",\"image\":{\"@type\":\"ImageObject\",\"inLanguage\":\"de\",\"@id\":\"https:\/\/blog.zeit.de\/zeit-der-leser\/#\/schema\/person\/image\/\",\"url\":\"https:\/\/secure.gravatar.com\/avatar\/e801a681bd3bbf2345131a815930b48d9f8e0a94de1346b624840dc850f67ad0?s=96&d=mm&r=g\",\"contentUrl\":\"https:\/\/secure.gravatar.com\/avatar\/e801a681bd3bbf2345131a815930b48d9f8e0a94de1346b624840dc850f67ad0?s=96&d=mm&r=g\",\"caption\":\"\\\"Zeit der Leser\\\"-Redaktion\"},\"url\":\"https:\/\/blog.zeit.de\/zeit-der-leser\/author\/zeit-der-leser-redaktion\/\"}]}<\/script>\n<!-- \/ Yoast SEO plugin. -->","yoast_head_json":{"title":"Zeitsprung - ZEIT der Leser","robots":{"index":"index","follow":"follow","max-snippet":"max-snippet:-1","max-image-preview":"max-image-preview:large","max-video-preview":"max-video-preview:-1"},"canonical":"https:\/\/blog.zeit.de\/zeit-der-leser\/2012\/03\/25\/zeitsprung-52\/","og_locale":"de_DE","og_type":"article","og_title":"Zeitsprung - ZEIT der Leser","og_description":"Im vergangenen Sommer entstand das Farbfoto von meiner dreij\u00e4hrigen Enkeltochter Hanna. Als ich es sah, musste ich an meine eigene Kindheit zur\u00fcckdenken. Ich suchte in meinem alten Fotoalbum und wurde tats\u00e4chlich f\u00fcndig: Auch von mir gibt es ein Bild in genau so einer Zinkwanne. Es stammt aus dem Sommer 1962 und zeigt mich als Vierj\u00e4hrige [&hellip;]","og_url":"https:\/\/blog.zeit.de\/zeit-der-leser\/2012\/03\/25\/zeitsprung-52\/","og_site_name":"ZEIT der Leser","article_published_time":"2012-03-25T16:00:36+00:00","article_modified_time":"2012-03-27T08:37:17+00:00","og_image":[{"url":"https:\/\/blog.zeit.de\/zeit-der-leser\/files\/2012\/03\/s96-zeitsprung-1-1962.jpg"}],"author":"\"Zeit der Leser\"-Redaktion","twitter_card":"summary_large_image","twitter_misc":{"Geschrieben von":"\"Zeit der Leser\"-Redaktion","Gesch\u00e4tzte Lesezeit":"1\u00a0Minute"},"schema":{"@context":"https:\/\/schema.org","@graph":[{"@type":"WebPage","@id":"https:\/\/blog.zeit.de\/zeit-der-leser\/2012\/03\/25\/zeitsprung-52\/","url":"https:\/\/blog.zeit.de\/zeit-der-leser\/2012\/03\/25\/zeitsprung-52\/","name":"Zeitsprung - ZEIT der Leser","isPartOf":{"@id":"https:\/\/blog.zeit.de\/zeit-der-leser\/#website"},"datePublished":"2012-03-25T16:00:36+00:00","dateModified":"2012-03-27T08:37:17+00:00","author":{"@id":"https:\/\/blog.zeit.de\/zeit-der-leser\/#\/schema\/person\/583b14e5ad6368c23af846ecbde9f20f"},"breadcrumb":{"@id":"https:\/\/blog.zeit.de\/zeit-der-leser\/2012\/03\/25\/zeitsprung-52\/#breadcrumb"},"inLanguage":"de","potentialAction":[{"@type":"ReadAction","target":["https:\/\/blog.zeit.de\/zeit-der-leser\/2012\/03\/25\/zeitsprung-52\/"]}]},{"@type":"BreadcrumbList","@id":"https:\/\/blog.zeit.de\/zeit-der-leser\/2012\/03\/25\/zeitsprung-52\/#breadcrumb","itemListElement":[{"@type":"ListItem","position":1,"name":"Startseite","item":"https:\/\/blog.zeit.de\/zeit-der-leser\/"},{"@type":"ListItem","position":2,"name":"Zeitsprung"}]},{"@type":"WebSite","@id":"https:\/\/blog.zeit.de\/zeit-der-leser\/#website","url":"https:\/\/blog.zeit.de\/zeit-der-leser\/","name":"ZEIT der Leser","description":"Ein Blog mit Ihren Notizen, Gedichten und Bildern f\u00fcr die gedruckte ZEIT","potentialAction":[{"@type":"SearchAction","target":{"@type":"EntryPoint","urlTemplate":"https:\/\/blog.zeit.de\/zeit-der-leser\/?s={search_term_string}"},"query-input":"required name=search_term_string"}],"inLanguage":"de"},{"@type":"Person","@id":"https:\/\/blog.zeit.de\/zeit-der-leser\/#\/schema\/person\/583b14e5ad6368c23af846ecbde9f20f","name":"\"Zeit der Leser\"-Redaktion","image":{"@type":"ImageObject","inLanguage":"de","@id":"https:\/\/blog.zeit.de\/zeit-der-leser\/#\/schema\/person\/image\/","url":"https:\/\/secure.gravatar.com\/avatar\/e801a681bd3bbf2345131a815930b48d9f8e0a94de1346b624840dc850f67ad0?s=96&d=mm&r=g","contentUrl":"https:\/\/secure.gravatar.com\/avatar\/e801a681bd3bbf2345131a815930b48d9f8e0a94de1346b624840dc850f67ad0?s=96&d=mm&r=g","caption":"\"Zeit der Leser\"-Redaktion"},"url":"https:\/\/blog.zeit.de\/zeit-der-leser\/author\/zeit-der-leser-redaktion\/"}]}},"jetpack_featured_media_url":"","jetpack_sharing_enabled":true,"_links":{"self":[{"href":"https:\/\/blog.zeit.de\/zeit-der-leser\/wp-json\/wp\/v2\/posts\/9064","targetHints":{"allow":["GET"]}}],"collection":[{"href":"https:\/\/blog.zeit.de\/zeit-der-leser\/wp-json\/wp\/v2\/posts"}],"about":[{"href":"https:\/\/blog.zeit.de\/zeit-der-leser\/wp-json\/wp\/v2\/types\/post"}],"author":[{"embeddable":true,"href":"https:\/\/blog.zeit.de\/zeit-der-leser\/wp-json\/wp\/v2\/users\/265"}],"replies":[{"embeddable":true,"href":"https:\/\/blog.zeit.de\/zeit-der-leser\/wp-json\/wp\/v2\/comments?post=9064"}],"version-history":[{"count":2,"href":"https:\/\/blog.zeit.de\/zeit-der-leser\/wp-json\/wp\/v2\/posts\/9064\/revisions"}],"predecessor-version":[{"id":9068,"href":"https:\/\/blog.zeit.de\/zeit-der-leser\/wp-json\/wp\/v2\/posts\/9064\/revisions\/9068"}],"wp:attachment":[{"href":"https:\/\/blog.zeit.de\/zeit-der-leser\/wp-json\/wp\/v2\/media?parent=9064"}],"wp:term":[{"taxonomy":"category","embeddable":true,"href":"https:\/\/blog.zeit.de\/zeit-der-leser\/wp-json\/wp\/v2\/categories?post=9064"},{"taxonomy":"post_tag","embeddable":true,"href":"https:\/\/blog.zeit.de\/zeit-der-leser\/wp-json\/wp\/v2\/tags?post=9064"}],"curies":[{"name":"wp","href":"https:\/\/api.w.org\/{rel}","templated":true}]}}