{"id":9256,"date":"2012-04-13T12:00:50","date_gmt":"2012-04-13T10:00:50","guid":{"rendered":"http:\/\/blog.zeit.de\/zeit-der-leser\/?p=9256"},"modified":"2012-04-11T12:17:32","modified_gmt":"2012-04-11T10:17:32","slug":"zeitsprung-55","status":"publish","type":"post","link":"https:\/\/blog.zeit.de\/zeit-der-leser\/2012\/04\/13\/zeitsprung-55\/","title":{"rendered":"Zeitsprung"},"content":{"rendered":"<p><a href=\"https:\/\/blog.zeit.de\/zeit-der-leser\/files\/2012\/04\/s84-zeitsprung-11.jpg\"><img loading=\"lazy\" decoding=\"async\" class=\"aligncenter size-full wp-image-9328\" src=\"https:\/\/blog.zeit.de\/zeit-der-leser\/files\/2012\/04\/s84-zeitsprung-11.jpg\" alt=\"\" width=\"540\" height=\"596\" srcset=\"https:\/\/blog.zeit.de\/zeit-der-leser\/files\/2012\/04\/s84-zeitsprung-11.jpg 540w, https:\/\/blog.zeit.de\/zeit-der-leser\/files\/2012\/04\/s84-zeitsprung-11-271x300.jpg 271w\" sizes=\"auto, (max-width: 540px) 100vw, 540px\" \/><\/a><\/p>\n<p><a href=\"https:\/\/blog.zeit.de\/zeit-der-leser\/files\/2012\/04\/s84-zeitsprung-2.jpg\"><img loading=\"lazy\" decoding=\"async\" class=\"aligncenter size-full wp-image-9329\" src=\"https:\/\/blog.zeit.de\/zeit-der-leser\/files\/2012\/04\/s84-zeitsprung-2.jpg\" alt=\"\" width=\"540\" height=\"596\" srcset=\"https:\/\/blog.zeit.de\/zeit-der-leser\/files\/2012\/04\/s84-zeitsprung-2.jpg 540w, https:\/\/blog.zeit.de\/zeit-der-leser\/files\/2012\/04\/s84-zeitsprung-2-271x300.jpg 271w\" sizes=\"auto, (max-width: 540px) 100vw, 540px\" \/><\/a><\/p>\n<p>Unser Vater ist jetzt 60 Jahre alt. Auf dem Schwarz-Wei\u00df-Foto sieht man ihn als den Kleinsten mit seinen beiden \u00e4lteren Br\u00fcdern, seiner Cousine sowie dem Hund des Vermieters in Bierbergen 1954. Das Bild steht f\u00fcr vieles: Geschwister, die zusammenhalten, Tierliebe, aber auch f\u00fcr eine Fl\u00fcchtlingsfamilie, die langsam wieder auf die Beine kommt. Auf dem anderen Bild sieht man uns, die drei T\u00f6chter, mit unserem Familienhund Gina im Jahr 1992. Auch dieses Bild steht f\u00fcr vieles, etwa f\u00fcr gemeinsame Ausfl\u00fcge mit Papa, aber auch f\u00fcr seine Liebe zum Detail: Es hat ewig gedauert, bis wir standen, wie wir sollten.<\/p>\n<p><strong>Kira, Saskia und Corinna Geisler,<\/strong> Schl\u00fcckingen, Nordrhein-Westfalen<\/p>\n","protected":false},"excerpt":{"rendered":"<p>Unser Vater ist jetzt 60 Jahre alt. Auf dem Schwarz-Wei\u00df-Foto sieht man ihn als den Kleinsten mit seinen beiden \u00e4lteren Br\u00fcdern, seiner Cousine sowie dem Hund des Vermieters in Bierbergen 1954. Das Bild steht f\u00fcr vieles: Geschwister, die zusammenhalten, Tierliebe, aber auch f\u00fcr eine Fl\u00fcchtlingsfamilie, die langsam wieder auf die Beine kommt. Auf dem anderen [&hellip;]<\/p>\n","protected":false},"author":265,"featured_media":0,"comment_status":"open","ping_status":"open","sticky":false,"template":"","format":"standard","meta":{"_jetpack_memberships_contains_paid_content":false,"footnotes":""},"categories":[1878],"tags":[],"class_list":["post-9256","post","type-post","status-publish","format-standard","hentry","category-zeitsprung"],"yoast_head":"<!-- This site is optimized with the Yoast SEO plugin v21.0 - https:\/\/yoast.com\/wordpress\/plugins\/seo\/ -->\n<title>Zeitsprung - ZEIT der Leser<\/title>\n<meta name=\"robots\" content=\"index, follow, max-snippet:-1, max-image-preview:large, max-video-preview:-1\" \/>\n<link rel=\"canonical\" href=\"https:\/\/blog.zeit.de\/zeit-der-leser\/2012\/04\/13\/zeitsprung-55\/\" \/>\n<meta property=\"og:locale\" content=\"de_DE\" \/>\n<meta property=\"og:type\" content=\"article\" \/>\n<meta property=\"og:title\" content=\"Zeitsprung - ZEIT der Leser\" \/>\n<meta property=\"og:description\" content=\"Unser Vater ist jetzt 60 Jahre alt. Auf dem Schwarz-Wei\u00df-Foto sieht man ihn als den Kleinsten mit seinen beiden \u00e4lteren Br\u00fcdern, seiner Cousine sowie dem Hund des Vermieters in Bierbergen 1954. Das Bild steht f\u00fcr vieles: Geschwister, die zusammenhalten, Tierliebe, aber auch f\u00fcr eine Fl\u00fcchtlingsfamilie, die langsam wieder auf die Beine kommt. Auf dem anderen [&hellip;]\" \/>\n<meta property=\"og:url\" content=\"https:\/\/blog.zeit.de\/zeit-der-leser\/2012\/04\/13\/zeitsprung-55\/\" \/>\n<meta property=\"og:site_name\" content=\"ZEIT der Leser\" \/>\n<meta property=\"article:published_time\" content=\"2012-04-13T10:00:50+00:00\" \/>\n<meta property=\"article:modified_time\" content=\"2012-04-11T10:17:32+00:00\" \/>\n<meta property=\"og:image\" content=\"https:\/\/blog.zeit.de\/zeit-der-leser\/files\/2012\/04\/s84-zeitsprung-11.jpg\" \/>\n<meta name=\"author\" content=\"&quot;Zeit der Leser&quot;-Redaktion\" \/>\n<meta name=\"twitter:card\" content=\"summary_large_image\" \/>\n<meta name=\"twitter:label1\" content=\"Geschrieben von\" \/>\n\t<meta name=\"twitter:data1\" content=\"\"Zeit der Leser\"-Redaktion\" \/>\n\t<meta name=\"twitter:label2\" content=\"Gesch\u00e4tzte Lesezeit\" \/>\n\t<meta name=\"twitter:data2\" content=\"1\u00a0Minute\" \/>\n<script type=\"application\/ld+json\" class=\"yoast-schema-graph\">{\"@context\":\"https:\/\/schema.org\",\"@graph\":[{\"@type\":\"WebPage\",\"@id\":\"https:\/\/blog.zeit.de\/zeit-der-leser\/2012\/04\/13\/zeitsprung-55\/\",\"url\":\"https:\/\/blog.zeit.de\/zeit-der-leser\/2012\/04\/13\/zeitsprung-55\/\",\"name\":\"Zeitsprung - ZEIT der Leser\",\"isPartOf\":{\"@id\":\"https:\/\/blog.zeit.de\/zeit-der-leser\/#website\"},\"datePublished\":\"2012-04-13T10:00:50+00:00\",\"dateModified\":\"2012-04-11T10:17:32+00:00\",\"author\":{\"@id\":\"https:\/\/blog.zeit.de\/zeit-der-leser\/#\/schema\/person\/583b14e5ad6368c23af846ecbde9f20f\"},\"breadcrumb\":{\"@id\":\"https:\/\/blog.zeit.de\/zeit-der-leser\/2012\/04\/13\/zeitsprung-55\/#breadcrumb\"},\"inLanguage\":\"de\",\"potentialAction\":[{\"@type\":\"ReadAction\",\"target\":[\"https:\/\/blog.zeit.de\/zeit-der-leser\/2012\/04\/13\/zeitsprung-55\/\"]}]},{\"@type\":\"BreadcrumbList\",\"@id\":\"https:\/\/blog.zeit.de\/zeit-der-leser\/2012\/04\/13\/zeitsprung-55\/#breadcrumb\",\"itemListElement\":[{\"@type\":\"ListItem\",\"position\":1,\"name\":\"Startseite\",\"item\":\"https:\/\/blog.zeit.de\/zeit-der-leser\/\"},{\"@type\":\"ListItem\",\"position\":2,\"name\":\"Zeitsprung\"}]},{\"@type\":\"WebSite\",\"@id\":\"https:\/\/blog.zeit.de\/zeit-der-leser\/#website\",\"url\":\"https:\/\/blog.zeit.de\/zeit-der-leser\/\",\"name\":\"ZEIT der Leser\",\"description\":\"Ein Blog mit Ihren Notizen, Gedichten und Bildern f\u00fcr die gedruckte ZEIT\",\"potentialAction\":[{\"@type\":\"SearchAction\",\"target\":{\"@type\":\"EntryPoint\",\"urlTemplate\":\"https:\/\/blog.zeit.de\/zeit-der-leser\/?s={search_term_string}\"},\"query-input\":\"required name=search_term_string\"}],\"inLanguage\":\"de\"},{\"@type\":\"Person\",\"@id\":\"https:\/\/blog.zeit.de\/zeit-der-leser\/#\/schema\/person\/583b14e5ad6368c23af846ecbde9f20f\",\"name\":\"\\\"Zeit der Leser\\\"-Redaktion\",\"image\":{\"@type\":\"ImageObject\",\"inLanguage\":\"de\",\"@id\":\"https:\/\/blog.zeit.de\/zeit-der-leser\/#\/schema\/person\/image\/\",\"url\":\"https:\/\/secure.gravatar.com\/avatar\/e801a681bd3bbf2345131a815930b48d9f8e0a94de1346b624840dc850f67ad0?s=96&d=mm&r=g\",\"contentUrl\":\"https:\/\/secure.gravatar.com\/avatar\/e801a681bd3bbf2345131a815930b48d9f8e0a94de1346b624840dc850f67ad0?s=96&d=mm&r=g\",\"caption\":\"\\\"Zeit der Leser\\\"-Redaktion\"},\"url\":\"https:\/\/blog.zeit.de\/zeit-der-leser\/author\/zeit-der-leser-redaktion\/\"}]}<\/script>\n<!-- \/ Yoast SEO plugin. -->","yoast_head_json":{"title":"Zeitsprung - ZEIT der Leser","robots":{"index":"index","follow":"follow","max-snippet":"max-snippet:-1","max-image-preview":"max-image-preview:large","max-video-preview":"max-video-preview:-1"},"canonical":"https:\/\/blog.zeit.de\/zeit-der-leser\/2012\/04\/13\/zeitsprung-55\/","og_locale":"de_DE","og_type":"article","og_title":"Zeitsprung - ZEIT der Leser","og_description":"Unser Vater ist jetzt 60 Jahre alt. Auf dem Schwarz-Wei\u00df-Foto sieht man ihn als den Kleinsten mit seinen beiden \u00e4lteren Br\u00fcdern, seiner Cousine sowie dem Hund des Vermieters in Bierbergen 1954. Das Bild steht f\u00fcr vieles: Geschwister, die zusammenhalten, Tierliebe, aber auch f\u00fcr eine Fl\u00fcchtlingsfamilie, die langsam wieder auf die Beine kommt. Auf dem anderen [&hellip;]","og_url":"https:\/\/blog.zeit.de\/zeit-der-leser\/2012\/04\/13\/zeitsprung-55\/","og_site_name":"ZEIT der Leser","article_published_time":"2012-04-13T10:00:50+00:00","article_modified_time":"2012-04-11T10:17:32+00:00","og_image":[{"url":"https:\/\/blog.zeit.de\/zeit-der-leser\/files\/2012\/04\/s84-zeitsprung-11.jpg"}],"author":"\"Zeit der Leser\"-Redaktion","twitter_card":"summary_large_image","twitter_misc":{"Geschrieben von":"\"Zeit der Leser\"-Redaktion","Gesch\u00e4tzte Lesezeit":"1\u00a0Minute"},"schema":{"@context":"https:\/\/schema.org","@graph":[{"@type":"WebPage","@id":"https:\/\/blog.zeit.de\/zeit-der-leser\/2012\/04\/13\/zeitsprung-55\/","url":"https:\/\/blog.zeit.de\/zeit-der-leser\/2012\/04\/13\/zeitsprung-55\/","name":"Zeitsprung - ZEIT der Leser","isPartOf":{"@id":"https:\/\/blog.zeit.de\/zeit-der-leser\/#website"},"datePublished":"2012-04-13T10:00:50+00:00","dateModified":"2012-04-11T10:17:32+00:00","author":{"@id":"https:\/\/blog.zeit.de\/zeit-der-leser\/#\/schema\/person\/583b14e5ad6368c23af846ecbde9f20f"},"breadcrumb":{"@id":"https:\/\/blog.zeit.de\/zeit-der-leser\/2012\/04\/13\/zeitsprung-55\/#breadcrumb"},"inLanguage":"de","potentialAction":[{"@type":"ReadAction","target":["https:\/\/blog.zeit.de\/zeit-der-leser\/2012\/04\/13\/zeitsprung-55\/"]}]},{"@type":"BreadcrumbList","@id":"https:\/\/blog.zeit.de\/zeit-der-leser\/2012\/04\/13\/zeitsprung-55\/#breadcrumb","itemListElement":[{"@type":"ListItem","position":1,"name":"Startseite","item":"https:\/\/blog.zeit.de\/zeit-der-leser\/"},{"@type":"ListItem","position":2,"name":"Zeitsprung"}]},{"@type":"WebSite","@id":"https:\/\/blog.zeit.de\/zeit-der-leser\/#website","url":"https:\/\/blog.zeit.de\/zeit-der-leser\/","name":"ZEIT der Leser","description":"Ein Blog mit Ihren Notizen, Gedichten und Bildern f\u00fcr die gedruckte ZEIT","potentialAction":[{"@type":"SearchAction","target":{"@type":"EntryPoint","urlTemplate":"https:\/\/blog.zeit.de\/zeit-der-leser\/?s={search_term_string}"},"query-input":"required name=search_term_string"}],"inLanguage":"de"},{"@type":"Person","@id":"https:\/\/blog.zeit.de\/zeit-der-leser\/#\/schema\/person\/583b14e5ad6368c23af846ecbde9f20f","name":"\"Zeit der Leser\"-Redaktion","image":{"@type":"ImageObject","inLanguage":"de","@id":"https:\/\/blog.zeit.de\/zeit-der-leser\/#\/schema\/person\/image\/","url":"https:\/\/secure.gravatar.com\/avatar\/e801a681bd3bbf2345131a815930b48d9f8e0a94de1346b624840dc850f67ad0?s=96&d=mm&r=g","contentUrl":"https:\/\/secure.gravatar.com\/avatar\/e801a681bd3bbf2345131a815930b48d9f8e0a94de1346b624840dc850f67ad0?s=96&d=mm&r=g","caption":"\"Zeit der Leser\"-Redaktion"},"url":"https:\/\/blog.zeit.de\/zeit-der-leser\/author\/zeit-der-leser-redaktion\/"}]}},"jetpack_featured_media_url":"","jetpack_sharing_enabled":true,"_links":{"self":[{"href":"https:\/\/blog.zeit.de\/zeit-der-leser\/wp-json\/wp\/v2\/posts\/9256","targetHints":{"allow":["GET"]}}],"collection":[{"href":"https:\/\/blog.zeit.de\/zeit-der-leser\/wp-json\/wp\/v2\/posts"}],"about":[{"href":"https:\/\/blog.zeit.de\/zeit-der-leser\/wp-json\/wp\/v2\/types\/post"}],"author":[{"embeddable":true,"href":"https:\/\/blog.zeit.de\/zeit-der-leser\/wp-json\/wp\/v2\/users\/265"}],"replies":[{"embeddable":true,"href":"https:\/\/blog.zeit.de\/zeit-der-leser\/wp-json\/wp\/v2\/comments?post=9256"}],"version-history":[{"count":8,"href":"https:\/\/blog.zeit.de\/zeit-der-leser\/wp-json\/wp\/v2\/posts\/9256\/revisions"}],"predecessor-version":[{"id":9331,"href":"https:\/\/blog.zeit.de\/zeit-der-leser\/wp-json\/wp\/v2\/posts\/9256\/revisions\/9331"}],"wp:attachment":[{"href":"https:\/\/blog.zeit.de\/zeit-der-leser\/wp-json\/wp\/v2\/media?parent=9256"}],"wp:term":[{"taxonomy":"category","embeddable":true,"href":"https:\/\/blog.zeit.de\/zeit-der-leser\/wp-json\/wp\/v2\/categories?post=9256"},{"taxonomy":"post_tag","embeddable":true,"href":"https:\/\/blog.zeit.de\/zeit-der-leser\/wp-json\/wp\/v2\/tags?post=9256"}],"curies":[{"name":"wp","href":"https:\/\/api.w.org\/{rel}","templated":true}]}}