{"id":9262,"date":"2012-04-13T19:00:41","date_gmt":"2012-04-13T17:00:41","guid":{"rendered":"http:\/\/blog.zeit.de\/zeit-der-leser\/?p=9262"},"modified":"2012-04-13T17:10:43","modified_gmt":"2012-04-13T15:10:43","slug":"wiedergefunden-die-party-tapete","status":"publish","type":"post","link":"https:\/\/blog.zeit.de\/zeit-der-leser\/2012\/04\/13\/wiedergefunden-die-party-tapete\/","title":{"rendered":"Wiedergefunden: Die Party-Tapete"},"content":{"rendered":"<p><a href=\"https:\/\/blog.zeit.de\/zeit-der-leser\/files\/2012\/04\/s84-wiedergefunden.jpg\"><img loading=\"lazy\" decoding=\"async\" class=\"aligncenter size-full wp-image-9323\" src=\"https:\/\/blog.zeit.de\/zeit-der-leser\/files\/2012\/04\/s84-wiedergefunden.jpg\" alt=\"\" width=\"540\" height=\"397\" srcset=\"https:\/\/blog.zeit.de\/zeit-der-leser\/files\/2012\/04\/s84-wiedergefunden.jpg 540w, https:\/\/blog.zeit.de\/zeit-der-leser\/files\/2012\/04\/s84-wiedergefunden-300x220.jpg 300w\" sizes=\"auto, (max-width: 540px) 100vw, 540px\" \/><\/a><\/p>\n<p>Als wir ein Zimmer in meinem Elternhaus renovierten, kamen die Reste einer Tapete aus den siebziger Jahren zum Vorschein. Das Zimmer hatte damals als Partyraum gedient und war mit einer Bartheke, T\u00fctenlampen, Cocktailsesseln und eben dieser wunderbaren Tapete ausgestattet gewesen. Sie erinnert mich an viele Abende meiner Jugend: Hier habe ich mit Freundinnen zu den Kl\u00e4ngen von Banks of the Ohio meinen Eltern einen Gruppentanz vorgef\u00fchrt, die Freuden des Rumknutschens mit meinem Jugendfreund kennengelernt, einen schrecklichen 16. Geburtstag gefeiert (weil die Geschenke aus Alkoholika bestanden, deren Wirkung mir bis dahin unbekannt war) und im Kreise meiner Fachoberschulklasse dar\u00fcber diskutiert, ob der damals in P\u00e4dagogikb\u00fcchern empfohlene \u00bbLiebesentzug\u00ab wirklich besser sei als Schl\u00e4ge. Leider ist das Motiv nicht mehr vollst\u00e4ndig, aber die Reste h\u00e4ngen nun an der frisch gestrichenen Wand und machen diese Zeit wieder lebendig.<\/p>\n<p><strong>Claudia Wenzel,<\/strong> N\u00fcrnberg<\/p>\n","protected":false},"excerpt":{"rendered":"<p>Als wir ein Zimmer in meinem Elternhaus renovierten, kamen die Reste einer Tapete aus den siebziger Jahren zum Vorschein. Das Zimmer hatte damals als Partyraum gedient und war mit einer Bartheke, T\u00fctenlampen, Cocktailsesseln und eben dieser wunderbaren Tapete ausgestattet gewesen. Sie erinnert mich an viele Abende meiner Jugend: Hier habe ich mit Freundinnen zu den [&hellip;]<\/p>\n","protected":false},"author":265,"featured_media":0,"comment_status":"open","ping_status":"open","sticky":false,"template":"","format":"standard","meta":{"_jetpack_memberships_contains_paid_content":false,"footnotes":""},"categories":[1876],"tags":[],"class_list":["post-9262","post","type-post","status-publish","format-standard","hentry","category-wiedergefunden"],"yoast_head":"<!-- This site is optimized with the Yoast SEO plugin v21.0 - https:\/\/yoast.com\/wordpress\/plugins\/seo\/ -->\n<title>Wiedergefunden: Die Party-Tapete - ZEIT der Leser<\/title>\n<meta name=\"robots\" content=\"index, follow, max-snippet:-1, max-image-preview:large, max-video-preview:-1\" \/>\n<link rel=\"canonical\" href=\"https:\/\/blog.zeit.de\/zeit-der-leser\/2012\/04\/13\/wiedergefunden-die-party-tapete\/\" \/>\n<meta property=\"og:locale\" content=\"de_DE\" \/>\n<meta property=\"og:type\" content=\"article\" \/>\n<meta property=\"og:title\" content=\"Wiedergefunden: Die Party-Tapete - ZEIT der Leser\" \/>\n<meta property=\"og:description\" content=\"Als wir ein Zimmer in meinem Elternhaus renovierten, kamen die Reste einer Tapete aus den siebziger Jahren zum Vorschein. Das Zimmer hatte damals als Partyraum gedient und war mit einer Bartheke, T\u00fctenlampen, Cocktailsesseln und eben dieser wunderbaren Tapete ausgestattet gewesen. Sie erinnert mich an viele Abende meiner Jugend: Hier habe ich mit Freundinnen zu den [&hellip;]\" \/>\n<meta property=\"og:url\" content=\"https:\/\/blog.zeit.de\/zeit-der-leser\/2012\/04\/13\/wiedergefunden-die-party-tapete\/\" \/>\n<meta property=\"og:site_name\" content=\"ZEIT der Leser\" \/>\n<meta property=\"article:published_time\" content=\"2012-04-13T17:00:41+00:00\" \/>\n<meta property=\"article:modified_time\" content=\"2012-04-13T15:10:43+00:00\" \/>\n<meta property=\"og:image\" content=\"https:\/\/blog.zeit.de\/zeit-der-leser\/files\/2012\/04\/s84-wiedergefunden.jpg\" \/>\n<meta name=\"author\" content=\"&quot;Zeit der Leser&quot;-Redaktion\" \/>\n<meta name=\"twitter:card\" content=\"summary_large_image\" \/>\n<meta name=\"twitter:label1\" content=\"Geschrieben von\" \/>\n\t<meta name=\"twitter:data1\" content=\"\"Zeit der Leser\"-Redaktion\" \/>\n\t<meta name=\"twitter:label2\" content=\"Gesch\u00e4tzte Lesezeit\" \/>\n\t<meta name=\"twitter:data2\" content=\"1\u00a0Minute\" \/>\n<script type=\"application\/ld+json\" class=\"yoast-schema-graph\">{\"@context\":\"https:\/\/schema.org\",\"@graph\":[{\"@type\":\"WebPage\",\"@id\":\"https:\/\/blog.zeit.de\/zeit-der-leser\/2012\/04\/13\/wiedergefunden-die-party-tapete\/\",\"url\":\"https:\/\/blog.zeit.de\/zeit-der-leser\/2012\/04\/13\/wiedergefunden-die-party-tapete\/\",\"name\":\"Wiedergefunden: Die Party-Tapete - ZEIT der Leser\",\"isPartOf\":{\"@id\":\"https:\/\/blog.zeit.de\/zeit-der-leser\/#website\"},\"datePublished\":\"2012-04-13T17:00:41+00:00\",\"dateModified\":\"2012-04-13T15:10:43+00:00\",\"author\":{\"@id\":\"https:\/\/blog.zeit.de\/zeit-der-leser\/#\/schema\/person\/583b14e5ad6368c23af846ecbde9f20f\"},\"breadcrumb\":{\"@id\":\"https:\/\/blog.zeit.de\/zeit-der-leser\/2012\/04\/13\/wiedergefunden-die-party-tapete\/#breadcrumb\"},\"inLanguage\":\"de\",\"potentialAction\":[{\"@type\":\"ReadAction\",\"target\":[\"https:\/\/blog.zeit.de\/zeit-der-leser\/2012\/04\/13\/wiedergefunden-die-party-tapete\/\"]}]},{\"@type\":\"BreadcrumbList\",\"@id\":\"https:\/\/blog.zeit.de\/zeit-der-leser\/2012\/04\/13\/wiedergefunden-die-party-tapete\/#breadcrumb\",\"itemListElement\":[{\"@type\":\"ListItem\",\"position\":1,\"name\":\"Startseite\",\"item\":\"https:\/\/blog.zeit.de\/zeit-der-leser\/\"},{\"@type\":\"ListItem\",\"position\":2,\"name\":\"Wiedergefunden: Die Party-Tapete\"}]},{\"@type\":\"WebSite\",\"@id\":\"https:\/\/blog.zeit.de\/zeit-der-leser\/#website\",\"url\":\"https:\/\/blog.zeit.de\/zeit-der-leser\/\",\"name\":\"ZEIT der Leser\",\"description\":\"Ein Blog mit Ihren Notizen, Gedichten und Bildern f\u00fcr die gedruckte ZEIT\",\"potentialAction\":[{\"@type\":\"SearchAction\",\"target\":{\"@type\":\"EntryPoint\",\"urlTemplate\":\"https:\/\/blog.zeit.de\/zeit-der-leser\/?s={search_term_string}\"},\"query-input\":\"required name=search_term_string\"}],\"inLanguage\":\"de\"},{\"@type\":\"Person\",\"@id\":\"https:\/\/blog.zeit.de\/zeit-der-leser\/#\/schema\/person\/583b14e5ad6368c23af846ecbde9f20f\",\"name\":\"\\\"Zeit der Leser\\\"-Redaktion\",\"image\":{\"@type\":\"ImageObject\",\"inLanguage\":\"de\",\"@id\":\"https:\/\/blog.zeit.de\/zeit-der-leser\/#\/schema\/person\/image\/\",\"url\":\"https:\/\/secure.gravatar.com\/avatar\/e801a681bd3bbf2345131a815930b48d9f8e0a94de1346b624840dc850f67ad0?s=96&d=mm&r=g\",\"contentUrl\":\"https:\/\/secure.gravatar.com\/avatar\/e801a681bd3bbf2345131a815930b48d9f8e0a94de1346b624840dc850f67ad0?s=96&d=mm&r=g\",\"caption\":\"\\\"Zeit der Leser\\\"-Redaktion\"},\"url\":\"https:\/\/blog.zeit.de\/zeit-der-leser\/author\/zeit-der-leser-redaktion\/\"}]}<\/script>\n<!-- \/ Yoast SEO plugin. -->","yoast_head_json":{"title":"Wiedergefunden: Die Party-Tapete - ZEIT der Leser","robots":{"index":"index","follow":"follow","max-snippet":"max-snippet:-1","max-image-preview":"max-image-preview:large","max-video-preview":"max-video-preview:-1"},"canonical":"https:\/\/blog.zeit.de\/zeit-der-leser\/2012\/04\/13\/wiedergefunden-die-party-tapete\/","og_locale":"de_DE","og_type":"article","og_title":"Wiedergefunden: Die Party-Tapete - ZEIT der Leser","og_description":"Als wir ein Zimmer in meinem Elternhaus renovierten, kamen die Reste einer Tapete aus den siebziger Jahren zum Vorschein. Das Zimmer hatte damals als Partyraum gedient und war mit einer Bartheke, T\u00fctenlampen, Cocktailsesseln und eben dieser wunderbaren Tapete ausgestattet gewesen. Sie erinnert mich an viele Abende meiner Jugend: Hier habe ich mit Freundinnen zu den [&hellip;]","og_url":"https:\/\/blog.zeit.de\/zeit-der-leser\/2012\/04\/13\/wiedergefunden-die-party-tapete\/","og_site_name":"ZEIT der Leser","article_published_time":"2012-04-13T17:00:41+00:00","article_modified_time":"2012-04-13T15:10:43+00:00","og_image":[{"url":"https:\/\/blog.zeit.de\/zeit-der-leser\/files\/2012\/04\/s84-wiedergefunden.jpg"}],"author":"\"Zeit der Leser\"-Redaktion","twitter_card":"summary_large_image","twitter_misc":{"Geschrieben von":"\"Zeit der Leser\"-Redaktion","Gesch\u00e4tzte Lesezeit":"1\u00a0Minute"},"schema":{"@context":"https:\/\/schema.org","@graph":[{"@type":"WebPage","@id":"https:\/\/blog.zeit.de\/zeit-der-leser\/2012\/04\/13\/wiedergefunden-die-party-tapete\/","url":"https:\/\/blog.zeit.de\/zeit-der-leser\/2012\/04\/13\/wiedergefunden-die-party-tapete\/","name":"Wiedergefunden: Die Party-Tapete - ZEIT der Leser","isPartOf":{"@id":"https:\/\/blog.zeit.de\/zeit-der-leser\/#website"},"datePublished":"2012-04-13T17:00:41+00:00","dateModified":"2012-04-13T15:10:43+00:00","author":{"@id":"https:\/\/blog.zeit.de\/zeit-der-leser\/#\/schema\/person\/583b14e5ad6368c23af846ecbde9f20f"},"breadcrumb":{"@id":"https:\/\/blog.zeit.de\/zeit-der-leser\/2012\/04\/13\/wiedergefunden-die-party-tapete\/#breadcrumb"},"inLanguage":"de","potentialAction":[{"@type":"ReadAction","target":["https:\/\/blog.zeit.de\/zeit-der-leser\/2012\/04\/13\/wiedergefunden-die-party-tapete\/"]}]},{"@type":"BreadcrumbList","@id":"https:\/\/blog.zeit.de\/zeit-der-leser\/2012\/04\/13\/wiedergefunden-die-party-tapete\/#breadcrumb","itemListElement":[{"@type":"ListItem","position":1,"name":"Startseite","item":"https:\/\/blog.zeit.de\/zeit-der-leser\/"},{"@type":"ListItem","position":2,"name":"Wiedergefunden: Die Party-Tapete"}]},{"@type":"WebSite","@id":"https:\/\/blog.zeit.de\/zeit-der-leser\/#website","url":"https:\/\/blog.zeit.de\/zeit-der-leser\/","name":"ZEIT der Leser","description":"Ein Blog mit Ihren Notizen, Gedichten und Bildern f\u00fcr die gedruckte ZEIT","potentialAction":[{"@type":"SearchAction","target":{"@type":"EntryPoint","urlTemplate":"https:\/\/blog.zeit.de\/zeit-der-leser\/?s={search_term_string}"},"query-input":"required name=search_term_string"}],"inLanguage":"de"},{"@type":"Person","@id":"https:\/\/blog.zeit.de\/zeit-der-leser\/#\/schema\/person\/583b14e5ad6368c23af846ecbde9f20f","name":"\"Zeit der Leser\"-Redaktion","image":{"@type":"ImageObject","inLanguage":"de","@id":"https:\/\/blog.zeit.de\/zeit-der-leser\/#\/schema\/person\/image\/","url":"https:\/\/secure.gravatar.com\/avatar\/e801a681bd3bbf2345131a815930b48d9f8e0a94de1346b624840dc850f67ad0?s=96&d=mm&r=g","contentUrl":"https:\/\/secure.gravatar.com\/avatar\/e801a681bd3bbf2345131a815930b48d9f8e0a94de1346b624840dc850f67ad0?s=96&d=mm&r=g","caption":"\"Zeit der Leser\"-Redaktion"},"url":"https:\/\/blog.zeit.de\/zeit-der-leser\/author\/zeit-der-leser-redaktion\/"}]}},"jetpack_featured_media_url":"","jetpack_sharing_enabled":true,"_links":{"self":[{"href":"https:\/\/blog.zeit.de\/zeit-der-leser\/wp-json\/wp\/v2\/posts\/9262","targetHints":{"allow":["GET"]}}],"collection":[{"href":"https:\/\/blog.zeit.de\/zeit-der-leser\/wp-json\/wp\/v2\/posts"}],"about":[{"href":"https:\/\/blog.zeit.de\/zeit-der-leser\/wp-json\/wp\/v2\/types\/post"}],"author":[{"embeddable":true,"href":"https:\/\/blog.zeit.de\/zeit-der-leser\/wp-json\/wp\/v2\/users\/265"}],"replies":[{"embeddable":true,"href":"https:\/\/blog.zeit.de\/zeit-der-leser\/wp-json\/wp\/v2\/comments?post=9262"}],"version-history":[{"count":5,"href":"https:\/\/blog.zeit.de\/zeit-der-leser\/wp-json\/wp\/v2\/posts\/9262\/revisions"}],"predecessor-version":[{"id":9324,"href":"https:\/\/blog.zeit.de\/zeit-der-leser\/wp-json\/wp\/v2\/posts\/9262\/revisions\/9324"}],"wp:attachment":[{"href":"https:\/\/blog.zeit.de\/zeit-der-leser\/wp-json\/wp\/v2\/media?parent=9262"}],"wp:term":[{"taxonomy":"category","embeddable":true,"href":"https:\/\/blog.zeit.de\/zeit-der-leser\/wp-json\/wp\/v2\/categories?post=9262"},{"taxonomy":"post_tag","embeddable":true,"href":"https:\/\/blog.zeit.de\/zeit-der-leser\/wp-json\/wp\/v2\/tags?post=9262"}],"curies":[{"name":"wp","href":"https:\/\/api.w.org\/{rel}","templated":true}]}}