{"id":9265,"date":"2012-04-14T12:00:24","date_gmt":"2012-04-14T10:00:24","guid":{"rendered":"http:\/\/blog.zeit.de\/zeit-der-leser\/?p=9265"},"modified":"2012-04-10T10:24:15","modified_gmt":"2012-04-10T08:24:15","slug":"der-meistertraum","status":"publish","type":"post","link":"https:\/\/blog.zeit.de\/zeit-der-leser\/2012\/04\/14\/der-meistertraum\/","title":{"rendered":"Der Meistertraum"},"content":{"rendered":"<p><em>(Nach Wilhelm M\u00fcller, \u00bbDer Lindenbaum\u00ab)<\/em><\/p>\n<p>In Bayern vor dem Tore,<br \/>\nDa steht ein Neuer jetzt,<br \/>\nUnd der soll es verhindern,<br \/>\nDass B\u00e4lle eingenetzt.<\/p>\n<p>Und trifft mal ein Borusse,<br \/>\nGladbach und BVB,<br \/>\nMit einem Sonntagsschusse,<br \/>\nTut Bayerns Fans das weh.<\/p>\n<p>Bayern mit Uli H\u00f6ne\u00df<br \/>\nWill ewig Meister sein.<br \/>\nF\u00fcr ihn w\u00e4r das was Sch\u00f6nes,<br \/>\nDoch andere sagen: \u00bbNein!\u00ab<\/p>\n<p>In Schalke oder Dortmund<br \/>\nSind auch die Trainer hei\u00df,<br \/>\nDer Ball ist \u00fcberall rund,<br \/>\nwie jeder Profi wei\u00df.<\/p>\n<p>Es gibt auch Amateure<br \/>\nIn unserer Fu\u00dfball-Welt,<br \/>\nDa geht\u2019s nur um die Ehre<br \/>\nUnd nicht um sehr viel Geld.<\/p>\n<p>Ein Fu\u00dfballer will siegen,<br \/>\nVerlieren f\u00e4llt stets schwer,<br \/>\nIn Kreis- und Championsligen.<br \/>\nHauptsache, es bleibt fair!<\/p>\n<p><strong>Hanno Manhenke,<\/strong> Minden<\/p>\n","protected":false},"excerpt":{"rendered":"<p>(Nach Wilhelm M\u00fcller, \u00bbDer Lindenbaum\u00ab) In Bayern vor dem Tore, Da steht ein Neuer jetzt, Und der soll es verhindern, Dass B\u00e4lle eingenetzt. Und trifft mal ein Borusse, Gladbach und BVB, Mit einem Sonntagsschusse, Tut Bayerns Fans das weh. Bayern mit Uli H\u00f6ne\u00df Will ewig Meister sein. F\u00fcr ihn w\u00e4r das was Sch\u00f6nes, Doch andere [&hellip;]<\/p>\n","protected":false},"author":265,"featured_media":0,"comment_status":"open","ping_status":"open","sticky":false,"template":"","format":"standard","meta":{"_jetpack_memberships_contains_paid_content":false,"footnotes":""},"categories":[5682],"tags":[],"class_list":["post-9265","post","type-post","status-publish","format-standard","hentry","category-ein-gedicht-klassische-lyrik"],"yoast_head":"<!-- This site is optimized with the Yoast SEO plugin v21.0 - https:\/\/yoast.com\/wordpress\/plugins\/seo\/ -->\n<title>Der Meistertraum - ZEIT der Leser<\/title>\n<meta name=\"robots\" content=\"index, follow, max-snippet:-1, max-image-preview:large, max-video-preview:-1\" \/>\n<link rel=\"canonical\" href=\"https:\/\/blog.zeit.de\/zeit-der-leser\/2012\/04\/14\/der-meistertraum\/\" \/>\n<meta property=\"og:locale\" content=\"de_DE\" \/>\n<meta property=\"og:type\" content=\"article\" \/>\n<meta property=\"og:title\" content=\"Der Meistertraum - ZEIT der Leser\" \/>\n<meta property=\"og:description\" content=\"(Nach Wilhelm M\u00fcller, \u00bbDer Lindenbaum\u00ab) In Bayern vor dem Tore, Da steht ein Neuer jetzt, Und der soll es verhindern, Dass B\u00e4lle eingenetzt. Und trifft mal ein Borusse, Gladbach und BVB, Mit einem Sonntagsschusse, Tut Bayerns Fans das weh. Bayern mit Uli H\u00f6ne\u00df Will ewig Meister sein. F\u00fcr ihn w\u00e4r das was Sch\u00f6nes, Doch andere [&hellip;]\" \/>\n<meta property=\"og:url\" content=\"https:\/\/blog.zeit.de\/zeit-der-leser\/2012\/04\/14\/der-meistertraum\/\" \/>\n<meta property=\"og:site_name\" content=\"ZEIT der Leser\" \/>\n<meta property=\"article:published_time\" content=\"2012-04-14T10:00:24+00:00\" \/>\n<meta property=\"article:modified_time\" content=\"2012-04-10T08:24:15+00:00\" \/>\n<meta name=\"author\" content=\"&quot;Zeit der Leser&quot;-Redaktion\" \/>\n<meta name=\"twitter:card\" content=\"summary_large_image\" \/>\n<meta name=\"twitter:label1\" content=\"Geschrieben von\" \/>\n\t<meta name=\"twitter:data1\" content=\"\"Zeit der Leser\"-Redaktion\" \/>\n\t<meta name=\"twitter:label2\" content=\"Gesch\u00e4tzte Lesezeit\" \/>\n\t<meta name=\"twitter:data2\" content=\"1\u00a0Minute\" \/>\n<script type=\"application\/ld+json\" class=\"yoast-schema-graph\">{\"@context\":\"https:\/\/schema.org\",\"@graph\":[{\"@type\":\"WebPage\",\"@id\":\"https:\/\/blog.zeit.de\/zeit-der-leser\/2012\/04\/14\/der-meistertraum\/\",\"url\":\"https:\/\/blog.zeit.de\/zeit-der-leser\/2012\/04\/14\/der-meistertraum\/\",\"name\":\"Der Meistertraum - ZEIT der Leser\",\"isPartOf\":{\"@id\":\"https:\/\/blog.zeit.de\/zeit-der-leser\/#website\"},\"datePublished\":\"2012-04-14T10:00:24+00:00\",\"dateModified\":\"2012-04-10T08:24:15+00:00\",\"author\":{\"@id\":\"https:\/\/blog.zeit.de\/zeit-der-leser\/#\/schema\/person\/583b14e5ad6368c23af846ecbde9f20f\"},\"breadcrumb\":{\"@id\":\"https:\/\/blog.zeit.de\/zeit-der-leser\/2012\/04\/14\/der-meistertraum\/#breadcrumb\"},\"inLanguage\":\"de\",\"potentialAction\":[{\"@type\":\"ReadAction\",\"target\":[\"https:\/\/blog.zeit.de\/zeit-der-leser\/2012\/04\/14\/der-meistertraum\/\"]}]},{\"@type\":\"BreadcrumbList\",\"@id\":\"https:\/\/blog.zeit.de\/zeit-der-leser\/2012\/04\/14\/der-meistertraum\/#breadcrumb\",\"itemListElement\":[{\"@type\":\"ListItem\",\"position\":1,\"name\":\"Startseite\",\"item\":\"https:\/\/blog.zeit.de\/zeit-der-leser\/\"},{\"@type\":\"ListItem\",\"position\":2,\"name\":\"Der Meistertraum\"}]},{\"@type\":\"WebSite\",\"@id\":\"https:\/\/blog.zeit.de\/zeit-der-leser\/#website\",\"url\":\"https:\/\/blog.zeit.de\/zeit-der-leser\/\",\"name\":\"ZEIT der Leser\",\"description\":\"Ein Blog mit Ihren Notizen, Gedichten und Bildern f\u00fcr die gedruckte ZEIT\",\"potentialAction\":[{\"@type\":\"SearchAction\",\"target\":{\"@type\":\"EntryPoint\",\"urlTemplate\":\"https:\/\/blog.zeit.de\/zeit-der-leser\/?s={search_term_string}\"},\"query-input\":\"required name=search_term_string\"}],\"inLanguage\":\"de\"},{\"@type\":\"Person\",\"@id\":\"https:\/\/blog.zeit.de\/zeit-der-leser\/#\/schema\/person\/583b14e5ad6368c23af846ecbde9f20f\",\"name\":\"\\\"Zeit der Leser\\\"-Redaktion\",\"image\":{\"@type\":\"ImageObject\",\"inLanguage\":\"de\",\"@id\":\"https:\/\/blog.zeit.de\/zeit-der-leser\/#\/schema\/person\/image\/\",\"url\":\"https:\/\/secure.gravatar.com\/avatar\/e801a681bd3bbf2345131a815930b48d9f8e0a94de1346b624840dc850f67ad0?s=96&d=mm&r=g\",\"contentUrl\":\"https:\/\/secure.gravatar.com\/avatar\/e801a681bd3bbf2345131a815930b48d9f8e0a94de1346b624840dc850f67ad0?s=96&d=mm&r=g\",\"caption\":\"\\\"Zeit der Leser\\\"-Redaktion\"},\"url\":\"https:\/\/blog.zeit.de\/zeit-der-leser\/author\/zeit-der-leser-redaktion\/\"}]}<\/script>\n<!-- \/ Yoast SEO plugin. -->","yoast_head_json":{"title":"Der Meistertraum - ZEIT der Leser","robots":{"index":"index","follow":"follow","max-snippet":"max-snippet:-1","max-image-preview":"max-image-preview:large","max-video-preview":"max-video-preview:-1"},"canonical":"https:\/\/blog.zeit.de\/zeit-der-leser\/2012\/04\/14\/der-meistertraum\/","og_locale":"de_DE","og_type":"article","og_title":"Der Meistertraum - ZEIT der Leser","og_description":"(Nach Wilhelm M\u00fcller, \u00bbDer Lindenbaum\u00ab) In Bayern vor dem Tore, Da steht ein Neuer jetzt, Und der soll es verhindern, Dass B\u00e4lle eingenetzt. Und trifft mal ein Borusse, Gladbach und BVB, Mit einem Sonntagsschusse, Tut Bayerns Fans das weh. Bayern mit Uli H\u00f6ne\u00df Will ewig Meister sein. F\u00fcr ihn w\u00e4r das was Sch\u00f6nes, Doch andere [&hellip;]","og_url":"https:\/\/blog.zeit.de\/zeit-der-leser\/2012\/04\/14\/der-meistertraum\/","og_site_name":"ZEIT der Leser","article_published_time":"2012-04-14T10:00:24+00:00","article_modified_time":"2012-04-10T08:24:15+00:00","author":"\"Zeit der Leser\"-Redaktion","twitter_card":"summary_large_image","twitter_misc":{"Geschrieben von":"\"Zeit der Leser\"-Redaktion","Gesch\u00e4tzte Lesezeit":"1\u00a0Minute"},"schema":{"@context":"https:\/\/schema.org","@graph":[{"@type":"WebPage","@id":"https:\/\/blog.zeit.de\/zeit-der-leser\/2012\/04\/14\/der-meistertraum\/","url":"https:\/\/blog.zeit.de\/zeit-der-leser\/2012\/04\/14\/der-meistertraum\/","name":"Der Meistertraum - ZEIT der Leser","isPartOf":{"@id":"https:\/\/blog.zeit.de\/zeit-der-leser\/#website"},"datePublished":"2012-04-14T10:00:24+00:00","dateModified":"2012-04-10T08:24:15+00:00","author":{"@id":"https:\/\/blog.zeit.de\/zeit-der-leser\/#\/schema\/person\/583b14e5ad6368c23af846ecbde9f20f"},"breadcrumb":{"@id":"https:\/\/blog.zeit.de\/zeit-der-leser\/2012\/04\/14\/der-meistertraum\/#breadcrumb"},"inLanguage":"de","potentialAction":[{"@type":"ReadAction","target":["https:\/\/blog.zeit.de\/zeit-der-leser\/2012\/04\/14\/der-meistertraum\/"]}]},{"@type":"BreadcrumbList","@id":"https:\/\/blog.zeit.de\/zeit-der-leser\/2012\/04\/14\/der-meistertraum\/#breadcrumb","itemListElement":[{"@type":"ListItem","position":1,"name":"Startseite","item":"https:\/\/blog.zeit.de\/zeit-der-leser\/"},{"@type":"ListItem","position":2,"name":"Der Meistertraum"}]},{"@type":"WebSite","@id":"https:\/\/blog.zeit.de\/zeit-der-leser\/#website","url":"https:\/\/blog.zeit.de\/zeit-der-leser\/","name":"ZEIT der Leser","description":"Ein Blog mit Ihren Notizen, Gedichten und Bildern f\u00fcr die gedruckte ZEIT","potentialAction":[{"@type":"SearchAction","target":{"@type":"EntryPoint","urlTemplate":"https:\/\/blog.zeit.de\/zeit-der-leser\/?s={search_term_string}"},"query-input":"required name=search_term_string"}],"inLanguage":"de"},{"@type":"Person","@id":"https:\/\/blog.zeit.de\/zeit-der-leser\/#\/schema\/person\/583b14e5ad6368c23af846ecbde9f20f","name":"\"Zeit der Leser\"-Redaktion","image":{"@type":"ImageObject","inLanguage":"de","@id":"https:\/\/blog.zeit.de\/zeit-der-leser\/#\/schema\/person\/image\/","url":"https:\/\/secure.gravatar.com\/avatar\/e801a681bd3bbf2345131a815930b48d9f8e0a94de1346b624840dc850f67ad0?s=96&d=mm&r=g","contentUrl":"https:\/\/secure.gravatar.com\/avatar\/e801a681bd3bbf2345131a815930b48d9f8e0a94de1346b624840dc850f67ad0?s=96&d=mm&r=g","caption":"\"Zeit der Leser\"-Redaktion"},"url":"https:\/\/blog.zeit.de\/zeit-der-leser\/author\/zeit-der-leser-redaktion\/"}]}},"jetpack_featured_media_url":"","jetpack_sharing_enabled":true,"_links":{"self":[{"href":"https:\/\/blog.zeit.de\/zeit-der-leser\/wp-json\/wp\/v2\/posts\/9265","targetHints":{"allow":["GET"]}}],"collection":[{"href":"https:\/\/blog.zeit.de\/zeit-der-leser\/wp-json\/wp\/v2\/posts"}],"about":[{"href":"https:\/\/blog.zeit.de\/zeit-der-leser\/wp-json\/wp\/v2\/types\/post"}],"author":[{"embeddable":true,"href":"https:\/\/blog.zeit.de\/zeit-der-leser\/wp-json\/wp\/v2\/users\/265"}],"replies":[{"embeddable":true,"href":"https:\/\/blog.zeit.de\/zeit-der-leser\/wp-json\/wp\/v2\/comments?post=9265"}],"version-history":[{"count":2,"href":"https:\/\/blog.zeit.de\/zeit-der-leser\/wp-json\/wp\/v2\/posts\/9265\/revisions"}],"predecessor-version":[{"id":9268,"href":"https:\/\/blog.zeit.de\/zeit-der-leser\/wp-json\/wp\/v2\/posts\/9265\/revisions\/9268"}],"wp:attachment":[{"href":"https:\/\/blog.zeit.de\/zeit-der-leser\/wp-json\/wp\/v2\/media?parent=9265"}],"wp:term":[{"taxonomy":"category","embeddable":true,"href":"https:\/\/blog.zeit.de\/zeit-der-leser\/wp-json\/wp\/v2\/categories?post=9265"},{"taxonomy":"post_tag","embeddable":true,"href":"https:\/\/blog.zeit.de\/zeit-der-leser\/wp-json\/wp\/v2\/tags?post=9265"}],"curies":[{"name":"wp","href":"https:\/\/api.w.org\/{rel}","templated":true}]}}