{"id":9383,"date":"2012-04-25T12:00:25","date_gmt":"2012-04-25T10:00:25","guid":{"rendered":"http:\/\/blog.zeit.de\/zeit-der-leser\/?p=9383"},"modified":"2015-02-23T14:37:51","modified_gmt":"2015-02-23T13:37:51","slug":"mein-wort-schatz-handschuhfach-kotfluegel-brieftasche","status":"publish","type":"post","link":"https:\/\/blog.zeit.de\/zeit-der-leser\/2012\/04\/25\/mein-wort-schatz-handschuhfach-kotfluegel-brieftasche\/","title":{"rendered":"Handschuhfach, Kotfl\u00fcgel, Brieftasche: Mein Wort-Schatz"},"content":{"rendered":"<p>Mich faszinieren W\u00f6rter, die sich von ihrem urspr\u00fcnglichen Sinngehalt l\u00e4ngst entfernt haben und trotzdem noch zu unserer t\u00e4gli\u00adchen Umgangssprache geh\u00f6ren. <strong>Handschuhfach<\/strong> etwa: Alles M\u00f6g\u00adliche wird heutzutage in diesem Fach aufbewahrt, aber kaum noch Handschuhe. <strong>Kotfl\u00fcgel<\/strong> ist auch ein solcher Begriff, entstanden zu einer Zeit, als man sich im Stra\u00dfenverkehr der Kutschen bediente und vermeiden wollte, dass Stra\u00dfenschmutz oder Pferdekot in den Innenraum des Fahrzeugs ge\u00adschleudert werde. Oder die <strong>Brieftasche<\/strong>: Wer f\u00fchrt in dieser \u00bbTa\u00adsche\u00ab noch Briefe mit sich?<\/p>\n<p><strong>Helmut Dieth,<\/strong> Nieder\u00ad-Olm<\/p>\n","protected":false},"excerpt":{"rendered":"<p>Mich faszinieren W\u00f6rter, die sich von ihrem urspr\u00fcnglichen Sinngehalt l\u00e4ngst entfernt haben und trotzdem noch zu unserer t\u00e4gli\u00adchen Umgangssprache geh\u00f6ren. Handschuhfach etwa: Alles M\u00f6g\u00adliche wird heutzutage in diesem Fach aufbewahrt, aber kaum noch Handschuhe. Kotfl\u00fcgel ist auch ein solcher Begriff, entstanden zu einer Zeit, als man sich im Stra\u00dfenverkehr der Kutschen bediente und vermeiden wollte, [&hellip;]<\/p>\n","protected":false},"author":265,"featured_media":0,"comment_status":"open","ping_status":"open","sticky":false,"template":"","format":"standard","meta":{"_jetpack_memberships_contains_paid_content":false,"footnotes":""},"categories":[5687],"tags":[],"class_list":["post-9383","post","type-post","status-publish","format-standard","hentry","category-mein-wort-schatz"],"yoast_head":"<!-- This site is optimized with the Yoast SEO plugin v21.0 - https:\/\/yoast.com\/wordpress\/plugins\/seo\/ -->\n<title>Handschuhfach, Kotfl\u00fcgel, Brieftasche: Mein Wort-Schatz - ZEIT der Leser<\/title>\n<meta name=\"robots\" content=\"index, follow, max-snippet:-1, max-image-preview:large, max-video-preview:-1\" \/>\n<link rel=\"canonical\" href=\"https:\/\/blog.zeit.de\/zeit-der-leser\/2012\/04\/25\/mein-wort-schatz-handschuhfach-kotfluegel-brieftasche\/\" \/>\n<meta property=\"og:locale\" content=\"de_DE\" \/>\n<meta property=\"og:type\" content=\"article\" \/>\n<meta property=\"og:title\" content=\"Handschuhfach, Kotfl\u00fcgel, Brieftasche: Mein Wort-Schatz - ZEIT der Leser\" \/>\n<meta property=\"og:description\" content=\"Mich faszinieren W\u00f6rter, die sich von ihrem urspr\u00fcnglichen Sinngehalt l\u00e4ngst entfernt haben und trotzdem noch zu unserer t\u00e4gli\u00adchen Umgangssprache geh\u00f6ren. Handschuhfach etwa: Alles M\u00f6g\u00adliche wird heutzutage in diesem Fach aufbewahrt, aber kaum noch Handschuhe. Kotfl\u00fcgel ist auch ein solcher Begriff, entstanden zu einer Zeit, als man sich im Stra\u00dfenverkehr der Kutschen bediente und vermeiden wollte, [&hellip;]\" \/>\n<meta property=\"og:url\" content=\"https:\/\/blog.zeit.de\/zeit-der-leser\/2012\/04\/25\/mein-wort-schatz-handschuhfach-kotfluegel-brieftasche\/\" \/>\n<meta property=\"og:site_name\" content=\"ZEIT der Leser\" \/>\n<meta property=\"article:published_time\" content=\"2012-04-25T10:00:25+00:00\" \/>\n<meta property=\"article:modified_time\" content=\"2015-02-23T13:37:51+00:00\" \/>\n<meta name=\"author\" content=\"&quot;Zeit der Leser&quot;-Redaktion\" \/>\n<meta name=\"twitter:card\" content=\"summary_large_image\" \/>\n<meta name=\"twitter:label1\" content=\"Geschrieben von\" \/>\n\t<meta name=\"twitter:data1\" content=\"\"Zeit der Leser\"-Redaktion\" \/>\n<script type=\"application\/ld+json\" class=\"yoast-schema-graph\">{\"@context\":\"https:\/\/schema.org\",\"@graph\":[{\"@type\":\"WebPage\",\"@id\":\"https:\/\/blog.zeit.de\/zeit-der-leser\/2012\/04\/25\/mein-wort-schatz-handschuhfach-kotfluegel-brieftasche\/\",\"url\":\"https:\/\/blog.zeit.de\/zeit-der-leser\/2012\/04\/25\/mein-wort-schatz-handschuhfach-kotfluegel-brieftasche\/\",\"name\":\"Handschuhfach, Kotfl\u00fcgel, Brieftasche: Mein Wort-Schatz - ZEIT der Leser\",\"isPartOf\":{\"@id\":\"https:\/\/blog.zeit.de\/zeit-der-leser\/#website\"},\"datePublished\":\"2012-04-25T10:00:25+00:00\",\"dateModified\":\"2015-02-23T13:37:51+00:00\",\"author\":{\"@id\":\"https:\/\/blog.zeit.de\/zeit-der-leser\/#\/schema\/person\/583b14e5ad6368c23af846ecbde9f20f\"},\"breadcrumb\":{\"@id\":\"https:\/\/blog.zeit.de\/zeit-der-leser\/2012\/04\/25\/mein-wort-schatz-handschuhfach-kotfluegel-brieftasche\/#breadcrumb\"},\"inLanguage\":\"de\",\"potentialAction\":[{\"@type\":\"ReadAction\",\"target\":[\"https:\/\/blog.zeit.de\/zeit-der-leser\/2012\/04\/25\/mein-wort-schatz-handschuhfach-kotfluegel-brieftasche\/\"]}]},{\"@type\":\"BreadcrumbList\",\"@id\":\"https:\/\/blog.zeit.de\/zeit-der-leser\/2012\/04\/25\/mein-wort-schatz-handschuhfach-kotfluegel-brieftasche\/#breadcrumb\",\"itemListElement\":[{\"@type\":\"ListItem\",\"position\":1,\"name\":\"Startseite\",\"item\":\"https:\/\/blog.zeit.de\/zeit-der-leser\/\"},{\"@type\":\"ListItem\",\"position\":2,\"name\":\"Handschuhfach, Kotfl\u00fcgel, Brieftasche: Mein Wort-Schatz\"}]},{\"@type\":\"WebSite\",\"@id\":\"https:\/\/blog.zeit.de\/zeit-der-leser\/#website\",\"url\":\"https:\/\/blog.zeit.de\/zeit-der-leser\/\",\"name\":\"ZEIT der Leser\",\"description\":\"Ein Blog mit Ihren Notizen, Gedichten und Bildern f\u00fcr die gedruckte ZEIT\",\"potentialAction\":[{\"@type\":\"SearchAction\",\"target\":{\"@type\":\"EntryPoint\",\"urlTemplate\":\"https:\/\/blog.zeit.de\/zeit-der-leser\/?s={search_term_string}\"},\"query-input\":\"required name=search_term_string\"}],\"inLanguage\":\"de\"},{\"@type\":\"Person\",\"@id\":\"https:\/\/blog.zeit.de\/zeit-der-leser\/#\/schema\/person\/583b14e5ad6368c23af846ecbde9f20f\",\"name\":\"\\\"Zeit der Leser\\\"-Redaktion\",\"image\":{\"@type\":\"ImageObject\",\"inLanguage\":\"de\",\"@id\":\"https:\/\/blog.zeit.de\/zeit-der-leser\/#\/schema\/person\/image\/\",\"url\":\"https:\/\/secure.gravatar.com\/avatar\/e801a681bd3bbf2345131a815930b48d9f8e0a94de1346b624840dc850f67ad0?s=96&d=mm&r=g\",\"contentUrl\":\"https:\/\/secure.gravatar.com\/avatar\/e801a681bd3bbf2345131a815930b48d9f8e0a94de1346b624840dc850f67ad0?s=96&d=mm&r=g\",\"caption\":\"\\\"Zeit der Leser\\\"-Redaktion\"},\"url\":\"https:\/\/blog.zeit.de\/zeit-der-leser\/author\/zeit-der-leser-redaktion\/\"}]}<\/script>\n<!-- \/ Yoast SEO plugin. -->","yoast_head_json":{"title":"Handschuhfach, Kotfl\u00fcgel, Brieftasche: Mein Wort-Schatz - ZEIT der Leser","robots":{"index":"index","follow":"follow","max-snippet":"max-snippet:-1","max-image-preview":"max-image-preview:large","max-video-preview":"max-video-preview:-1"},"canonical":"https:\/\/blog.zeit.de\/zeit-der-leser\/2012\/04\/25\/mein-wort-schatz-handschuhfach-kotfluegel-brieftasche\/","og_locale":"de_DE","og_type":"article","og_title":"Handschuhfach, Kotfl\u00fcgel, Brieftasche: Mein Wort-Schatz - ZEIT der Leser","og_description":"Mich faszinieren W\u00f6rter, die sich von ihrem urspr\u00fcnglichen Sinngehalt l\u00e4ngst entfernt haben und trotzdem noch zu unserer t\u00e4gli\u00adchen Umgangssprache geh\u00f6ren. Handschuhfach etwa: Alles M\u00f6g\u00adliche wird heutzutage in diesem Fach aufbewahrt, aber kaum noch Handschuhe. Kotfl\u00fcgel ist auch ein solcher Begriff, entstanden zu einer Zeit, als man sich im Stra\u00dfenverkehr der Kutschen bediente und vermeiden wollte, [&hellip;]","og_url":"https:\/\/blog.zeit.de\/zeit-der-leser\/2012\/04\/25\/mein-wort-schatz-handschuhfach-kotfluegel-brieftasche\/","og_site_name":"ZEIT der Leser","article_published_time":"2012-04-25T10:00:25+00:00","article_modified_time":"2015-02-23T13:37:51+00:00","author":"\"Zeit der Leser\"-Redaktion","twitter_card":"summary_large_image","twitter_misc":{"Geschrieben von":"\"Zeit der Leser\"-Redaktion"},"schema":{"@context":"https:\/\/schema.org","@graph":[{"@type":"WebPage","@id":"https:\/\/blog.zeit.de\/zeit-der-leser\/2012\/04\/25\/mein-wort-schatz-handschuhfach-kotfluegel-brieftasche\/","url":"https:\/\/blog.zeit.de\/zeit-der-leser\/2012\/04\/25\/mein-wort-schatz-handschuhfach-kotfluegel-brieftasche\/","name":"Handschuhfach, Kotfl\u00fcgel, Brieftasche: Mein Wort-Schatz - ZEIT der Leser","isPartOf":{"@id":"https:\/\/blog.zeit.de\/zeit-der-leser\/#website"},"datePublished":"2012-04-25T10:00:25+00:00","dateModified":"2015-02-23T13:37:51+00:00","author":{"@id":"https:\/\/blog.zeit.de\/zeit-der-leser\/#\/schema\/person\/583b14e5ad6368c23af846ecbde9f20f"},"breadcrumb":{"@id":"https:\/\/blog.zeit.de\/zeit-der-leser\/2012\/04\/25\/mein-wort-schatz-handschuhfach-kotfluegel-brieftasche\/#breadcrumb"},"inLanguage":"de","potentialAction":[{"@type":"ReadAction","target":["https:\/\/blog.zeit.de\/zeit-der-leser\/2012\/04\/25\/mein-wort-schatz-handschuhfach-kotfluegel-brieftasche\/"]}]},{"@type":"BreadcrumbList","@id":"https:\/\/blog.zeit.de\/zeit-der-leser\/2012\/04\/25\/mein-wort-schatz-handschuhfach-kotfluegel-brieftasche\/#breadcrumb","itemListElement":[{"@type":"ListItem","position":1,"name":"Startseite","item":"https:\/\/blog.zeit.de\/zeit-der-leser\/"},{"@type":"ListItem","position":2,"name":"Handschuhfach, Kotfl\u00fcgel, Brieftasche: Mein Wort-Schatz"}]},{"@type":"WebSite","@id":"https:\/\/blog.zeit.de\/zeit-der-leser\/#website","url":"https:\/\/blog.zeit.de\/zeit-der-leser\/","name":"ZEIT der Leser","description":"Ein Blog mit Ihren Notizen, Gedichten und Bildern f\u00fcr die gedruckte ZEIT","potentialAction":[{"@type":"SearchAction","target":{"@type":"EntryPoint","urlTemplate":"https:\/\/blog.zeit.de\/zeit-der-leser\/?s={search_term_string}"},"query-input":"required name=search_term_string"}],"inLanguage":"de"},{"@type":"Person","@id":"https:\/\/blog.zeit.de\/zeit-der-leser\/#\/schema\/person\/583b14e5ad6368c23af846ecbde9f20f","name":"\"Zeit der Leser\"-Redaktion","image":{"@type":"ImageObject","inLanguage":"de","@id":"https:\/\/blog.zeit.de\/zeit-der-leser\/#\/schema\/person\/image\/","url":"https:\/\/secure.gravatar.com\/avatar\/e801a681bd3bbf2345131a815930b48d9f8e0a94de1346b624840dc850f67ad0?s=96&d=mm&r=g","contentUrl":"https:\/\/secure.gravatar.com\/avatar\/e801a681bd3bbf2345131a815930b48d9f8e0a94de1346b624840dc850f67ad0?s=96&d=mm&r=g","caption":"\"Zeit der Leser\"-Redaktion"},"url":"https:\/\/blog.zeit.de\/zeit-der-leser\/author\/zeit-der-leser-redaktion\/"}]}},"jetpack_featured_media_url":"","jetpack_sharing_enabled":true,"_links":{"self":[{"href":"https:\/\/blog.zeit.de\/zeit-der-leser\/wp-json\/wp\/v2\/posts\/9383","targetHints":{"allow":["GET"]}}],"collection":[{"href":"https:\/\/blog.zeit.de\/zeit-der-leser\/wp-json\/wp\/v2\/posts"}],"about":[{"href":"https:\/\/blog.zeit.de\/zeit-der-leser\/wp-json\/wp\/v2\/types\/post"}],"author":[{"embeddable":true,"href":"https:\/\/blog.zeit.de\/zeit-der-leser\/wp-json\/wp\/v2\/users\/265"}],"replies":[{"embeddable":true,"href":"https:\/\/blog.zeit.de\/zeit-der-leser\/wp-json\/wp\/v2\/comments?post=9383"}],"version-history":[{"count":5,"href":"https:\/\/blog.zeit.de\/zeit-der-leser\/wp-json\/wp\/v2\/posts\/9383\/revisions"}],"predecessor-version":[{"id":17335,"href":"https:\/\/blog.zeit.de\/zeit-der-leser\/wp-json\/wp\/v2\/posts\/9383\/revisions\/17335"}],"wp:attachment":[{"href":"https:\/\/blog.zeit.de\/zeit-der-leser\/wp-json\/wp\/v2\/media?parent=9383"}],"wp:term":[{"taxonomy":"category","embeddable":true,"href":"https:\/\/blog.zeit.de\/zeit-der-leser\/wp-json\/wp\/v2\/categories?post=9383"},{"taxonomy":"post_tag","embeddable":true,"href":"https:\/\/blog.zeit.de\/zeit-der-leser\/wp-json\/wp\/v2\/tags?post=9383"}],"curies":[{"name":"wp","href":"https:\/\/api.w.org\/{rel}","templated":true}]}}