{"id":9386,"date":"2012-04-25T18:00:25","date_gmt":"2012-04-25T16:00:25","guid":{"rendered":"http:\/\/blog.zeit.de\/zeit-der-leser\/?p=9386"},"modified":"2015-02-26T15:22:07","modified_gmt":"2015-02-26T14:22:07","slug":"mein-wort-schatz-fabulieren","status":"publish","type":"post","link":"https:\/\/blog.zeit.de\/zeit-der-leser\/2012\/04\/25\/mein-wort-schatz-fabulieren\/","title":{"rendered":"Fabulieren: Mein Wort-Schatz"},"content":{"rendered":"<p>In der kleinen franz\u00f6sischen Stadt Moulins in der Auvergne trafen wir k\u00fcrzlich auf einen veritablen Wort\u00ad-Schatz\u00ad-Sucher. Wir gingen am Abend mit ihm in der Stadt spazieren und sa\u00dfen anschlie\u00dfend noch gem\u00fctlich bei einem Tee beisammen. Es stellte sich heraus, dass er ein angehender Schriftsteller war und als solcher W\u00f6rter verschiedener Sprachen sammelte. Er fragte uns nach unseren deut\u00adschen Lieblingsw\u00f6rtern. Mir fiel sogleich <strong>fabulieren<\/strong> ein. Mit seiner herrlichen \u00dcbereinstimmung von Form und Inhalt ist es ein Lobgesang auf den Reichtum ausschweifender Texte. Mit seiner phonetischen Sanftmut deckt es einen zarten euphemistischen Schleier \u00fcber so manchen Text, der andernfalls als \u00bbGeschwafel\u00ab abgestempelt werden m\u00fcsste. Als wir von unserer Reise zur\u00fcckkamen, erhielten wir diese Nach\u00adricht aus Moulins:<br \/>\n<em>\u00bbI must say I appreciated your curiosity and your politeness, our walks and your stories. Danke for your words (fabulieren, liebkosen, scharwenzeln): one day I\u2019ll be able to use them and feel their musicality! Have a great life!\u00ab<\/em><\/p>\n<p><strong>Martin Wunderlich,<\/strong> M\u00fcnchen<\/p>\n","protected":false},"excerpt":{"rendered":"<p>In der kleinen franz\u00f6sischen Stadt Moulins in der Auvergne trafen wir k\u00fcrzlich auf einen veritablen Wort\u00ad-Schatz\u00ad-Sucher. Wir gingen am Abend mit ihm in der Stadt spazieren und sa\u00dfen anschlie\u00dfend noch gem\u00fctlich bei einem Tee beisammen. Es stellte sich heraus, dass er ein angehender Schriftsteller war und als solcher W\u00f6rter verschiedener Sprachen sammelte. Er fragte uns [&hellip;]<\/p>\n","protected":false},"author":265,"featured_media":0,"comment_status":"open","ping_status":"open","sticky":false,"template":"","format":"standard","meta":{"_jetpack_memberships_contains_paid_content":false,"footnotes":""},"categories":[5687],"tags":[],"class_list":["post-9386","post","type-post","status-publish","format-standard","hentry","category-mein-wort-schatz"],"yoast_head":"<!-- This site is optimized with the Yoast SEO plugin v21.0 - https:\/\/yoast.com\/wordpress\/plugins\/seo\/ -->\n<title>Fabulieren: Mein Wort-Schatz - ZEIT der Leser<\/title>\n<meta name=\"robots\" content=\"index, follow, max-snippet:-1, max-image-preview:large, max-video-preview:-1\" \/>\n<link rel=\"canonical\" href=\"https:\/\/blog.zeit.de\/zeit-der-leser\/2012\/04\/25\/mein-wort-schatz-fabulieren\/\" \/>\n<meta property=\"og:locale\" content=\"de_DE\" \/>\n<meta property=\"og:type\" content=\"article\" \/>\n<meta property=\"og:title\" content=\"Fabulieren: Mein Wort-Schatz - ZEIT der Leser\" \/>\n<meta property=\"og:description\" content=\"In der kleinen franz\u00f6sischen Stadt Moulins in der Auvergne trafen wir k\u00fcrzlich auf einen veritablen Wort\u00ad-Schatz\u00ad-Sucher. Wir gingen am Abend mit ihm in der Stadt spazieren und sa\u00dfen anschlie\u00dfend noch gem\u00fctlich bei einem Tee beisammen. Es stellte sich heraus, dass er ein angehender Schriftsteller war und als solcher W\u00f6rter verschiedener Sprachen sammelte. Er fragte uns [&hellip;]\" \/>\n<meta property=\"og:url\" content=\"https:\/\/blog.zeit.de\/zeit-der-leser\/2012\/04\/25\/mein-wort-schatz-fabulieren\/\" \/>\n<meta property=\"og:site_name\" content=\"ZEIT der Leser\" \/>\n<meta property=\"article:published_time\" content=\"2012-04-25T16:00:25+00:00\" \/>\n<meta property=\"article:modified_time\" content=\"2015-02-26T14:22:07+00:00\" \/>\n<meta name=\"author\" content=\"&quot;Zeit der Leser&quot;-Redaktion\" \/>\n<meta name=\"twitter:card\" content=\"summary_large_image\" \/>\n<meta name=\"twitter:label1\" content=\"Geschrieben von\" \/>\n\t<meta name=\"twitter:data1\" content=\"\"Zeit der Leser\"-Redaktion\" \/>\n\t<meta name=\"twitter:label2\" content=\"Gesch\u00e4tzte Lesezeit\" \/>\n\t<meta name=\"twitter:data2\" content=\"1\u00a0Minute\" \/>\n<script type=\"application\/ld+json\" class=\"yoast-schema-graph\">{\"@context\":\"https:\/\/schema.org\",\"@graph\":[{\"@type\":\"WebPage\",\"@id\":\"https:\/\/blog.zeit.de\/zeit-der-leser\/2012\/04\/25\/mein-wort-schatz-fabulieren\/\",\"url\":\"https:\/\/blog.zeit.de\/zeit-der-leser\/2012\/04\/25\/mein-wort-schatz-fabulieren\/\",\"name\":\"Fabulieren: Mein Wort-Schatz - ZEIT der Leser\",\"isPartOf\":{\"@id\":\"https:\/\/blog.zeit.de\/zeit-der-leser\/#website\"},\"datePublished\":\"2012-04-25T16:00:25+00:00\",\"dateModified\":\"2015-02-26T14:22:07+00:00\",\"author\":{\"@id\":\"https:\/\/blog.zeit.de\/zeit-der-leser\/#\/schema\/person\/583b14e5ad6368c23af846ecbde9f20f\"},\"breadcrumb\":{\"@id\":\"https:\/\/blog.zeit.de\/zeit-der-leser\/2012\/04\/25\/mein-wort-schatz-fabulieren\/#breadcrumb\"},\"inLanguage\":\"de\",\"potentialAction\":[{\"@type\":\"ReadAction\",\"target\":[\"https:\/\/blog.zeit.de\/zeit-der-leser\/2012\/04\/25\/mein-wort-schatz-fabulieren\/\"]}]},{\"@type\":\"BreadcrumbList\",\"@id\":\"https:\/\/blog.zeit.de\/zeit-der-leser\/2012\/04\/25\/mein-wort-schatz-fabulieren\/#breadcrumb\",\"itemListElement\":[{\"@type\":\"ListItem\",\"position\":1,\"name\":\"Startseite\",\"item\":\"https:\/\/blog.zeit.de\/zeit-der-leser\/\"},{\"@type\":\"ListItem\",\"position\":2,\"name\":\"Fabulieren: Mein Wort-Schatz\"}]},{\"@type\":\"WebSite\",\"@id\":\"https:\/\/blog.zeit.de\/zeit-der-leser\/#website\",\"url\":\"https:\/\/blog.zeit.de\/zeit-der-leser\/\",\"name\":\"ZEIT der Leser\",\"description\":\"Ein Blog mit Ihren Notizen, Gedichten und Bildern f\u00fcr die gedruckte ZEIT\",\"potentialAction\":[{\"@type\":\"SearchAction\",\"target\":{\"@type\":\"EntryPoint\",\"urlTemplate\":\"https:\/\/blog.zeit.de\/zeit-der-leser\/?s={search_term_string}\"},\"query-input\":\"required name=search_term_string\"}],\"inLanguage\":\"de\"},{\"@type\":\"Person\",\"@id\":\"https:\/\/blog.zeit.de\/zeit-der-leser\/#\/schema\/person\/583b14e5ad6368c23af846ecbde9f20f\",\"name\":\"\\\"Zeit der Leser\\\"-Redaktion\",\"image\":{\"@type\":\"ImageObject\",\"inLanguage\":\"de\",\"@id\":\"https:\/\/blog.zeit.de\/zeit-der-leser\/#\/schema\/person\/image\/\",\"url\":\"https:\/\/secure.gravatar.com\/avatar\/e801a681bd3bbf2345131a815930b48d9f8e0a94de1346b624840dc850f67ad0?s=96&d=mm&r=g\",\"contentUrl\":\"https:\/\/secure.gravatar.com\/avatar\/e801a681bd3bbf2345131a815930b48d9f8e0a94de1346b624840dc850f67ad0?s=96&d=mm&r=g\",\"caption\":\"\\\"Zeit der Leser\\\"-Redaktion\"},\"url\":\"https:\/\/blog.zeit.de\/zeit-der-leser\/author\/zeit-der-leser-redaktion\/\"}]}<\/script>\n<!-- \/ Yoast SEO plugin. -->","yoast_head_json":{"title":"Fabulieren: Mein Wort-Schatz - ZEIT der Leser","robots":{"index":"index","follow":"follow","max-snippet":"max-snippet:-1","max-image-preview":"max-image-preview:large","max-video-preview":"max-video-preview:-1"},"canonical":"https:\/\/blog.zeit.de\/zeit-der-leser\/2012\/04\/25\/mein-wort-schatz-fabulieren\/","og_locale":"de_DE","og_type":"article","og_title":"Fabulieren: Mein Wort-Schatz - ZEIT der Leser","og_description":"In der kleinen franz\u00f6sischen Stadt Moulins in der Auvergne trafen wir k\u00fcrzlich auf einen veritablen Wort\u00ad-Schatz\u00ad-Sucher. Wir gingen am Abend mit ihm in der Stadt spazieren und sa\u00dfen anschlie\u00dfend noch gem\u00fctlich bei einem Tee beisammen. Es stellte sich heraus, dass er ein angehender Schriftsteller war und als solcher W\u00f6rter verschiedener Sprachen sammelte. Er fragte uns [&hellip;]","og_url":"https:\/\/blog.zeit.de\/zeit-der-leser\/2012\/04\/25\/mein-wort-schatz-fabulieren\/","og_site_name":"ZEIT der Leser","article_published_time":"2012-04-25T16:00:25+00:00","article_modified_time":"2015-02-26T14:22:07+00:00","author":"\"Zeit der Leser\"-Redaktion","twitter_card":"summary_large_image","twitter_misc":{"Geschrieben von":"\"Zeit der Leser\"-Redaktion","Gesch\u00e4tzte Lesezeit":"1\u00a0Minute"},"schema":{"@context":"https:\/\/schema.org","@graph":[{"@type":"WebPage","@id":"https:\/\/blog.zeit.de\/zeit-der-leser\/2012\/04\/25\/mein-wort-schatz-fabulieren\/","url":"https:\/\/blog.zeit.de\/zeit-der-leser\/2012\/04\/25\/mein-wort-schatz-fabulieren\/","name":"Fabulieren: Mein Wort-Schatz - ZEIT der Leser","isPartOf":{"@id":"https:\/\/blog.zeit.de\/zeit-der-leser\/#website"},"datePublished":"2012-04-25T16:00:25+00:00","dateModified":"2015-02-26T14:22:07+00:00","author":{"@id":"https:\/\/blog.zeit.de\/zeit-der-leser\/#\/schema\/person\/583b14e5ad6368c23af846ecbde9f20f"},"breadcrumb":{"@id":"https:\/\/blog.zeit.de\/zeit-der-leser\/2012\/04\/25\/mein-wort-schatz-fabulieren\/#breadcrumb"},"inLanguage":"de","potentialAction":[{"@type":"ReadAction","target":["https:\/\/blog.zeit.de\/zeit-der-leser\/2012\/04\/25\/mein-wort-schatz-fabulieren\/"]}]},{"@type":"BreadcrumbList","@id":"https:\/\/blog.zeit.de\/zeit-der-leser\/2012\/04\/25\/mein-wort-schatz-fabulieren\/#breadcrumb","itemListElement":[{"@type":"ListItem","position":1,"name":"Startseite","item":"https:\/\/blog.zeit.de\/zeit-der-leser\/"},{"@type":"ListItem","position":2,"name":"Fabulieren: Mein Wort-Schatz"}]},{"@type":"WebSite","@id":"https:\/\/blog.zeit.de\/zeit-der-leser\/#website","url":"https:\/\/blog.zeit.de\/zeit-der-leser\/","name":"ZEIT der Leser","description":"Ein Blog mit Ihren Notizen, Gedichten und Bildern f\u00fcr die gedruckte ZEIT","potentialAction":[{"@type":"SearchAction","target":{"@type":"EntryPoint","urlTemplate":"https:\/\/blog.zeit.de\/zeit-der-leser\/?s={search_term_string}"},"query-input":"required name=search_term_string"}],"inLanguage":"de"},{"@type":"Person","@id":"https:\/\/blog.zeit.de\/zeit-der-leser\/#\/schema\/person\/583b14e5ad6368c23af846ecbde9f20f","name":"\"Zeit der Leser\"-Redaktion","image":{"@type":"ImageObject","inLanguage":"de","@id":"https:\/\/blog.zeit.de\/zeit-der-leser\/#\/schema\/person\/image\/","url":"https:\/\/secure.gravatar.com\/avatar\/e801a681bd3bbf2345131a815930b48d9f8e0a94de1346b624840dc850f67ad0?s=96&d=mm&r=g","contentUrl":"https:\/\/secure.gravatar.com\/avatar\/e801a681bd3bbf2345131a815930b48d9f8e0a94de1346b624840dc850f67ad0?s=96&d=mm&r=g","caption":"\"Zeit der Leser\"-Redaktion"},"url":"https:\/\/blog.zeit.de\/zeit-der-leser\/author\/zeit-der-leser-redaktion\/"}]}},"jetpack_featured_media_url":"","jetpack_sharing_enabled":true,"_links":{"self":[{"href":"https:\/\/blog.zeit.de\/zeit-der-leser\/wp-json\/wp\/v2\/posts\/9386","targetHints":{"allow":["GET"]}}],"collection":[{"href":"https:\/\/blog.zeit.de\/zeit-der-leser\/wp-json\/wp\/v2\/posts"}],"about":[{"href":"https:\/\/blog.zeit.de\/zeit-der-leser\/wp-json\/wp\/v2\/types\/post"}],"author":[{"embeddable":true,"href":"https:\/\/blog.zeit.de\/zeit-der-leser\/wp-json\/wp\/v2\/users\/265"}],"replies":[{"embeddable":true,"href":"https:\/\/blog.zeit.de\/zeit-der-leser\/wp-json\/wp\/v2\/comments?post=9386"}],"version-history":[{"count":5,"href":"https:\/\/blog.zeit.de\/zeit-der-leser\/wp-json\/wp\/v2\/posts\/9386\/revisions"}],"predecessor-version":[{"id":19908,"href":"https:\/\/blog.zeit.de\/zeit-der-leser\/wp-json\/wp\/v2\/posts\/9386\/revisions\/19908"}],"wp:attachment":[{"href":"https:\/\/blog.zeit.de\/zeit-der-leser\/wp-json\/wp\/v2\/media?parent=9386"}],"wp:term":[{"taxonomy":"category","embeddable":true,"href":"https:\/\/blog.zeit.de\/zeit-der-leser\/wp-json\/wp\/v2\/categories?post=9386"},{"taxonomy":"post_tag","embeddable":true,"href":"https:\/\/blog.zeit.de\/zeit-der-leser\/wp-json\/wp\/v2\/tags?post=9386"}],"curies":[{"name":"wp","href":"https:\/\/api.w.org\/{rel}","templated":true}]}}