{"id":939,"date":"2010-05-18T19:59:45","date_gmt":"2010-05-18T17:59:45","guid":{"rendered":"http:\/\/blog.zeit.de\/zeit-der-leser\/?p=939"},"modified":"2010-05-18T19:59:45","modified_gmt":"2010-05-18T17:59:45","slug":"lieblingsbuch-der-tonsch","status":"publish","type":"post","link":"https:\/\/blog.zeit.de\/zeit-der-leser\/2010\/05\/18\/lieblingsbuch-der-tonsch\/","title":{"rendered":"Lieblingsbuch: Der Tonsch"},"content":{"rendered":"<p>Eine Geschichte, die das Herz erw\u00e4rmt: das ber\u00fchrende Schicksal von Anton, genannt Tontsch. Aber ein Lehrer, der Schu\u0308ler in einen Schrank sperrt? Das ist das mittelschwere Ungl\u00fcck in dieser liebenswerten Mutter-Kind-Geschichte von Brigitte J\u00fcnger. <\/p>\n<p>Die Mutter f\u00e4hrt ein rasantes rotes Motorrad und hat lange rote Locken. Aber diese Locken verstecken die gro\u00dfe Operationsnarbe der Mama, und deshalb konnte Anton lange Zeit nicht bei ihr leben. Aber jetzt geht das Zusammenleben wieder, und Anton ist gl\u00fccklich. Nur die neue Schule mag er nicht: ein verst\u00e4ndnisloser Lehrer, gedankenlose Mitsch\u00fcler. Doch beim gro\u00dfen Kirschkernwettspucken im Klassenzimmer ist Anton der Beste. Genau bei seinem gro\u00dfen Triumph erwischt der Lehrer ihn und sperrt ihn in den Klassenzimmerschrank. Aber auch das ruckelt sich zurecht, denn die Mama kommt hinter diese erbarmungslose Strafma\u00dfnahme. Und wir k\u00f6nnen aufatmen! <\/p>\n<p><em>Eva Maria Sch\u00e4fer, Northeim <\/em><br \/>\n<em>Der Tontsch ist im Jungbrunnen Verlag erschienen<\/em><\/p>\n","protected":false},"excerpt":{"rendered":"<p>Eine Geschichte, die das Herz erw\u00e4rmt: das ber\u00fchrende Schicksal von Anton, genannt Tontsch. Aber ein Lehrer, der Schu\u0308ler in einen Schrank sperrt? Das ist das mittelschwere Ungl\u00fcck in dieser liebenswerten Mutter-Kind-Geschichte von Brigitte J\u00fcnger. Die Mutter f\u00e4hrt ein rasantes rotes Motorrad und hat lange rote Locken. Aber diese Locken verstecken die gro\u00dfe Operationsnarbe der Mama, [&hellip;]<\/p>\n","protected":false},"author":264,"featured_media":0,"comment_status":"open","ping_status":"open","sticky":false,"template":"","format":"standard","meta":{"_jetpack_memberships_contains_paid_content":false,"footnotes":""},"categories":[1871],"tags":[],"class_list":["post-939","post","type-post","status-publish","format-standard","hentry","category-was-mein-leben-reicher-macht"],"yoast_head":"<!-- This site is optimized with the Yoast SEO plugin v21.0 - https:\/\/yoast.com\/wordpress\/plugins\/seo\/ -->\n<title>Lieblingsbuch: Der Tonsch - ZEIT der Leser<\/title>\n<meta name=\"robots\" content=\"index, follow, max-snippet:-1, max-image-preview:large, max-video-preview:-1\" \/>\n<link rel=\"canonical\" href=\"https:\/\/blog.zeit.de\/zeit-der-leser\/2010\/05\/18\/lieblingsbuch-der-tonsch\/\" \/>\n<meta property=\"og:locale\" content=\"de_DE\" \/>\n<meta property=\"og:type\" content=\"article\" \/>\n<meta property=\"og:title\" content=\"Lieblingsbuch: Der Tonsch - ZEIT der Leser\" \/>\n<meta property=\"og:description\" content=\"Eine Geschichte, die das Herz erw\u00e4rmt: das ber\u00fchrende Schicksal von Anton, genannt Tontsch. Aber ein Lehrer, der Schu\u0308ler in einen Schrank sperrt? Das ist das mittelschwere Ungl\u00fcck in dieser liebenswerten Mutter-Kind-Geschichte von Brigitte J\u00fcnger. Die Mutter f\u00e4hrt ein rasantes rotes Motorrad und hat lange rote Locken. Aber diese Locken verstecken die gro\u00dfe Operationsnarbe der Mama, [&hellip;]\" \/>\n<meta property=\"og:url\" content=\"https:\/\/blog.zeit.de\/zeit-der-leser\/2010\/05\/18\/lieblingsbuch-der-tonsch\/\" \/>\n<meta property=\"og:site_name\" content=\"ZEIT der Leser\" \/>\n<meta property=\"article:published_time\" content=\"2010-05-18T17:59:45+00:00\" \/>\n<meta name=\"author\" content=\"Zeit der Leser\" \/>\n<meta name=\"twitter:card\" content=\"summary_large_image\" \/>\n<meta name=\"twitter:label1\" content=\"Geschrieben von\" \/>\n\t<meta name=\"twitter:data1\" content=\"Zeit der Leser\" \/>\n\t<meta name=\"twitter:label2\" content=\"Gesch\u00e4tzte Lesezeit\" \/>\n\t<meta name=\"twitter:data2\" content=\"1\u00a0Minute\" \/>\n<script type=\"application\/ld+json\" class=\"yoast-schema-graph\">{\"@context\":\"https:\/\/schema.org\",\"@graph\":[{\"@type\":\"WebPage\",\"@id\":\"https:\/\/blog.zeit.de\/zeit-der-leser\/2010\/05\/18\/lieblingsbuch-der-tonsch\/\",\"url\":\"https:\/\/blog.zeit.de\/zeit-der-leser\/2010\/05\/18\/lieblingsbuch-der-tonsch\/\",\"name\":\"Lieblingsbuch: Der Tonsch - ZEIT der Leser\",\"isPartOf\":{\"@id\":\"https:\/\/blog.zeit.de\/zeit-der-leser\/#website\"},\"datePublished\":\"2010-05-18T17:59:45+00:00\",\"dateModified\":\"2010-05-18T17:59:45+00:00\",\"author\":{\"@id\":\"https:\/\/blog.zeit.de\/zeit-der-leser\/#\/schema\/person\/e248c7ff5a10552f6a3bd5e9385b3667\"},\"breadcrumb\":{\"@id\":\"https:\/\/blog.zeit.de\/zeit-der-leser\/2010\/05\/18\/lieblingsbuch-der-tonsch\/#breadcrumb\"},\"inLanguage\":\"de\",\"potentialAction\":[{\"@type\":\"ReadAction\",\"target\":[\"https:\/\/blog.zeit.de\/zeit-der-leser\/2010\/05\/18\/lieblingsbuch-der-tonsch\/\"]}]},{\"@type\":\"BreadcrumbList\",\"@id\":\"https:\/\/blog.zeit.de\/zeit-der-leser\/2010\/05\/18\/lieblingsbuch-der-tonsch\/#breadcrumb\",\"itemListElement\":[{\"@type\":\"ListItem\",\"position\":1,\"name\":\"Startseite\",\"item\":\"https:\/\/blog.zeit.de\/zeit-der-leser\/\"},{\"@type\":\"ListItem\",\"position\":2,\"name\":\"Lieblingsbuch: Der Tonsch\"}]},{\"@type\":\"WebSite\",\"@id\":\"https:\/\/blog.zeit.de\/zeit-der-leser\/#website\",\"url\":\"https:\/\/blog.zeit.de\/zeit-der-leser\/\",\"name\":\"ZEIT der Leser\",\"description\":\"Ein Blog mit Ihren Notizen, Gedichten und Bildern f\u00fcr die gedruckte ZEIT\",\"potentialAction\":[{\"@type\":\"SearchAction\",\"target\":{\"@type\":\"EntryPoint\",\"urlTemplate\":\"https:\/\/blog.zeit.de\/zeit-der-leser\/?s={search_term_string}\"},\"query-input\":\"required name=search_term_string\"}],\"inLanguage\":\"de\"},{\"@type\":\"Person\",\"@id\":\"https:\/\/blog.zeit.de\/zeit-der-leser\/#\/schema\/person\/e248c7ff5a10552f6a3bd5e9385b3667\",\"name\":\"Zeit der Leser\",\"image\":{\"@type\":\"ImageObject\",\"inLanguage\":\"de\",\"@id\":\"https:\/\/blog.zeit.de\/zeit-der-leser\/#\/schema\/person\/image\/\",\"url\":\"https:\/\/secure.gravatar.com\/avatar\/529bb2731085995bda6c8ba0e4da7e528ea8be4e6c7abdd217f176e2309035f6?s=96&d=mm&r=g\",\"contentUrl\":\"https:\/\/secure.gravatar.com\/avatar\/529bb2731085995bda6c8ba0e4da7e528ea8be4e6c7abdd217f176e2309035f6?s=96&d=mm&r=g\",\"caption\":\"Zeit der Leser\"},\"url\":\"https:\/\/blog.zeit.de\/zeit-der-leser\/author\/zeit-der-leser\/\"}]}<\/script>\n<!-- \/ Yoast SEO plugin. -->","yoast_head_json":{"title":"Lieblingsbuch: Der Tonsch - ZEIT der Leser","robots":{"index":"index","follow":"follow","max-snippet":"max-snippet:-1","max-image-preview":"max-image-preview:large","max-video-preview":"max-video-preview:-1"},"canonical":"https:\/\/blog.zeit.de\/zeit-der-leser\/2010\/05\/18\/lieblingsbuch-der-tonsch\/","og_locale":"de_DE","og_type":"article","og_title":"Lieblingsbuch: Der Tonsch - ZEIT der Leser","og_description":"Eine Geschichte, die das Herz erw\u00e4rmt: das ber\u00fchrende Schicksal von Anton, genannt Tontsch. Aber ein Lehrer, der Schu\u0308ler in einen Schrank sperrt? Das ist das mittelschwere Ungl\u00fcck in dieser liebenswerten Mutter-Kind-Geschichte von Brigitte J\u00fcnger. Die Mutter f\u00e4hrt ein rasantes rotes Motorrad und hat lange rote Locken. Aber diese Locken verstecken die gro\u00dfe Operationsnarbe der Mama, [&hellip;]","og_url":"https:\/\/blog.zeit.de\/zeit-der-leser\/2010\/05\/18\/lieblingsbuch-der-tonsch\/","og_site_name":"ZEIT der Leser","article_published_time":"2010-05-18T17:59:45+00:00","author":"Zeit der Leser","twitter_card":"summary_large_image","twitter_misc":{"Geschrieben von":"Zeit der Leser","Gesch\u00e4tzte Lesezeit":"1\u00a0Minute"},"schema":{"@context":"https:\/\/schema.org","@graph":[{"@type":"WebPage","@id":"https:\/\/blog.zeit.de\/zeit-der-leser\/2010\/05\/18\/lieblingsbuch-der-tonsch\/","url":"https:\/\/blog.zeit.de\/zeit-der-leser\/2010\/05\/18\/lieblingsbuch-der-tonsch\/","name":"Lieblingsbuch: Der Tonsch - ZEIT der Leser","isPartOf":{"@id":"https:\/\/blog.zeit.de\/zeit-der-leser\/#website"},"datePublished":"2010-05-18T17:59:45+00:00","dateModified":"2010-05-18T17:59:45+00:00","author":{"@id":"https:\/\/blog.zeit.de\/zeit-der-leser\/#\/schema\/person\/e248c7ff5a10552f6a3bd5e9385b3667"},"breadcrumb":{"@id":"https:\/\/blog.zeit.de\/zeit-der-leser\/2010\/05\/18\/lieblingsbuch-der-tonsch\/#breadcrumb"},"inLanguage":"de","potentialAction":[{"@type":"ReadAction","target":["https:\/\/blog.zeit.de\/zeit-der-leser\/2010\/05\/18\/lieblingsbuch-der-tonsch\/"]}]},{"@type":"BreadcrumbList","@id":"https:\/\/blog.zeit.de\/zeit-der-leser\/2010\/05\/18\/lieblingsbuch-der-tonsch\/#breadcrumb","itemListElement":[{"@type":"ListItem","position":1,"name":"Startseite","item":"https:\/\/blog.zeit.de\/zeit-der-leser\/"},{"@type":"ListItem","position":2,"name":"Lieblingsbuch: Der Tonsch"}]},{"@type":"WebSite","@id":"https:\/\/blog.zeit.de\/zeit-der-leser\/#website","url":"https:\/\/blog.zeit.de\/zeit-der-leser\/","name":"ZEIT der Leser","description":"Ein Blog mit Ihren Notizen, Gedichten und Bildern f\u00fcr die gedruckte ZEIT","potentialAction":[{"@type":"SearchAction","target":{"@type":"EntryPoint","urlTemplate":"https:\/\/blog.zeit.de\/zeit-der-leser\/?s={search_term_string}"},"query-input":"required name=search_term_string"}],"inLanguage":"de"},{"@type":"Person","@id":"https:\/\/blog.zeit.de\/zeit-der-leser\/#\/schema\/person\/e248c7ff5a10552f6a3bd5e9385b3667","name":"Zeit der Leser","image":{"@type":"ImageObject","inLanguage":"de","@id":"https:\/\/blog.zeit.de\/zeit-der-leser\/#\/schema\/person\/image\/","url":"https:\/\/secure.gravatar.com\/avatar\/529bb2731085995bda6c8ba0e4da7e528ea8be4e6c7abdd217f176e2309035f6?s=96&d=mm&r=g","contentUrl":"https:\/\/secure.gravatar.com\/avatar\/529bb2731085995bda6c8ba0e4da7e528ea8be4e6c7abdd217f176e2309035f6?s=96&d=mm&r=g","caption":"Zeit der Leser"},"url":"https:\/\/blog.zeit.de\/zeit-der-leser\/author\/zeit-der-leser\/"}]}},"jetpack_featured_media_url":"","jetpack_sharing_enabled":true,"_links":{"self":[{"href":"https:\/\/blog.zeit.de\/zeit-der-leser\/wp-json\/wp\/v2\/posts\/939","targetHints":{"allow":["GET"]}}],"collection":[{"href":"https:\/\/blog.zeit.de\/zeit-der-leser\/wp-json\/wp\/v2\/posts"}],"about":[{"href":"https:\/\/blog.zeit.de\/zeit-der-leser\/wp-json\/wp\/v2\/types\/post"}],"author":[{"embeddable":true,"href":"https:\/\/blog.zeit.de\/zeit-der-leser\/wp-json\/wp\/v2\/users\/264"}],"replies":[{"embeddable":true,"href":"https:\/\/blog.zeit.de\/zeit-der-leser\/wp-json\/wp\/v2\/comments?post=939"}],"version-history":[{"count":0,"href":"https:\/\/blog.zeit.de\/zeit-der-leser\/wp-json\/wp\/v2\/posts\/939\/revisions"}],"wp:attachment":[{"href":"https:\/\/blog.zeit.de\/zeit-der-leser\/wp-json\/wp\/v2\/media?parent=939"}],"wp:term":[{"taxonomy":"category","embeddable":true,"href":"https:\/\/blog.zeit.de\/zeit-der-leser\/wp-json\/wp\/v2\/categories?post=939"},{"taxonomy":"post_tag","embeddable":true,"href":"https:\/\/blog.zeit.de\/zeit-der-leser\/wp-json\/wp\/v2\/tags?post=939"}],"curies":[{"name":"wp","href":"https:\/\/api.w.org\/{rel}","templated":true}]}}