{"id":949,"date":"2010-05-10T16:41:32","date_gmt":"2010-05-10T14:41:32","guid":{"rendered":"http:\/\/blog.zeit.de\/zeit-der-leser\/?p=949"},"modified":"2010-05-10T16:41:44","modified_gmt":"2010-05-10T14:41:44","slug":"ohne-punkt-und-komma","status":"publish","type":"post","link":"https:\/\/blog.zeit.de\/zeit-der-leser\/2010\/05\/10\/ohne-punkt-und-komma\/","title":{"rendered":"Ohne Punkt und Komma"},"content":{"rendered":"<p>Man huldige dem Thomas Bernhard aus \u00d6sterreich, dem tollsten aller L\u00e4nder. Von diesem Bernhard, da hat ein Buch gerade 80 Seiten und kommt aus ohne Punkt und ohne Komma. Bis der Vorhang f\u00e4llt, bei diesem Bernhard, Text, doch weder Punkt noch Komma.<\/p>\n<p><em>Alexander Fischer, M\u00fcnchen<br \/>\nDie B\u00fccher Thomas Bernhards sind bei Suhrkamp erschienen<\/em><\/p>\n","protected":false},"excerpt":{"rendered":"<p>Man huldige dem Thomas Bernhard aus \u00d6sterreich, dem tollsten aller L\u00e4nder. Von diesem Bernhard, da hat ein Buch gerade 80 Seiten und kommt aus ohne Punkt und ohne Komma. Bis der Vorhang f\u00e4llt, bei diesem Bernhard, Text, doch weder Punkt noch Komma. Alexander Fischer, M\u00fcnchen Die B\u00fccher Thomas Bernhards sind bei Suhrkamp erschienen<\/p>\n","protected":false},"author":264,"featured_media":0,"comment_status":"open","ping_status":"open","sticky":false,"template":"","format":"standard","meta":{"_jetpack_memberships_contains_paid_content":false,"footnotes":""},"categories":[1871],"tags":[],"class_list":["post-949","post","type-post","status-publish","format-standard","hentry","category-was-mein-leben-reicher-macht"],"yoast_head":"<!-- This site is optimized with the Yoast SEO plugin v21.0 - https:\/\/yoast.com\/wordpress\/plugins\/seo\/ -->\n<title>Ohne Punkt und Komma - ZEIT der Leser<\/title>\n<meta name=\"robots\" content=\"index, follow, max-snippet:-1, max-image-preview:large, max-video-preview:-1\" \/>\n<link rel=\"canonical\" href=\"https:\/\/blog.zeit.de\/zeit-der-leser\/2010\/05\/10\/ohne-punkt-und-komma\/\" \/>\n<meta property=\"og:locale\" content=\"de_DE\" \/>\n<meta property=\"og:type\" content=\"article\" \/>\n<meta property=\"og:title\" content=\"Ohne Punkt und Komma - ZEIT der Leser\" \/>\n<meta property=\"og:description\" content=\"Man huldige dem Thomas Bernhard aus \u00d6sterreich, dem tollsten aller L\u00e4nder. Von diesem Bernhard, da hat ein Buch gerade 80 Seiten und kommt aus ohne Punkt und ohne Komma. Bis der Vorhang f\u00e4llt, bei diesem Bernhard, Text, doch weder Punkt noch Komma. Alexander Fischer, M\u00fcnchen Die B\u00fccher Thomas Bernhards sind bei Suhrkamp erschienen\" \/>\n<meta property=\"og:url\" content=\"https:\/\/blog.zeit.de\/zeit-der-leser\/2010\/05\/10\/ohne-punkt-und-komma\/\" \/>\n<meta property=\"og:site_name\" content=\"ZEIT der Leser\" \/>\n<meta property=\"article:published_time\" content=\"2010-05-10T14:41:32+00:00\" \/>\n<meta property=\"article:modified_time\" content=\"2010-05-10T14:41:44+00:00\" \/>\n<meta name=\"author\" content=\"Zeit der Leser\" \/>\n<meta name=\"twitter:card\" content=\"summary_large_image\" \/>\n<meta name=\"twitter:label1\" content=\"Geschrieben von\" \/>\n\t<meta name=\"twitter:data1\" content=\"Zeit der Leser\" \/>\n<script type=\"application\/ld+json\" class=\"yoast-schema-graph\">{\"@context\":\"https:\/\/schema.org\",\"@graph\":[{\"@type\":\"WebPage\",\"@id\":\"https:\/\/blog.zeit.de\/zeit-der-leser\/2010\/05\/10\/ohne-punkt-und-komma\/\",\"url\":\"https:\/\/blog.zeit.de\/zeit-der-leser\/2010\/05\/10\/ohne-punkt-und-komma\/\",\"name\":\"Ohne Punkt und Komma - ZEIT der Leser\",\"isPartOf\":{\"@id\":\"https:\/\/blog.zeit.de\/zeit-der-leser\/#website\"},\"datePublished\":\"2010-05-10T14:41:32+00:00\",\"dateModified\":\"2010-05-10T14:41:44+00:00\",\"author\":{\"@id\":\"https:\/\/blog.zeit.de\/zeit-der-leser\/#\/schema\/person\/e248c7ff5a10552f6a3bd5e9385b3667\"},\"breadcrumb\":{\"@id\":\"https:\/\/blog.zeit.de\/zeit-der-leser\/2010\/05\/10\/ohne-punkt-und-komma\/#breadcrumb\"},\"inLanguage\":\"de\",\"potentialAction\":[{\"@type\":\"ReadAction\",\"target\":[\"https:\/\/blog.zeit.de\/zeit-der-leser\/2010\/05\/10\/ohne-punkt-und-komma\/\"]}]},{\"@type\":\"BreadcrumbList\",\"@id\":\"https:\/\/blog.zeit.de\/zeit-der-leser\/2010\/05\/10\/ohne-punkt-und-komma\/#breadcrumb\",\"itemListElement\":[{\"@type\":\"ListItem\",\"position\":1,\"name\":\"Startseite\",\"item\":\"https:\/\/blog.zeit.de\/zeit-der-leser\/\"},{\"@type\":\"ListItem\",\"position\":2,\"name\":\"Ohne Punkt und Komma\"}]},{\"@type\":\"WebSite\",\"@id\":\"https:\/\/blog.zeit.de\/zeit-der-leser\/#website\",\"url\":\"https:\/\/blog.zeit.de\/zeit-der-leser\/\",\"name\":\"ZEIT der Leser\",\"description\":\"Ein Blog mit Ihren Notizen, Gedichten und Bildern f\u00fcr die gedruckte ZEIT\",\"potentialAction\":[{\"@type\":\"SearchAction\",\"target\":{\"@type\":\"EntryPoint\",\"urlTemplate\":\"https:\/\/blog.zeit.de\/zeit-der-leser\/?s={search_term_string}\"},\"query-input\":\"required name=search_term_string\"}],\"inLanguage\":\"de\"},{\"@type\":\"Person\",\"@id\":\"https:\/\/blog.zeit.de\/zeit-der-leser\/#\/schema\/person\/e248c7ff5a10552f6a3bd5e9385b3667\",\"name\":\"Zeit der Leser\",\"image\":{\"@type\":\"ImageObject\",\"inLanguage\":\"de\",\"@id\":\"https:\/\/blog.zeit.de\/zeit-der-leser\/#\/schema\/person\/image\/\",\"url\":\"https:\/\/secure.gravatar.com\/avatar\/529bb2731085995bda6c8ba0e4da7e528ea8be4e6c7abdd217f176e2309035f6?s=96&d=mm&r=g\",\"contentUrl\":\"https:\/\/secure.gravatar.com\/avatar\/529bb2731085995bda6c8ba0e4da7e528ea8be4e6c7abdd217f176e2309035f6?s=96&d=mm&r=g\",\"caption\":\"Zeit der Leser\"},\"url\":\"https:\/\/blog.zeit.de\/zeit-der-leser\/author\/zeit-der-leser\/\"}]}<\/script>\n<!-- \/ Yoast SEO plugin. -->","yoast_head_json":{"title":"Ohne Punkt und Komma - ZEIT der Leser","robots":{"index":"index","follow":"follow","max-snippet":"max-snippet:-1","max-image-preview":"max-image-preview:large","max-video-preview":"max-video-preview:-1"},"canonical":"https:\/\/blog.zeit.de\/zeit-der-leser\/2010\/05\/10\/ohne-punkt-und-komma\/","og_locale":"de_DE","og_type":"article","og_title":"Ohne Punkt und Komma - ZEIT der Leser","og_description":"Man huldige dem Thomas Bernhard aus \u00d6sterreich, dem tollsten aller L\u00e4nder. Von diesem Bernhard, da hat ein Buch gerade 80 Seiten und kommt aus ohne Punkt und ohne Komma. Bis der Vorhang f\u00e4llt, bei diesem Bernhard, Text, doch weder Punkt noch Komma. Alexander Fischer, M\u00fcnchen Die B\u00fccher Thomas Bernhards sind bei Suhrkamp erschienen","og_url":"https:\/\/blog.zeit.de\/zeit-der-leser\/2010\/05\/10\/ohne-punkt-und-komma\/","og_site_name":"ZEIT der Leser","article_published_time":"2010-05-10T14:41:32+00:00","article_modified_time":"2010-05-10T14:41:44+00:00","author":"Zeit der Leser","twitter_card":"summary_large_image","twitter_misc":{"Geschrieben von":"Zeit der Leser"},"schema":{"@context":"https:\/\/schema.org","@graph":[{"@type":"WebPage","@id":"https:\/\/blog.zeit.de\/zeit-der-leser\/2010\/05\/10\/ohne-punkt-und-komma\/","url":"https:\/\/blog.zeit.de\/zeit-der-leser\/2010\/05\/10\/ohne-punkt-und-komma\/","name":"Ohne Punkt und Komma - ZEIT der Leser","isPartOf":{"@id":"https:\/\/blog.zeit.de\/zeit-der-leser\/#website"},"datePublished":"2010-05-10T14:41:32+00:00","dateModified":"2010-05-10T14:41:44+00:00","author":{"@id":"https:\/\/blog.zeit.de\/zeit-der-leser\/#\/schema\/person\/e248c7ff5a10552f6a3bd5e9385b3667"},"breadcrumb":{"@id":"https:\/\/blog.zeit.de\/zeit-der-leser\/2010\/05\/10\/ohne-punkt-und-komma\/#breadcrumb"},"inLanguage":"de","potentialAction":[{"@type":"ReadAction","target":["https:\/\/blog.zeit.de\/zeit-der-leser\/2010\/05\/10\/ohne-punkt-und-komma\/"]}]},{"@type":"BreadcrumbList","@id":"https:\/\/blog.zeit.de\/zeit-der-leser\/2010\/05\/10\/ohne-punkt-und-komma\/#breadcrumb","itemListElement":[{"@type":"ListItem","position":1,"name":"Startseite","item":"https:\/\/blog.zeit.de\/zeit-der-leser\/"},{"@type":"ListItem","position":2,"name":"Ohne Punkt und Komma"}]},{"@type":"WebSite","@id":"https:\/\/blog.zeit.de\/zeit-der-leser\/#website","url":"https:\/\/blog.zeit.de\/zeit-der-leser\/","name":"ZEIT der Leser","description":"Ein Blog mit Ihren Notizen, Gedichten und Bildern f\u00fcr die gedruckte ZEIT","potentialAction":[{"@type":"SearchAction","target":{"@type":"EntryPoint","urlTemplate":"https:\/\/blog.zeit.de\/zeit-der-leser\/?s={search_term_string}"},"query-input":"required name=search_term_string"}],"inLanguage":"de"},{"@type":"Person","@id":"https:\/\/blog.zeit.de\/zeit-der-leser\/#\/schema\/person\/e248c7ff5a10552f6a3bd5e9385b3667","name":"Zeit der Leser","image":{"@type":"ImageObject","inLanguage":"de","@id":"https:\/\/blog.zeit.de\/zeit-der-leser\/#\/schema\/person\/image\/","url":"https:\/\/secure.gravatar.com\/avatar\/529bb2731085995bda6c8ba0e4da7e528ea8be4e6c7abdd217f176e2309035f6?s=96&d=mm&r=g","contentUrl":"https:\/\/secure.gravatar.com\/avatar\/529bb2731085995bda6c8ba0e4da7e528ea8be4e6c7abdd217f176e2309035f6?s=96&d=mm&r=g","caption":"Zeit der Leser"},"url":"https:\/\/blog.zeit.de\/zeit-der-leser\/author\/zeit-der-leser\/"}]}},"jetpack_featured_media_url":"","jetpack_sharing_enabled":true,"_links":{"self":[{"href":"https:\/\/blog.zeit.de\/zeit-der-leser\/wp-json\/wp\/v2\/posts\/949","targetHints":{"allow":["GET"]}}],"collection":[{"href":"https:\/\/blog.zeit.de\/zeit-der-leser\/wp-json\/wp\/v2\/posts"}],"about":[{"href":"https:\/\/blog.zeit.de\/zeit-der-leser\/wp-json\/wp\/v2\/types\/post"}],"author":[{"embeddable":true,"href":"https:\/\/blog.zeit.de\/zeit-der-leser\/wp-json\/wp\/v2\/users\/264"}],"replies":[{"embeddable":true,"href":"https:\/\/blog.zeit.de\/zeit-der-leser\/wp-json\/wp\/v2\/comments?post=949"}],"version-history":[{"count":0,"href":"https:\/\/blog.zeit.de\/zeit-der-leser\/wp-json\/wp\/v2\/posts\/949\/revisions"}],"wp:attachment":[{"href":"https:\/\/blog.zeit.de\/zeit-der-leser\/wp-json\/wp\/v2\/media?parent=949"}],"wp:term":[{"taxonomy":"category","embeddable":true,"href":"https:\/\/blog.zeit.de\/zeit-der-leser\/wp-json\/wp\/v2\/categories?post=949"},{"taxonomy":"post_tag","embeddable":true,"href":"https:\/\/blog.zeit.de\/zeit-der-leser\/wp-json\/wp\/v2\/tags?post=949"}],"curies":[{"name":"wp","href":"https:\/\/api.w.org\/{rel}","templated":true}]}}